{"id":103,"date":"2026-03-05T14:33:01","date_gmt":"2026-03-05T12:33:01","guid":{"rendered":"\/alzina2026\/?p=103"},"modified":"2026-03-05T14:34:12","modified_gmt":"2026-03-05T12:34:12","slug":"sessio-oberta","status":"publish","type":"post","link":"\/alzina2026\/sessio-oberta\/","title":{"rendered":"SESSI\u00d3 OBERTA"},"content":{"rendered":"\n<p class=\"wp-block-paragraph\">El 18 de febrer v\u00e0rem fer la sessi\u00f3 oberta davant de tot professorat de l&#8217;institut!! Est\u00e0vem supernervioses, all\u00f2 que pens\u00e0vem que ten\u00edem preparat va resultar que no va sortir com esper\u00e0vem i la impressi\u00f3 general que tenim \u00e9s que encara ens queda molta feina al davant. Tenim moltes idees, per\u00f2 encara no hem trobat la forma d&#8217;expressar-les, d&#8217;ajuntar-les totes, de donar-los un sentit que pugui arribar al p\u00fablic.<\/p>\n\n\n\n<figure class=\"wp-block-image size-large\"><img loading=\"lazy\" decoding=\"async\" width=\"1024\" height=\"1024\" src=\"\/alzina2026\/wp-content\/uploads\/2026\/03\/IMG_20260218_172153-2-1024x1024.jpg\" alt=\"\" class=\"wp-image-114\" srcset=\"\/alzina2026\/wp-content\/uploads\/2026\/03\/IMG_20260218_172153-2-1024x1024.jpg 1024w, \/alzina2026\/wp-content\/uploads\/2026\/03\/IMG_20260218_172153-2-300x300.jpg 300w, \/alzina2026\/wp-content\/uploads\/2026\/03\/IMG_20260218_172153-2-150x150.jpg 150w, \/alzina2026\/wp-content\/uploads\/2026\/03\/IMG_20260218_172153-2-768x768.jpg 768w, \/alzina2026\/wp-content\/uploads\/2026\/03\/IMG_20260218_172153-2-1536x1536.jpg 1536w, \/alzina2026\/wp-content\/uploads\/2026\/03\/IMG_20260218_172153-2-2048x2048.jpg 2048w, \/alzina2026\/wp-content\/uploads\/2026\/03\/IMG_20260218_172153-2-100x100.jpg 100w\" sizes=\"auto, (max-width: 767px) 89vw, (max-width: 1000px) 54vw, (max-width: 1071px) 543px, 580px\" \/><\/figure>\n\n\n\n<p class=\"wp-block-paragraph\">Una de les coses que ens queden clares (i ens dona un xic de calma dins d&#8217;aquesta bogeria) \u00e9s que tenim uns mesos per trobar entre totes per on cal anar que ens porti al final d&#8217;aquest projecte. Tamb\u00e9 veiem que cadascuna arribarem per camins diferents, i que el que realment importa \u00e9s fer-ho, o potser perdre&#8217;s (si es que aix\u00f2 t\u00e9 cas sentit!!!)<\/p>\n\n\n\n<figure class=\"wp-block-gallery has-nested-images columns-default is-cropped wp-block-gallery-1 is-layout-flex wp-block-gallery-is-layout-flex\">\n<figure class=\"wp-block-image size-large\"><img loading=\"lazy\" decoding=\"async\" width=\"1024\" height=\"1024\" data-id=\"109\" src=\"\/alzina2026\/wp-content\/uploads\/2026\/03\/IMG_20260218_172305-1-1024x1024.jpg\" alt=\"\" class=\"wp-image-109\" srcset=\"\/alzina2026\/wp-content\/uploads\/2026\/03\/IMG_20260218_172305-1-1024x1024.jpg 1024w, \/alzina2026\/wp-content\/uploads\/2026\/03\/IMG_20260218_172305-1-300x300.jpg 300w, \/alzina2026\/wp-content\/uploads\/2026\/03\/IMG_20260218_172305-1-150x150.jpg 150w, \/alzina2026\/wp-content\/uploads\/2026\/03\/IMG_20260218_172305-1-768x768.jpg 768w, \/alzina2026\/wp-content\/uploads\/2026\/03\/IMG_20260218_172305-1-1536x1536.jpg 1536w, \/alzina2026\/wp-content\/uploads\/2026\/03\/IMG_20260218_172305-1-2048x2048.jpg 2048w, \/alzina2026\/wp-content\/uploads\/2026\/03\/IMG_20260218_172305-1-100x100.jpg 100w\" sizes=\"auto, (max-width: 767px) 89vw, (max-width: 1000px) 54vw, (max-width: 1071px) 543px, 580px\" \/><\/figure>\n<\/figure>\n\n\n\n<figure class=\"wp-block-pullquote\"><blockquote><p>\u00abLa sessi\u00f3 oberta va ser una mica com llen\u00e7ar-se a la piscina\u00bb.<br>Tere Mart\u00ednez<br><br>\u00abTot va ser un caos, est\u00e0vem molt nervioses, no ens va agradar el ball que v\u00e0rem fer&#8230; el millor va ser el berenar de despr\u00e9s. Ara nom\u00e9s queda millorar!!\u00bb<br>Iv\u00e1n Mari\u00f1o Dur\u00e1n<br><br>\u00abVa ser bastant ca\u00f2tic (&#8230;) per\u00f2 vaig gaudir l&#8217;experi\u00e8ncia, a poc a poc em vaig deixar anar i vaig anar perdent la vergonya, ho vaig anar construint amb els ulls tancats.\u00bb<br>Paula Barrabeig<\/p><\/blockquote><\/figure>\n\n\n\n<figure class=\"wp-block-video\"><video height=\"720\" style=\"aspect-ratio: 1280 \/ 720;\" width=\"1280\" controls src=\"\/alzina2026\/wp-content\/uploads\/2026\/03\/VID_20260218_171749-1.mp4\"><\/video><\/figure>\n\n\n\n<p class=\"wp-block-paragraph\">Ja fa unes setmanes que v\u00e0rem mostrar la nostra feina, una feina ca\u00f2tica en molts sentits, per algunes plenes d&#8217;incerteses, per d&#8217;altres d&#8217;inseguretats, de pors&#8230; I no ha estat fins ara que ens hem adonat que aix\u00f2, precisament, \u00e9s el tema de la nostra obra.<\/p>\n\n\n\n<p class=\"wp-block-paragraph\"><\/p>\n\n\n\n<p class=\"wp-block-paragraph\"><\/p>\n","protected":false},"excerpt":{"rendered":"<p>El 18 de febrer v\u00e0rem fer la sessi\u00f3 oberta davant de tot professorat de l&#8217;institut!! Est\u00e0vem supernervioses, all\u00f2 que pens\u00e0vem que ten\u00edem preparat va resultar que no va sortir com esper\u00e0vem i la impressi\u00f3 general que tenim \u00e9s que encara ens queda molta feina al davant. Tenim moltes idees, per\u00f2 encara no hem trobat la &hellip; <\/p>\n<p class=\"link-more\"><a href=\"\/alzina2026\/sessio-oberta\/\" class=\"more-link\">Continua llegint <span class=\"screen-reader-text\">\u00abSESSI\u00d3 OBERTA\u00bb<\/span><\/a><\/p>\n","protected":false},"author":5,"featured_media":0,"comment_status":"closed","ping_status":"","sticky":false,"template":"","format":"standard","meta":{"footnotes":""},"categories":[1],"tags":[],"class_list":["post-103","post","type-post","status-publish","format-standard","hentry","category-general"],"_links":{"self":[{"href":"\/alzina2026\/wp-json\/wp\/v2\/posts\/103","targetHints":{"allow":["GET"]}}],"collection":[{"href":"\/alzina2026\/wp-json\/wp\/v2\/posts"}],"about":[{"href":"\/alzina2026\/wp-json\/wp\/v2\/types\/post"}],"author":[{"embeddable":true,"href":"\/alzina2026\/wp-json\/wp\/v2\/users\/5"}],"replies":[{"embeddable":true,"href":"\/alzina2026\/wp-json\/wp\/v2\/comments?post=103"}],"version-history":[{"count":4,"href":"\/alzina2026\/wp-json\/wp\/v2\/posts\/103\/revisions"}],"predecessor-version":[{"id":117,"href":"\/alzina2026\/wp-json\/wp\/v2\/posts\/103\/revisions\/117"}],"wp:attachment":[{"href":"\/alzina2026\/wp-json\/wp\/v2\/media?parent=103"}],"wp:term":[{"taxonomy":"category","embeddable":true,"href":"\/alzina2026\/wp-json\/wp\/v2\/categories?post=103"},{"taxonomy":"post_tag","embeddable":true,"href":"\/alzina2026\/wp-json\/wp\/v2\/tags?post=103"}],"curies":[{"name":"wp","href":"https:\/\/api.w.org\/{rel}","templated":true}]}}