{"id":118,"date":"2026-04-13T12:50:01","date_gmt":"2026-04-13T10:50:01","guid":{"rendered":"\/alzina2026\/?p=118"},"modified":"2026-04-13T12:50:33","modified_gmt":"2026-04-13T10:50:33","slug":"assaig-obert-a-la-caldera","status":"publish","type":"post","link":"\/alzina2026\/assaig-obert-a-la-caldera\/","title":{"rendered":"ASSAIG OBERT A LA CALDERA"},"content":{"rendered":"\n<p class=\"wp-block-paragraph\"><br>El passat dijous 19 de mar\u00e7 vam visitar La Caldera, un antic cinema reconvertit en centre de creaci\u00f3 art\u00edstica. En arribar, ens vam ajuntar amb alumnes d\u2019altres instituts i ens van demanar que ens descalc\u00e9ssim per entrar a la sala. L\u2019espai era fosc i peculiar: el terra estava ple d&#8217;objectes i tres actors ens observaven en silenci mentre conversaven entre ells.<\/p>\n\n\n\n<figure class=\"wp-block-image size-large\"><img loading=\"lazy\" decoding=\"async\" width=\"1024\" height=\"1024\" src=\"\/alzina2026\/wp-content\/uploads\/2026\/03\/IMG_20260319_130318-1024x1024.jpg\" alt=\"\" class=\"wp-image-121\" srcset=\"\/alzina2026\/wp-content\/uploads\/2026\/03\/IMG_20260319_130318-1024x1024.jpg 1024w, \/alzina2026\/wp-content\/uploads\/2026\/03\/IMG_20260319_130318-300x300.jpg 300w, \/alzina2026\/wp-content\/uploads\/2026\/03\/IMG_20260319_130318-150x150.jpg 150w, \/alzina2026\/wp-content\/uploads\/2026\/03\/IMG_20260319_130318-768x768.jpg 768w, \/alzina2026\/wp-content\/uploads\/2026\/03\/IMG_20260319_130318-1536x1536.jpg 1536w, \/alzina2026\/wp-content\/uploads\/2026\/03\/IMG_20260319_130318-2048x2048.jpg 2048w, \/alzina2026\/wp-content\/uploads\/2026\/03\/IMG_20260319_130318-100x100.jpg 100w\" sizes=\"auto, (max-width: 767px) 89vw, (max-width: 1000px) 54vw, (max-width: 1071px) 543px, 580px\" \/><\/figure>\n\n\n\n<p class=\"wp-block-paragraph\">L\u2019obra, dif\u00edcil de descriure de forma objectiva, va comen\u00e7ar amb un di\u00e0leg en angl\u00e8s (segurament perqu\u00e8 dos dels int\u00e8rprets eren estrangers). Una de les noies va iniciar un mon\u00f2leg aparentment sense sentit, mentre l&#8217;altra manipulava una m\u00e0quina que distorsionava la seva veu. En un moment donat, aquesta segona actriu es va situar just darrere nostre \u2014al costat de l\u2019Alfred, el Xavi, l\u2019Esther i jo\u2014 i va comen\u00e7ar a picar unes cer\u00e0miques que penjaven d&#8217;unes cordes com si es tract\u00e9s d\u2019una cortina, amb una precisi\u00f3 quasi m\u00edstica, com si fos un monjo Shaolin. Mentrestant, els seus companys interpretaven una dansa estranya.<\/p>\n\n\n\n<figure class=\"wp-block-video\"><video height=\"1080\" style=\"aspect-ratio: 1920 \/ 1080;\" width=\"1920\" controls src=\"\/alzina2026\/wp-content\/uploads\/2026\/03\/VID_20260319_114737.mp4\"><\/video><\/figure>\n\n\n\n<p class=\"wp-block-paragraph\">L\u2019escenari era un quadrat delimitat per cadires on s\u00e8iem com a p\u00fablic. Dins d\u2019aquest per\u00edmetre, hi havia dibuixos de figures nues, quadrats pintats de daurat i els estris dels actors. Despr\u00e9s d&#8217;uns deu minuts de performance, l&#8217;obra va acabar i es va obrir un torn de preguntes on els professors, encuriosits, es van interessar pel significat dels dibuixos i pel proc\u00e9s de creaci\u00f3.<\/p>\n\n\n\n<figure class=\"wp-block-image size-large\"><img loading=\"lazy\" decoding=\"async\" width=\"1024\" height=\"1024\" src=\"\/alzina2026\/wp-content\/uploads\/2026\/03\/IMG_20260319_114219-1024x1024.jpg\" alt=\"\" class=\"wp-image-120\" srcset=\"\/alzina2026\/wp-content\/uploads\/2026\/03\/IMG_20260319_114219-1024x1024.jpg 1024w, \/alzina2026\/wp-content\/uploads\/2026\/03\/IMG_20260319_114219-300x300.jpg 300w, \/alzina2026\/wp-content\/uploads\/2026\/03\/IMG_20260319_114219-150x150.jpg 150w, \/alzina2026\/wp-content\/uploads\/2026\/03\/IMG_20260319_114219-768x768.jpg 768w, \/alzina2026\/wp-content\/uploads\/2026\/03\/IMG_20260319_114219-1536x1536.jpg 1536w, \/alzina2026\/wp-content\/uploads\/2026\/03\/IMG_20260319_114219-2048x2048.jpg 2048w, \/alzina2026\/wp-content\/uploads\/2026\/03\/IMG_20260319_114219-100x100.jpg 100w\" sizes=\"auto, (max-width: 767px) 89vw, (max-width: 1000px) 54vw, (max-width: 1071px) 543px, 580px\" \/><\/figure>\n\n\n\n<p class=\"wp-block-paragraph\">Una experi\u00e8ncia, sens dubte, diferent. Que ens genera m\u00e9s preguntes que no pas respostes; cosa que comen\u00e7a a ser una din\u00e0mica dins d&#8217;aquest projecte.<\/p>\n\n\n\n<p class=\"wp-block-paragraph\"><\/p>\n","protected":false},"excerpt":{"rendered":"<p>El passat dijous 19 de mar\u00e7 vam visitar La Caldera, un antic cinema reconvertit en centre de creaci\u00f3 art\u00edstica. En arribar, ens vam ajuntar amb alumnes d\u2019altres instituts i ens van demanar que ens descalc\u00e9ssim per entrar a la sala. L\u2019espai era fosc i peculiar: el terra estava ple d&#8217;objectes i tres actors ens observaven &hellip; <\/p>\n<p class=\"link-more\"><a href=\"\/alzina2026\/assaig-obert-a-la-caldera\/\" class=\"more-link\">Continua llegint <span class=\"screen-reader-text\">\u00abASSAIG OBERT A LA CALDERA\u00bb<\/span><\/a><\/p>\n","protected":false},"author":5,"featured_media":0,"comment_status":"closed","ping_status":"","sticky":false,"template":"","format":"standard","meta":{"footnotes":""},"categories":[1],"tags":[],"class_list":["post-118","post","type-post","status-publish","format-standard","hentry","category-general"],"_links":{"self":[{"href":"\/alzina2026\/wp-json\/wp\/v2\/posts\/118","targetHints":{"allow":["GET"]}}],"collection":[{"href":"\/alzina2026\/wp-json\/wp\/v2\/posts"}],"about":[{"href":"\/alzina2026\/wp-json\/wp\/v2\/types\/post"}],"author":[{"embeddable":true,"href":"\/alzina2026\/wp-json\/wp\/v2\/users\/5"}],"replies":[{"embeddable":true,"href":"\/alzina2026\/wp-json\/wp\/v2\/comments?post=118"}],"version-history":[{"count":3,"href":"\/alzina2026\/wp-json\/wp\/v2\/posts\/118\/revisions"}],"predecessor-version":[{"id":126,"href":"\/alzina2026\/wp-json\/wp\/v2\/posts\/118\/revisions\/126"}],"wp:attachment":[{"href":"\/alzina2026\/wp-json\/wp\/v2\/media?parent=118"}],"wp:term":[{"taxonomy":"category","embeddable":true,"href":"\/alzina2026\/wp-json\/wp\/v2\/categories?post=118"},{"taxonomy":"post_tag","embeddable":true,"href":"\/alzina2026\/wp-json\/wp\/v2\/tags?post=118"}],"curies":[{"name":"wp","href":"https:\/\/api.w.org\/{rel}","templated":true}]}}