{"id":139,"date":"2026-06-08T13:01:28","date_gmt":"2026-06-08T11:01:28","guid":{"rendered":"\/alzina2026\/?p=139"},"modified":"2026-06-08T13:01:28","modified_gmt":"2026-06-08T11:01:28","slug":"per-fi-lestrena","status":"publish","type":"post","link":"\/alzina2026\/per-fi-lestrena\/","title":{"rendered":"PER FI&#8230; L&#8217;ESTRENA"},"content":{"rendered":"\n<p class=\"wp-block-paragraph\">Ja est\u00e0! Per fi va arribar el moment!! Va arribar i va marxar. I ara ens toca reflexionar sobre el que aquest any hem viscut amb l&#8217;Elena i el Rafa. <\/p>\n\n\n\n<figure class=\"wp-block-image size-large\"><img loading=\"lazy\" decoding=\"async\" width=\"1024\" height=\"462\" src=\"\/alzina2026\/wp-content\/uploads\/2026\/06\/1780330381665-1024x462.jpg\" alt=\"\" class=\"wp-image-143\" srcset=\"\/alzina2026\/wp-content\/uploads\/2026\/06\/1780330381665-1024x462.jpg 1024w, \/alzina2026\/wp-content\/uploads\/2026\/06\/1780330381665-300x135.jpg 300w, \/alzina2026\/wp-content\/uploads\/2026\/06\/1780330381665-768x346.jpg 768w, \/alzina2026\/wp-content\/uploads\/2026\/06\/1780330381665-1536x693.jpg 1536w, \/alzina2026\/wp-content\/uploads\/2026\/06\/1780330381665-2048x924.jpg 2048w\" sizes=\"auto, (max-width: 767px) 89vw, (max-width: 1000px) 54vw, (max-width: 1071px) 543px, 580px\" \/><\/figure>\n\n\n\n<p class=\"wp-block-paragraph\">Si mirem enrere (aquella primera classe on veiem caminar aquell monjo d&#8217;una manera taaaaaaaant lenta) sembla mentida el recorregut que ens ha portat fins a l&#8217;estrena a la Fabra i Coast; tot ha passat molt r\u00e0pidament.<\/p>\n\n\n\n<figure class=\"wp-block-image size-large\"><img loading=\"lazy\" decoding=\"async\" width=\"1024\" height=\"462\" src=\"\/alzina2026\/wp-content\/uploads\/2026\/06\/1780330382810-1024x462.jpg\" alt=\"\" class=\"wp-image-141\" srcset=\"\/alzina2026\/wp-content\/uploads\/2026\/06\/1780330382810-1024x462.jpg 1024w, \/alzina2026\/wp-content\/uploads\/2026\/06\/1780330382810-300x135.jpg 300w, \/alzina2026\/wp-content\/uploads\/2026\/06\/1780330382810-768x346.jpg 768w, \/alzina2026\/wp-content\/uploads\/2026\/06\/1780330382810-1536x693.jpg 1536w, \/alzina2026\/wp-content\/uploads\/2026\/06\/1780330382810-2048x924.jpg 2048w\" sizes=\"auto, (max-width: 767px) 89vw, (max-width: 1000px) 54vw, (max-width: 1071px) 543px, 580px\" \/><\/figure>\n\n\n\n<p class=\"wp-block-paragraph\">Hem patit, hem rigut, de vegades hem plorat (un mica), hem cridat, hem ballat, escrit, adormit, cantat, meditat, escoltat les f\u00e0cies, enfadat, reconciliat&#8230; per\u00f2 sobretot el que hem fet ho hem fet juntes i aix\u00f2 \u00e9s el que cadascuna de nosaltres s&#8217;endur\u00e0 d&#8217;aquesta experi\u00e8ncia.<\/p>\n\n\n\n<figure class=\"wp-block-video\"><video height=\"2400\" style=\"aspect-ratio: 1080 \/ 2400;\" width=\"1080\" controls src=\"\/alzina2026\/wp-content\/uploads\/2026\/06\/VID_20260601_133000.mp4\"><\/video><\/figure>\n\n\n\n<p class=\"wp-block-paragraph\">Moltes gr\u00e0cies, Elena, Rafa i M\u00f2nica!! <\/p>\n","protected":false},"excerpt":{"rendered":"<p>Ja est\u00e0! Per fi va arribar el moment!! Va arribar i va marxar. I ara ens toca reflexionar sobre el que aquest any hem viscut amb l&#8217;Elena i el Rafa. Si mirem enrere (aquella primera classe on veiem caminar aquell monjo d&#8217;una manera taaaaaaaant lenta) sembla mentida el recorregut que ens ha portat fins a &hellip; <\/p>\n<p class=\"link-more\"><a href=\"\/alzina2026\/per-fi-lestrena\/\" class=\"more-link\">Continua llegint <span class=\"screen-reader-text\">\u00abPER FI&#8230; L&#8217;ESTRENA\u00bb<\/span><\/a><\/p>\n","protected":false},"author":5,"featured_media":0,"comment_status":"closed","ping_status":"","sticky":false,"template":"","format":"standard","meta":{"footnotes":""},"categories":[1],"tags":[],"class_list":["post-139","post","type-post","status-publish","format-standard","hentry","category-general"],"_links":{"self":[{"href":"\/alzina2026\/wp-json\/wp\/v2\/posts\/139","targetHints":{"allow":["GET"]}}],"collection":[{"href":"\/alzina2026\/wp-json\/wp\/v2\/posts"}],"about":[{"href":"\/alzina2026\/wp-json\/wp\/v2\/types\/post"}],"author":[{"embeddable":true,"href":"\/alzina2026\/wp-json\/wp\/v2\/users\/5"}],"replies":[{"embeddable":true,"href":"\/alzina2026\/wp-json\/wp\/v2\/comments?post=139"}],"version-history":[{"count":1,"href":"\/alzina2026\/wp-json\/wp\/v2\/posts\/139\/revisions"}],"predecessor-version":[{"id":144,"href":"\/alzina2026\/wp-json\/wp\/v2\/posts\/139\/revisions\/144"}],"wp:attachment":[{"href":"\/alzina2026\/wp-json\/wp\/v2\/media?parent=139"}],"wp:term":[{"taxonomy":"category","embeddable":true,"href":"\/alzina2026\/wp-json\/wp\/v2\/categories?post=139"},{"taxonomy":"post_tag","embeddable":true,"href":"\/alzina2026\/wp-json\/wp\/v2\/tags?post=139"}],"curies":[{"name":"wp","href":"https:\/\/api.w.org\/{rel}","templated":true}]}}