{"id":51,"date":"2025-11-20T10:46:45","date_gmt":"2025-11-20T08:46:45","guid":{"rendered":"\/alzina2026\/?p=51"},"modified":"2025-11-20T10:46:45","modified_gmt":"2025-11-20T08:46:45","slug":"primer-contacte-investigacio","status":"publish","type":"post","link":"\/alzina2026\/primer-contacte-investigacio\/","title":{"rendered":"PRIMER CONTACTE: INVESTIGACI\u00d3"},"content":{"rendered":"\n<p class=\"wp-block-paragraph\"><\/p>\n\n\n\n<p class=\"wp-block-paragraph\">Les primeres sessions varen ser un misteri, tot era expectaci\u00f3! Teniem moltes ganes de con\u00e8ixer els artistes d\u2019enguany, i quan pensavem que anavem a con\u00e8ixe\u2019ls&nbsp; es va presenta la M\u00f2nica Muntaner, una de les&nbsp; directores de La Poderosa, un espai on s&#8217;ajunten artistes per fer danses, coreografies, performances, i coses aix\u00ed .&nbsp;<\/p>\n\n\n\n<figure class=\"wp-block-image size-large\"><img loading=\"lazy\" decoding=\"async\" width=\"2454\" height=\"1840\" src=\"\/alzina2026\/wp-content\/uploads\/2025\/11\/IMG_20250922_121031-edited.jpg\" alt=\"\" class=\"wp-image-53\" srcset=\"\/alzina2026\/wp-content\/uploads\/2025\/11\/IMG_20250922_121031-edited.jpg 2454w, \/alzina2026\/wp-content\/uploads\/2025\/11\/IMG_20250922_121031-edited-300x225.jpg 300w, \/alzina2026\/wp-content\/uploads\/2025\/11\/IMG_20250922_121031-edited-1024x768.jpg 1024w, \/alzina2026\/wp-content\/uploads\/2025\/11\/IMG_20250922_121031-edited-768x576.jpg 768w, \/alzina2026\/wp-content\/uploads\/2025\/11\/IMG_20250922_121031-edited-1536x1152.jpg 1536w, \/alzina2026\/wp-content\/uploads\/2025\/11\/IMG_20250922_121031-edited-2048x1536.jpg 2048w\" sizes=\"auto, (max-width: 767px) 89vw, (max-width: 1000px) 54vw, (max-width: 1071px) 543px, 580px\" \/><\/figure>\n\n\n\n<p class=\"wp-block-paragraph\">Ens va donar retoladors de colors i papers per\u00a0 presentar-nos\u00a0 art\u00edsticament: els nostres noms en groc, blau, amb dibuixos\u2026 i darrera del full vam escriure les nostres \u201cCaracter\u00edstiques Visibles\u201d i \u201cCaracter\u00edstiques Invisibles\u201d. <\/p>\n\n\n\n<figure class=\"wp-block-image size-large\"><img loading=\"lazy\" decoding=\"async\" width=\"1024\" height=\"462\" src=\"\/alzina2026\/wp-content\/uploads\/2025\/11\/IMG_20250922_123432-1-1024x462.jpg\" alt=\"\" class=\"wp-image-59\" srcset=\"\/alzina2026\/wp-content\/uploads\/2025\/11\/IMG_20250922_123432-1-1024x462.jpg 1024w, \/alzina2026\/wp-content\/uploads\/2025\/11\/IMG_20250922_123432-1-300x135.jpg 300w, \/alzina2026\/wp-content\/uploads\/2025\/11\/IMG_20250922_123432-1-768x346.jpg 768w, \/alzina2026\/wp-content\/uploads\/2025\/11\/IMG_20250922_123432-1-1536x693.jpg 1536w, \/alzina2026\/wp-content\/uploads\/2025\/11\/IMG_20250922_123432-1-2048x924.jpg 2048w\" sizes=\"auto, (max-width: 767px) 89vw, (max-width: 1000px) 54vw, (max-width: 1071px) 543px, 580px\" \/><\/figure>\n\n\n\n<figure class=\"wp-block-image size-large\"><img loading=\"lazy\" decoding=\"async\" width=\"1024\" height=\"462\" src=\"\/alzina2026\/wp-content\/uploads\/2025\/11\/IMG_20250922_123414-1-1024x462.jpg\" alt=\"\" class=\"wp-image-61\" srcset=\"\/alzina2026\/wp-content\/uploads\/2025\/11\/IMG_20250922_123414-1-1024x462.jpg 1024w, \/alzina2026\/wp-content\/uploads\/2025\/11\/IMG_20250922_123414-1-300x135.jpg 300w, \/alzina2026\/wp-content\/uploads\/2025\/11\/IMG_20250922_123414-1-768x346.jpg 768w, \/alzina2026\/wp-content\/uploads\/2025\/11\/IMG_20250922_123414-1-1536x693.jpg 1536w, \/alzina2026\/wp-content\/uploads\/2025\/11\/IMG_20250922_123414-1-2048x924.jpg 2048w\" sizes=\"auto, (max-width: 767px) 89vw, (max-width: 1000px) 54vw, (max-width: 1071px) 543px, 580px\" \/><\/figure>\n\n\n\n<p class=\"wp-block-paragraph\">Despr\u00e9s de fer-ho ens vam presentar entre nosaltres com si fos la primera vegada que ens veiem. Va ser curi\u00f3s descobrir-nos despr\u00e9s de tres cursos estan juntes.<\/p>\n\n\n\n<figure class=\"wp-block-gallery has-nested-images columns-default is-cropped wp-block-gallery-1 is-layout-flex wp-block-gallery-is-layout-flex\">\n<figure class=\"wp-block-image size-large\"><img loading=\"lazy\" decoding=\"async\" width=\"1024\" height=\"462\" data-id=\"58\" src=\"\/alzina2026\/wp-content\/uploads\/2025\/11\/IMG_20250922_121115-1024x462.jpg\" alt=\"\" class=\"wp-image-58\" srcset=\"\/alzina2026\/wp-content\/uploads\/2025\/11\/IMG_20250922_121115-1024x462.jpg 1024w, \/alzina2026\/wp-content\/uploads\/2025\/11\/IMG_20250922_121115-300x135.jpg 300w, \/alzina2026\/wp-content\/uploads\/2025\/11\/IMG_20250922_121115-768x346.jpg 768w, \/alzina2026\/wp-content\/uploads\/2025\/11\/IMG_20250922_121115-1536x693.jpg 1536w, \/alzina2026\/wp-content\/uploads\/2025\/11\/IMG_20250922_121115-2048x924.jpg 2048w\" sizes=\"auto, (max-width: 767px) 89vw, (max-width: 1000px) 54vw, (max-width: 1071px) 543px, 580px\" \/><\/figure>\n<\/figure>\n\n\n\n<p class=\"wp-block-paragraph\">\u00a0La seg\u00fcent classe vam anar a una sala molt gran amb un escenari (La sala d\u2019actes del Centre C\u00edvic Congr\u00e9s Indians, aqu\u00ed al costat)\u00a0 i es van presentar els dos artistes que esper\u00e0vem amb \u00e0nsies, la<strong> Elena Carvajal i Rafael Fraz\u00e3o<\/strong> (PER FI!!!!)<\/p>\n\n\n\n<figure class=\"wp-block-video\"><video height=\"1080\" style=\"aspect-ratio: 1920 \/ 1080;\" width=\"1920\" controls src=\"\/alzina2026\/wp-content\/uploads\/2025\/11\/VID_20250929_115006.mp4\"><\/video><\/figure>\n\n\n\n<p class=\"wp-block-paragraph\">El primer que vam fer va ser escalfar una mica el cos moure&#8217;ns donar-nos copets per relaxar el cos. Despr\u00e9s d\u2019escalfar vam fer una activitat de vibraci\u00f3 que hi tenia a veure amb les f\u00e0scies (una de les especialitats de la Elena).&nbsp;<\/p>\n\n\n\n<figure class=\"wp-block-image size-large\"><img loading=\"lazy\" decoding=\"async\" width=\"1024\" height=\"462\" src=\"\/alzina2026\/wp-content\/uploads\/2025\/11\/1759143074263-1024x462.jpg\" alt=\"\" class=\"wp-image-62\" srcset=\"\/alzina2026\/wp-content\/uploads\/2025\/11\/1759143074263-1024x462.jpg 1024w, \/alzina2026\/wp-content\/uploads\/2025\/11\/1759143074263-300x135.jpg 300w, \/alzina2026\/wp-content\/uploads\/2025\/11\/1759143074263-768x346.jpg 768w, \/alzina2026\/wp-content\/uploads\/2025\/11\/1759143074263-1536x693.jpg 1536w, \/alzina2026\/wp-content\/uploads\/2025\/11\/1759143074263-2048x924.jpg 2048w\" sizes=\"auto, (max-width: 767px) 89vw, (max-width: 1000px) 54vw, (max-width: 1071px) 543px, 580px\" \/><\/figure>\n\n\n\n<p class=\"wp-block-paragraph\">Despr\u00e9s vam seure en rotllana i vam fer les preguntes que vam preparar una classe anterior amb les nostres professores per con\u00e8ixer-los millor.<\/p>\n\n\n\n<p class=\"wp-block-paragraph\"><strong>Arts audiovisuals i arts esc\u00e8niques, performance, F\u00c0SCIES<\/strong>&#8230; s\u00f3n paraules que varen tornar a\u00a0 sonar for\u00e7a aquell primer dia amb els artistes&#8230; Ens sembla que haurem d\u2019investigar de qu\u00e8 va tot plegat una mica m\u00e9s, o molt.\u00a0<\/p>\n\n\n\n<p class=\"wp-block-paragraph\"><\/p>\n","protected":false},"excerpt":{"rendered":"<p>Les primeres sessions varen ser un misteri, tot era expectaci\u00f3! Teniem moltes ganes de con\u00e8ixer els artistes d\u2019enguany, i quan pensavem que anavem a con\u00e8ixe\u2019ls&nbsp; es va presenta la M\u00f2nica Muntaner, una de les&nbsp; directores de La Poderosa, un espai on s&#8217;ajunten artistes per fer danses, coreografies, performances, i coses aix\u00ed .&nbsp; Ens va donar &hellip; <\/p>\n<p class=\"link-more\"><a href=\"\/alzina2026\/primer-contacte-investigacio\/\" class=\"more-link\">Continua llegint <span class=\"screen-reader-text\">\u00abPRIMER CONTACTE: INVESTIGACI\u00d3\u00bb<\/span><\/a><\/p>\n","protected":false},"author":5,"featured_media":0,"comment_status":"closed","ping_status":"","sticky":false,"template":"","format":"standard","meta":{"footnotes":""},"categories":[1],"tags":[],"class_list":["post-51","post","type-post","status-publish","format-standard","hentry","category-general"],"_links":{"self":[{"href":"\/alzina2026\/wp-json\/wp\/v2\/posts\/51","targetHints":{"allow":["GET"]}}],"collection":[{"href":"\/alzina2026\/wp-json\/wp\/v2\/posts"}],"about":[{"href":"\/alzina2026\/wp-json\/wp\/v2\/types\/post"}],"author":[{"embeddable":true,"href":"\/alzina2026\/wp-json\/wp\/v2\/users\/5"}],"replies":[{"embeddable":true,"href":"\/alzina2026\/wp-json\/wp\/v2\/comments?post=51"}],"version-history":[{"count":1,"href":"\/alzina2026\/wp-json\/wp\/v2\/posts\/51\/revisions"}],"predecessor-version":[{"id":64,"href":"\/alzina2026\/wp-json\/wp\/v2\/posts\/51\/revisions\/64"}],"wp:attachment":[{"href":"\/alzina2026\/wp-json\/wp\/v2\/media?parent=51"}],"wp:term":[{"taxonomy":"category","embeddable":true,"href":"\/alzina2026\/wp-json\/wp\/v2\/categories?post=51"},{"taxonomy":"post_tag","embeddable":true,"href":"\/alzina2026\/wp-json\/wp\/v2\/tags?post=51"}],"curies":[{"name":"wp","href":"https:\/\/api.w.org\/{rel}","templated":true}]}}