{"id":65,"date":"2025-11-24T12:58:06","date_gmt":"2025-11-24T10:58:06","guid":{"rendered":"\/alzina2026\/?p=65"},"modified":"2025-11-24T12:58:31","modified_gmt":"2025-11-24T10:58:31","slug":"la-memoria-i-el-teeeeeeeeeeeeeeeeeeeeeeeemps","status":"publish","type":"post","link":"\/alzina2026\/la-memoria-i-el-teeeeeeeeeeeeeeeeeeeeeeeemps\/","title":{"rendered":"LA MEM\u00d2RIA I EL TEEEEEEEEEEEEEEEEEEEEEEEEMPS"},"content":{"rendered":"\n<p class=\"wp-block-paragraph\">Una de les primeres activitats que ens varen demanar l&#8217;Elena i el Rafa&nbsp; va ser veure un v\u00eddeo\u2026 Un senyor va caminant lentament, tant leeeeeeeeeentaaaaaaaaaaaameeeeeeeent que ens treu de polleguera.&nbsp;AAAaaaah!!!<\/p>\n\n\n\n<figure class=\"wp-block-image size-full is-resized\"><img loading=\"lazy\" decoding=\"async\" width=\"274\" height=\"154\" src=\"\/alzina2026\/wp-content\/uploads\/2025\/11\/image.png\" alt=\"\" class=\"wp-image-66\" style=\"width:674px;height:auto\"\/><figcaption class=\"wp-element-caption\">El v\u00eddeo durava 4 minuts i mig, per\u00f2 se\u2019ns va fer eteeeeeeeeeeeeeeeeeeeeeeeeeeeern<\/figcaption><\/figure>\n\n\n\n<p class=\"wp-block-paragraph\">Vam haver d\u2019expressar la nostra la sensaci\u00f3 sobre el que acab\u00e0vem de veure. La gran majoria va pensar que tenia alguna cosa a veure amb la percepci\u00f3 del temps. <\/p>\n\n\n\n<p class=\"wp-block-paragraph\">Per\u00f2 de moment: MISTERI. <\/p>\n\n\n\n<p class=\"wp-block-paragraph\">El no res, per\u00f2 no res de no entendre, d\u2019anar perdudes, de no saber cap a on anem, de sentir-nos petites davant la immensitat del temps, del no res, del no s\u00e9 de qu\u00e8 va tot aix\u00f2. No s\u00e9.<\/p>\n\n\n\n<p class=\"wp-block-paragraph\">Esperar se&#8217;ns fa molt pesat, potser per aix\u00f2 ens vam avorrir tant amb el v\u00eddeo: esperem perqu\u00e8 volem que passi quelcom, per\u00f2 i si aquest quelcom no arriba o no som conscient que arriba?  <\/p>\n\n\n\n<p class=\"wp-block-paragraph\">Aix\u00f2 es va confirmar quan vam fer una llista al <em>Classroom <\/em>dels moments que se\u2019ns passaven m\u00e9s r\u00e0pid i dels que se\u2019ns passaven m\u00e9s lents.\u00a0De seguida vam comprovar que el temps est\u00e0 connectat amb la mem\u00f2ria, de com recordem aquest moments i amb qu\u00e8 ens quedem d&#8217;aquest moments quan aquests ja nom\u00e9s existeixen als nostres records.<\/p>\n\n\n\n<div class=\"wp-block-media-text is-stacked-on-mobile\"><figure class=\"wp-block-media-text__media\"><img loading=\"lazy\" decoding=\"async\" width=\"155\" height=\"184\" src=\"\/alzina2026\/wp-content\/uploads\/2025\/11\/image-1.png\" alt=\"\" class=\"wp-image-67 size-full\"\/><\/figure><div class=\"wp-block-media-text__content\">\n<p class=\"wp-block-paragraph\"><\/p>\n\n\n\n<p class=\"wp-block-paragraph\"><em>\u201cFunes el memorioso\u201d<\/em>: aquest va ser el text que ens van fer llegir i escoltar (en audiollibre) a classe. <\/p>\n<\/div><\/div>\n\n\n\n<figure class=\"wp-block-video\"><video height=\"1080\" style=\"aspect-ratio: 1920 \/ 1080;\" width=\"1920\" controls src=\"\/alzina2026\/wp-content\/uploads\/2025\/11\/VID_20250918_094929.mp4\"><\/video><\/figure>\n\n\n\n<p class=\"wp-block-paragraph\">Un home, que recordava absolutament tot el que havia viscut, cada moment quedava gravat a la seva mem\u00f2ria, per m\u00e9s insignificant que fos; potser tamb\u00e9 esperava que passes quelcom i aquest quelcom no arribava&#8230; &nbsp;no s\u00e9.<\/p>\n\n\n\n<p class=\"wp-block-paragraph\"><\/p>\n","protected":false},"excerpt":{"rendered":"<p>Una de les primeres activitats que ens varen demanar l&#8217;Elena i el Rafa&nbsp; va ser veure un v\u00eddeo\u2026 Un senyor va caminant lentament, tant leeeeeeeeeentaaaaaaaaaaaameeeeeeeent que ens treu de polleguera.&nbsp;AAAaaaah!!! Vam haver d\u2019expressar la nostra la sensaci\u00f3 sobre el que acab\u00e0vem de veure. La gran majoria va pensar que tenia alguna cosa a veure amb &hellip; <\/p>\n<p class=\"link-more\"><a href=\"\/alzina2026\/la-memoria-i-el-teeeeeeeeeeeeeeeeeeeeeeeemps\/\" class=\"more-link\">Continua llegint <span class=\"screen-reader-text\">\u00abLA MEM\u00d2RIA I EL TEEEEEEEEEEEEEEEEEEEEEEEEMPS\u00bb<\/span><\/a><\/p>\n","protected":false},"author":5,"featured_media":0,"comment_status":"closed","ping_status":"","sticky":false,"template":"","format":"standard","meta":{"footnotes":""},"categories":[1],"tags":[],"class_list":["post-65","post","type-post","status-publish","format-standard","hentry","category-general"],"_links":{"self":[{"href":"\/alzina2026\/wp-json\/wp\/v2\/posts\/65","targetHints":{"allow":["GET"]}}],"collection":[{"href":"\/alzina2026\/wp-json\/wp\/v2\/posts"}],"about":[{"href":"\/alzina2026\/wp-json\/wp\/v2\/types\/post"}],"author":[{"embeddable":true,"href":"\/alzina2026\/wp-json\/wp\/v2\/users\/5"}],"replies":[{"embeddable":true,"href":"\/alzina2026\/wp-json\/wp\/v2\/comments?post=65"}],"version-history":[{"count":4,"href":"\/alzina2026\/wp-json\/wp\/v2\/posts\/65\/revisions"}],"predecessor-version":[{"id":72,"href":"\/alzina2026\/wp-json\/wp\/v2\/posts\/65\/revisions\/72"}],"wp:attachment":[{"href":"\/alzina2026\/wp-json\/wp\/v2\/media?parent=65"}],"wp:term":[{"taxonomy":"category","embeddable":true,"href":"\/alzina2026\/wp-json\/wp\/v2\/categories?post=65"},{"taxonomy":"post_tag","embeddable":true,"href":"\/alzina2026\/wp-json\/wp\/v2\/tags?post=65"}],"curies":[{"name":"wp","href":"https:\/\/api.w.org\/{rel}","templated":true}]}}