{"id":83,"date":"2026-01-19T14:21:23","date_gmt":"2026-01-19T12:21:23","guid":{"rendered":"\/alzina2026\/?p=83"},"modified":"2026-01-19T14:21:23","modified_gmt":"2026-01-19T12:21:23","slug":"creacio-audiovisual","status":"publish","type":"post","link":"\/alzina2026\/creacio-audiovisual\/","title":{"rendered":"CREACI\u00d3 AUDIOVISUAL"},"content":{"rendered":"\n<p class=\"wp-block-paragraph\">Hem parlat de nosaltres mateixos, de qu\u00e8 ens amo\u00efna, quins s\u00f3n els nostres interessos; per\u00f2 tamb\u00e9 hem escrit sobre elfs i monstres i maleficis, sobre reialmes inventats, fonts m\u00e0giques, bruixes i bruixots\u2026 <\/p>\n\n\n\n<figure class=\"wp-block-image size-large\"><img loading=\"lazy\" decoding=\"async\" width=\"1024\" height=\"462\" src=\"\/alzina2026\/wp-content\/uploads\/2026\/01\/1764592718919-1024x462.jpg\" alt=\"\" class=\"wp-image-86\" srcset=\"\/alzina2026\/wp-content\/uploads\/2026\/01\/1764592718919-1024x462.jpg 1024w, \/alzina2026\/wp-content\/uploads\/2026\/01\/1764592718919-300x135.jpg 300w, \/alzina2026\/wp-content\/uploads\/2026\/01\/1764592718919-768x346.jpg 768w, \/alzina2026\/wp-content\/uploads\/2026\/01\/1764592718919-1536x693.jpg 1536w, \/alzina2026\/wp-content\/uploads\/2026\/01\/1764592718919-2048x924.jpg 2048w\" sizes=\"auto, (max-width: 767px) 89vw, (max-width: 1000px) 54vw, (max-width: 1071px) 543px, 580px\" \/><\/figure>\n\n\n\n<p class=\"wp-block-paragraph\">Hem inventat escenaris reals i d\u2019altres impossibles que imagin\u00e0vem tenir davant. Hem parlat altra vegada de l\u2019adolesc\u00e8ncia (aix\u00f2 no para de sortir constantment).<\/p>\n\n\n\n<figure class=\"wp-block-image size-large\"><img loading=\"lazy\" decoding=\"async\" width=\"1024\" height=\"630\" src=\"\/alzina2026\/wp-content\/uploads\/2026\/01\/image-6-1024x630.png\" alt=\"\" class=\"wp-image-85\" srcset=\"\/alzina2026\/wp-content\/uploads\/2026\/01\/image-6-1024x630.png 1024w, \/alzina2026\/wp-content\/uploads\/2026\/01\/image-6-300x185.png 300w, \/alzina2026\/wp-content\/uploads\/2026\/01\/image-6-768x473.png 768w, \/alzina2026\/wp-content\/uploads\/2026\/01\/image-6.png 1405w\" sizes=\"auto, (max-width: 767px) 89vw, (max-width: 1000px) 54vw, (max-width: 1071px) 543px, 580px\" \/><\/figure>\n\n\n\n<p class=\"wp-block-paragraph\">&nbsp;I tot aix\u00f2 ho hem gravat amb diverses c\u00e0meres.&nbsp;<\/p>\n\n\n\n<figure class=\"wp-block-image size-large\"><img loading=\"lazy\" decoding=\"async\" width=\"1024\" height=\"462\" src=\"\/alzina2026\/wp-content\/uploads\/2026\/01\/1760959227660-1024x462.jpg\" alt=\"\" class=\"wp-image-88\" srcset=\"\/alzina2026\/wp-content\/uploads\/2026\/01\/1760959227660-1024x462.jpg 1024w, \/alzina2026\/wp-content\/uploads\/2026\/01\/1760959227660-300x135.jpg 300w, \/alzina2026\/wp-content\/uploads\/2026\/01\/1760959227660-768x346.jpg 768w, \/alzina2026\/wp-content\/uploads\/2026\/01\/1760959227660-1536x693.jpg 1536w, \/alzina2026\/wp-content\/uploads\/2026\/01\/1760959227660-2048x924.jpg 2048w\" sizes=\"auto, (max-width: 767px) 89vw, (max-width: 1000px) 54vw, (max-width: 1071px) 543px, 580px\" \/><\/figure>\n\n\n\n<p class=\"wp-block-paragraph\">Segons sembla, farem (o potser ja els estem fent?) curtmetratges, que som actrius i directores i guionistes, core\u00f2grafes, scripts i operadores de c\u00e0mera, t\u00e8cnics de so i d\u2019efectes especials\u2026<\/p>\n\n\n\n<figure class=\"wp-block-image size-large\"><img loading=\"lazy\" decoding=\"async\" width=\"1024\" height=\"462\" src=\"\/alzina2026\/wp-content\/uploads\/2026\/01\/1760959227677-1024x462.jpg\" alt=\"\" class=\"wp-image-89\" srcset=\"\/alzina2026\/wp-content\/uploads\/2026\/01\/1760959227677-1024x462.jpg 1024w, \/alzina2026\/wp-content\/uploads\/2026\/01\/1760959227677-300x135.jpg 300w, \/alzina2026\/wp-content\/uploads\/2026\/01\/1760959227677-768x346.jpg 768w, \/alzina2026\/wp-content\/uploads\/2026\/01\/1760959227677-1536x693.jpg 1536w, \/alzina2026\/wp-content\/uploads\/2026\/01\/1760959227677-2048x924.jpg 2048w\" sizes=\"auto, (max-width: 767px) 89vw, (max-width: 1000px) 54vw, (max-width: 1071px) 543px, 580px\" \/><\/figure>\n\n\n\n<p class=\"wp-block-paragraph\">Gravem al carrer i als espais quotidians de l&#8217;institut, a les instal\u00b7lacions del centre c\u00edvic on treballem cada dilluns i potser tamb\u00e9 gravarem a casa.<\/p>\n\n\n\n<figure class=\"wp-block-image size-large\"><img loading=\"lazy\" decoding=\"async\" width=\"1024\" height=\"462\" src=\"\/alzina2026\/wp-content\/uploads\/2026\/01\/1760959227733-1024x462.jpg\" alt=\"\" class=\"wp-image-90\" srcset=\"\/alzina2026\/wp-content\/uploads\/2026\/01\/1760959227733-1024x462.jpg 1024w, \/alzina2026\/wp-content\/uploads\/2026\/01\/1760959227733-300x135.jpg 300w, \/alzina2026\/wp-content\/uploads\/2026\/01\/1760959227733-768x346.jpg 768w, \/alzina2026\/wp-content\/uploads\/2026\/01\/1760959227733-1536x693.jpg 1536w, \/alzina2026\/wp-content\/uploads\/2026\/01\/1760959227733-2048x924.jpg 2048w\" sizes=\"auto, (max-width: 767px) 89vw, (max-width: 1000px) 54vw, (max-width: 1071px) 543px, 580px\" \/><\/figure>\n\n\n\n<p class=\"wp-block-paragraph\">Provem coses que no hem escrit, experimentem al voltant d\u2019un tema i despr\u00e9s de parlar entre nosaltres gravem de nou sense pensar-hi massa. A veure qu\u00e8 passa.&nbsp;<\/p>\n\n\n\n<figure class=\"wp-block-video\"><video height=\"1080\" style=\"aspect-ratio: 1920 \/ 1080;\" width=\"1920\" controls src=\"\/alzina2026\/wp-content\/uploads\/2026\/01\/VID_20251201_131022.mp4\"><\/video><\/figure>\n\n\n\n<p class=\"wp-block-paragraph\">Ens agrada treballar aix\u00ed et sents escoltada i bastant inclosa en el grup, et dones temps per escoltar a la resta, fent silenci, practicant l\u2019escolta activa, i d\u2019aquesta manera sorgeixen idees conjuntes i molt interessants que no haguessin sortit de cap altra manera.<\/p>\n","protected":false},"excerpt":{"rendered":"<p>Hem parlat de nosaltres mateixos, de qu\u00e8 ens amo\u00efna, quins s\u00f3n els nostres interessos; per\u00f2 tamb\u00e9 hem escrit sobre elfs i monstres i maleficis, sobre reialmes inventats, fonts m\u00e0giques, bruixes i bruixots\u2026 Hem inventat escenaris reals i d\u2019altres impossibles que imagin\u00e0vem tenir davant. Hem parlat altra vegada de l\u2019adolesc\u00e8ncia (aix\u00f2 no para de sortir constantment). &hellip; <\/p>\n<p class=\"link-more\"><a href=\"\/alzina2026\/creacio-audiovisual\/\" class=\"more-link\">Continua llegint <span class=\"screen-reader-text\">\u00abCREACI\u00d3 AUDIOVISUAL\u00bb<\/span><\/a><\/p>\n","protected":false},"author":5,"featured_media":0,"comment_status":"closed","ping_status":"","sticky":false,"template":"","format":"standard","meta":{"footnotes":""},"categories":[1],"tags":[],"class_list":["post-83","post","type-post","status-publish","format-standard","hentry","category-general"],"_links":{"self":[{"href":"\/alzina2026\/wp-json\/wp\/v2\/posts\/83","targetHints":{"allow":["GET"]}}],"collection":[{"href":"\/alzina2026\/wp-json\/wp\/v2\/posts"}],"about":[{"href":"\/alzina2026\/wp-json\/wp\/v2\/types\/post"}],"author":[{"embeddable":true,"href":"\/alzina2026\/wp-json\/wp\/v2\/users\/5"}],"replies":[{"embeddable":true,"href":"\/alzina2026\/wp-json\/wp\/v2\/comments?post=83"}],"version-history":[{"count":2,"href":"\/alzina2026\/wp-json\/wp\/v2\/posts\/83\/revisions"}],"predecessor-version":[{"id":91,"href":"\/alzina2026\/wp-json\/wp\/v2\/posts\/83\/revisions\/91"}],"wp:attachment":[{"href":"\/alzina2026\/wp-json\/wp\/v2\/media?parent=83"}],"wp:term":[{"taxonomy":"category","embeddable":true,"href":"\/alzina2026\/wp-json\/wp\/v2\/categories?post=83"},{"taxonomy":"post_tag","embeddable":true,"href":"\/alzina2026\/wp-json\/wp\/v2\/tags?post=83"}],"curies":[{"name":"wp","href":"https:\/\/api.w.org\/{rel}","templated":true}]}}