{"id":92,"date":"2026-01-22T14:44:57","date_gmt":"2026-01-22T12:44:57","guid":{"rendered":"\/alzina2026\/?p=92"},"modified":"2026-01-22T14:44:57","modified_gmt":"2026-01-22T12:44:57","slug":"perque-ballem","status":"publish","type":"post","link":"\/alzina2026\/perque-ballem\/","title":{"rendered":"PERQU\u00c8 BALLEM?"},"content":{"rendered":"\n<p class=\"wp-block-paragraph\">Les emocions i les idees no nom\u00e9s es poden explicar amb la paraula, la Laura i en Rafa no es cansen de repetir-nos-ho. Tot el que tractem a En Resid\u00e8ncia, d\u2019alguna manera (per molt que no ens ho sembli de vegades) arribar\u00e0 a tenir sentit i trobar\u00e0 el seu cam\u00ed per ser expressat.\u00a0<\/p>\n\n\n\n<figure class=\"wp-block-image size-large\"><img loading=\"lazy\" decoding=\"async\" width=\"1024\" height=\"462\" src=\"\/alzina2026\/wp-content\/uploads\/2026\/01\/IMG_20251013_124810-1024x462.jpg\" alt=\"\" class=\"wp-image-93\" srcset=\"\/alzina2026\/wp-content\/uploads\/2026\/01\/IMG_20251013_124810-1024x462.jpg 1024w, \/alzina2026\/wp-content\/uploads\/2026\/01\/IMG_20251013_124810-300x135.jpg 300w, \/alzina2026\/wp-content\/uploads\/2026\/01\/IMG_20251013_124810-768x346.jpg 768w, \/alzina2026\/wp-content\/uploads\/2026\/01\/IMG_20251013_124810-1536x693.jpg 1536w, \/alzina2026\/wp-content\/uploads\/2026\/01\/IMG_20251013_124810-2048x924.jpg 2048w\" sizes=\"auto, (max-width: 767px) 89vw, (max-width: 1000px) 54vw, (max-width: 1071px) 543px, 580px\" \/><\/figure>\n\n\n\n<p class=\"wp-block-paragraph\">A Creadors en Resid\u00e8ncia fomenten l\u2019expressi\u00f3 corporal des del primer moment.\u00a0<\/p>\n\n\n\n<figure class=\"wp-block-video\"><video height=\"1080\" style=\"aspect-ratio: 1920 \/ 1080;\" width=\"1920\" controls src=\"\/alzina2026\/wp-content\/uploads\/2026\/01\/VID_20260112_130204.mp4\"><\/video><\/figure>\n\n\n\n<p class=\"wp-block-paragraph\">Ara que a classe estem preparant una coreografia per a la Sessi\u00f3 Oberta que farem d&#8217;aqu\u00ed a unes setmanes (m\u00e9s aviat dues que acabaran sent una) veiem la import\u00e0ncia d\u2019expressar-nos a trav\u00e9s del nostre cos davant els altres: companyes, professores, familiars, o qui sigui que vingui a veure\u2019ns.\u00a0<\/p>\n\n\n\n<figure class=\"wp-block-video\"><video height=\"1080\" style=\"aspect-ratio: 1920 \/ 1080;\" width=\"1920\" controls src=\"\/alzina2026\/wp-content\/uploads\/2026\/01\/VID_20260119_124433.mp4\"><\/video><\/figure>\n\n\n\n<p class=\"wp-block-paragraph\">Podem reivindicar les nostres inseguretats i preocupacions a trav\u00e9s de la nostra expressi\u00f3 corporal. \u00c9s una manera de fer el p\u00fablic gaudir d&#8217;un espectacle i alhora fer-los veure situacions i temes que volem explicar.\u00a0<\/p>\n\n\n\n<figure class=\"wp-block-video\"><video height=\"1080\" style=\"aspect-ratio: 1920 \/ 1080;\" width=\"1920\" controls src=\"\/alzina2026\/wp-content\/uploads\/2026\/01\/VID_20251110_120341.mp4\"><\/video><\/figure>\n\n\n\n<p class=\"wp-block-paragraph\">C\u00f3rrer, saltar, potser ensopegar, jugar a pilota, encongir-se o expandir-se&#8230; tot \u00e9s ballar. Anar d&#8217;un lloc a un altre, sense importar el temps que triguem a arribar-hi, expressar-nos pel cam\u00ed, sense tenir massa clares les coses, per\u00f2 amb moltes ganes de continuar fent-ho.<\/p>\n\n\n\n<p class=\"wp-block-paragraph\"><\/p>\n","protected":false},"excerpt":{"rendered":"<p>Les emocions i les idees no nom\u00e9s es poden explicar amb la paraula, la Laura i en Rafa no es cansen de repetir-nos-ho. Tot el que tractem a En Resid\u00e8ncia, d\u2019alguna manera (per molt que no ens ho sembli de vegades) arribar\u00e0 a tenir sentit i trobar\u00e0 el seu cam\u00ed per ser expressat.\u00a0 A Creadors &hellip; <\/p>\n<p class=\"link-more\"><a href=\"\/alzina2026\/perque-ballem\/\" class=\"more-link\">Continua llegint <span class=\"screen-reader-text\">\u00abPERQU\u00c8 BALLEM?\u00bb<\/span><\/a><\/p>\n","protected":false},"author":5,"featured_media":0,"comment_status":"closed","ping_status":"","sticky":false,"template":"","format":"standard","meta":{"footnotes":""},"categories":[1],"tags":[],"class_list":["post-92","post","type-post","status-publish","format-standard","hentry","category-general"],"_links":{"self":[{"href":"\/alzina2026\/wp-json\/wp\/v2\/posts\/92","targetHints":{"allow":["GET"]}}],"collection":[{"href":"\/alzina2026\/wp-json\/wp\/v2\/posts"}],"about":[{"href":"\/alzina2026\/wp-json\/wp\/v2\/types\/post"}],"author":[{"embeddable":true,"href":"\/alzina2026\/wp-json\/wp\/v2\/users\/5"}],"replies":[{"embeddable":true,"href":"\/alzina2026\/wp-json\/wp\/v2\/comments?post=92"}],"version-history":[{"count":1,"href":"\/alzina2026\/wp-json\/wp\/v2\/posts\/92\/revisions"}],"predecessor-version":[{"id":98,"href":"\/alzina2026\/wp-json\/wp\/v2\/posts\/92\/revisions\/98"}],"wp:attachment":[{"href":"\/alzina2026\/wp-json\/wp\/v2\/media?parent=92"}],"wp:term":[{"taxonomy":"category","embeddable":true,"href":"\/alzina2026\/wp-json\/wp\/v2\/categories?post=92"},{"taxonomy":"post_tag","embeddable":true,"href":"\/alzina2026\/wp-json\/wp\/v2\/tags?post=92"}],"curies":[{"name":"wp","href":"https:\/\/api.w.org\/{rel}","templated":true}]}}