{"id":54,"date":"2025-12-02T20:24:31","date_gmt":"2025-12-02T18:24:31","guid":{"rendered":"\/angeletaferrer2026\/?p=54"},"modified":"2025-12-02T20:24:31","modified_gmt":"2025-12-02T18:24:31","slug":"preguntes-per-la-recerca-escenica-octubre","status":"publish","type":"post","link":"\/angeletaferrer2026\/preguntes-per-la-recerca-escenica-octubre\/","title":{"rendered":"Preguntes per la recerca esc\u00e8nica &#8211; Octubre"},"content":{"rendered":"\n<p class=\"wp-block-paragraph\"><em>Qu\u00e8 \u00e9s per a tu casa?<\/em><\/p>\n\n\n\n<p class=\"wp-block-paragraph\"><em>Qu\u00e8 \u00e9s la m\u00fasica per a tu?<\/em><\/p>\n\n\n\n<p class=\"wp-block-paragraph\">Aquestes dues preguntes han servit per acompanyar-nos en la recerca esc\u00e8nica. A trav\u00e9s de la can\u00e7\u00f3 que les fa vibrar i de situacions del seu imaginari hem composat escenes i c\u00e0psules de paraula i moviment. Una investigaci\u00f3 oberta que setmana a setmana, recollim en el diari de creaci\u00f3.&nbsp;<\/p>\n\n\n\n<p class=\"wp-block-paragraph\">La part m\u00e9s interessant de les preguntes \u00e9s que, d\u2019aquestes, en sorgeixen de noves:&nbsp;<\/p>\n\n\n\n<p class=\"wp-block-paragraph\"><em>Quan em sento a casa? Quines s\u00f3n les coses que em fan sentir a casa? Per qu\u00e8 la m\u00fasica em fa sentir b\u00e9? Quines can\u00e7ons em fan sentir b\u00e9?<\/em><\/p>\n\n\n\n<p class=\"wp-block-paragraph\">Compartim aquesta recerca i aquestes mateixes preguntes amb l\u2019artista que ens acompanyar\u00e0 en aquest proc\u00e9s de creaci\u00f3. Interpretar a l\u2019escenari del Mercat de les Flors \u00e9s un repte que ens espanta i ens il\u00b7lusiona per igual.<\/p>\n\n\n\n<p class=\"wp-block-paragraph\"><\/p>\n","protected":false},"excerpt":{"rendered":"<p>Qu\u00e8 \u00e9s per a tu casa? Qu\u00e8 \u00e9s la m\u00fasica per a tu? Aquestes dues preguntes han servit per acompanyar-nos en la recerca esc\u00e8nica. A trav\u00e9s de la can\u00e7\u00f3 que les fa vibrar i de situacions del seu imaginari hem composat escenes i c\u00e0psules de paraula i moviment. Una investigaci\u00f3 oberta que setmana a setmana, &hellip; <\/p>\n<p class=\"link-more\"><a href=\"\/angeletaferrer2026\/preguntes-per-la-recerca-escenica-octubre\/\" class=\"more-link\">Continua llegint <span class=\"screen-reader-text\">\u00abPreguntes per la recerca esc\u00e8nica &#8211; Octubre\u00bb<\/span><\/a><\/p>\n","protected":false},"author":4,"featured_media":0,"comment_status":"closed","ping_status":"","sticky":false,"template":"","format":"standard","meta":{"footnotes":""},"categories":[1],"tags":[],"class_list":["post-54","post","type-post","status-publish","format-standard","hentry","category-general"],"_links":{"self":[{"href":"\/angeletaferrer2026\/wp-json\/wp\/v2\/posts\/54","targetHints":{"allow":["GET"]}}],"collection":[{"href":"\/angeletaferrer2026\/wp-json\/wp\/v2\/posts"}],"about":[{"href":"\/angeletaferrer2026\/wp-json\/wp\/v2\/types\/post"}],"author":[{"embeddable":true,"href":"\/angeletaferrer2026\/wp-json\/wp\/v2\/users\/4"}],"replies":[{"embeddable":true,"href":"\/angeletaferrer2026\/wp-json\/wp\/v2\/comments?post=54"}],"version-history":[{"count":1,"href":"\/angeletaferrer2026\/wp-json\/wp\/v2\/posts\/54\/revisions"}],"predecessor-version":[{"id":55,"href":"\/angeletaferrer2026\/wp-json\/wp\/v2\/posts\/54\/revisions\/55"}],"wp:attachment":[{"href":"\/angeletaferrer2026\/wp-json\/wp\/v2\/media?parent=54"}],"wp:term":[{"taxonomy":"category","embeddable":true,"href":"\/angeletaferrer2026\/wp-json\/wp\/v2\/categories?post=54"},{"taxonomy":"post_tag","embeddable":true,"href":"\/angeletaferrer2026\/wp-json\/wp\/v2\/tags?post=54"}],"curies":[{"name":"wp","href":"https:\/\/api.w.org\/{rel}","templated":true}]}}