{"id":56,"date":"2025-12-02T20:25:37","date_gmt":"2025-12-02T18:25:37","guid":{"rendered":"\/angeletaferrer2026\/?p=56"},"modified":"2025-12-02T20:25:37","modified_gmt":"2025-12-02T18:25:37","slug":"pautes-per-la-creacio-novembre","status":"publish","type":"post","link":"\/angeletaferrer2026\/pautes-per-la-creacio-novembre\/","title":{"rendered":"Pautes per la creaci\u00f3 &#8211; Novembre"},"content":{"rendered":"\n<p class=\"wp-block-paragraph\">Aquestes setmanes hem compartit amb l\u2019Albert diferents exercicis de creaci\u00f3 esc\u00e8nica. Gr\u00e0cies al visionat de v\u00eddeos i el seguiment de pautes de moviment estem comen\u00e7ant a trobar seq\u00fc\u00e8ncies i qualitats de moviment amb potencial esc\u00e8nic.&nbsp;<\/p>\n\n\n\n<p class=\"wp-block-paragraph\">S\u00f3n exercicis similars al que ens imaginem quan pensem en un proc\u00e9s de creaci\u00f3 contempor\u00e0nia.<\/p>\n\n\n\n<p class=\"wp-block-paragraph\">Ens preguntem com aquestes formes m\u00e9s abstractes poden trobar-se amb el que entenem nosaltres per dansa o teatre. El nostre imaginari est\u00e0 ple de refer\u00e8ncies de s\u00e8ries, pel\u00b7l\u00educles musicals, \u00e0lbums de m\u00fasica&nbsp; i coreografies a les quals hem estat molt exposades<\/p>\n\n\n\n<p class=\"wp-block-paragraph\">Per\u00f2 quina \u00e9s la part de creaci\u00f3 esc\u00e8nica contempor\u00e0nia en tot all\u00f2 al que estem acostumades? El punt de trobada entre el que nosaltres considerem dos m\u00f3ns est\u00e0 segurament m\u00e9s a prop del que pensem.<\/p>\n","protected":false},"excerpt":{"rendered":"<p>Aquestes setmanes hem compartit amb l\u2019Albert diferents exercicis de creaci\u00f3 esc\u00e8nica. Gr\u00e0cies al visionat de v\u00eddeos i el seguiment de pautes de moviment estem comen\u00e7ant a trobar seq\u00fc\u00e8ncies i qualitats de moviment amb potencial esc\u00e8nic.&nbsp; S\u00f3n exercicis similars al que ens imaginem quan pensem en un proc\u00e9s de creaci\u00f3 contempor\u00e0nia. Ens preguntem com aquestes formes &hellip; <\/p>\n<p class=\"link-more\"><a href=\"\/angeletaferrer2026\/pautes-per-la-creacio-novembre\/\" class=\"more-link\">Continua llegint <span class=\"screen-reader-text\">\u00abPautes per la creaci\u00f3 &#8211; Novembre\u00bb<\/span><\/a><\/p>\n","protected":false},"author":1,"featured_media":0,"comment_status":"closed","ping_status":"","sticky":false,"template":"","format":"standard","meta":{"footnotes":""},"categories":[1],"tags":[],"class_list":["post-56","post","type-post","status-publish","format-standard","hentry","category-general"],"_links":{"self":[{"href":"\/angeletaferrer2026\/wp-json\/wp\/v2\/posts\/56","targetHints":{"allow":["GET"]}}],"collection":[{"href":"\/angeletaferrer2026\/wp-json\/wp\/v2\/posts"}],"about":[{"href":"\/angeletaferrer2026\/wp-json\/wp\/v2\/types\/post"}],"author":[{"embeddable":true,"href":"\/angeletaferrer2026\/wp-json\/wp\/v2\/users\/1"}],"replies":[{"embeddable":true,"href":"\/angeletaferrer2026\/wp-json\/wp\/v2\/comments?post=56"}],"version-history":[{"count":1,"href":"\/angeletaferrer2026\/wp-json\/wp\/v2\/posts\/56\/revisions"}],"predecessor-version":[{"id":57,"href":"\/angeletaferrer2026\/wp-json\/wp\/v2\/posts\/56\/revisions\/57"}],"wp:attachment":[{"href":"\/angeletaferrer2026\/wp-json\/wp\/v2\/media?parent=56"}],"wp:term":[{"taxonomy":"category","embeddable":true,"href":"\/angeletaferrer2026\/wp-json\/wp\/v2\/categories?post=56"},{"taxonomy":"post_tag","embeddable":true,"href":"\/angeletaferrer2026\/wp-json\/wp\/v2\/tags?post=56"}],"curies":[{"name":"wp","href":"https:\/\/api.w.org\/{rel}","templated":true}]}}