{"id":59,"date":"2026-01-19T14:28:12","date_gmt":"2026-01-19T12:28:12","guid":{"rendered":"\/angeletaferrer2026\/?p=59"},"modified":"2026-01-19T14:28:47","modified_gmt":"2026-01-19T12:28:47","slug":"el-proposit-escenic-desembre","status":"publish","type":"post","link":"\/angeletaferrer2026\/el-proposit-escenic-desembre\/","title":{"rendered":"El prop\u00f2sit esc\u00e8nic &#8211; Desembre"},"content":{"rendered":"\n<p class=\"wp-block-paragraph\">Durant el mes de desembre hem tingut poques sessions. La realitat \u00e9s que tenim un calendari de l\u2019institut canviant i sovint ens hem d\u2019adaptar a canvis en l\u2019organitzaci\u00f3 hor\u00e0ria que respon a les necessitats del nostre dia a dia (dies festius, reunions d\u2019avaluaci\u00f3, programaci\u00f3 de sortides\u2026)<\/p>\n\n\n\n<p class=\"wp-block-paragraph\">Abans de comen\u00e7ar les vacances, que ens serviran per descansar i reprendre el treball de creaci\u00f3 amb una nova perspectiva, definim amb el grup les normes de funcionament intern i identifiquem diferents elements que ens motivem per la nostra creaci\u00f3, el que ens servir\u00e0 per definir el nostre prop\u00f2sit com a grup art\u00edstic.&nbsp;<\/p>\n\n\n\n<p class=\"wp-block-paragraph\">Gr\u00e0cies a la recopilaci\u00f3 de les m\u00fasiques que hem fet al llarg de les primeres setmanes, identifiquem aquelles can\u00e7ons que ens fan moure i que m\u00e9s ens motiven per&nbsp; la creaci\u00f3. Dues can\u00e7ons d\u2019artistes reconegudes internacionalment que ens fan vibrar.&nbsp;<\/p>\n\n\n\n<p class=\"wp-block-paragraph\">A tot aquest treball afegim la creaci\u00f3 pr\u00f2pia de textos teatrals. Ens resulta dif\u00edcil imaginar un escenari sense un gui\u00f3. Aquest \u00faltim el crearem amb petits grups en diferents sessions de treball i inclourem tem\u00e0tiques i escenes descobertes al llarg de la Resid\u00e8ncia.<\/p>\n","protected":false},"excerpt":{"rendered":"<p>Durant el mes de desembre hem tingut poques sessions. La realitat \u00e9s que tenim un calendari de l\u2019institut canviant i sovint ens hem d\u2019adaptar a canvis en l\u2019organitzaci\u00f3 hor\u00e0ria que respon a les necessitats del nostre dia a dia (dies festius, reunions d\u2019avaluaci\u00f3, programaci\u00f3 de sortides\u2026) Abans de comen\u00e7ar les vacances, que ens serviran per &hellip; <\/p>\n<p class=\"link-more\"><a href=\"\/angeletaferrer2026\/el-proposit-escenic-desembre\/\" class=\"more-link\">Continua llegint <span class=\"screen-reader-text\">\u00abEl prop\u00f2sit esc\u00e8nic &#8211; Desembre\u00bb<\/span><\/a><\/p>\n","protected":false},"author":4,"featured_media":0,"comment_status":"closed","ping_status":"","sticky":false,"template":"","format":"standard","meta":{"footnotes":""},"categories":[1],"tags":[],"class_list":["post-59","post","type-post","status-publish","format-standard","hentry","category-general"],"_links":{"self":[{"href":"\/angeletaferrer2026\/wp-json\/wp\/v2\/posts\/59","targetHints":{"allow":["GET"]}}],"collection":[{"href":"\/angeletaferrer2026\/wp-json\/wp\/v2\/posts"}],"about":[{"href":"\/angeletaferrer2026\/wp-json\/wp\/v2\/types\/post"}],"author":[{"embeddable":true,"href":"\/angeletaferrer2026\/wp-json\/wp\/v2\/users\/4"}],"replies":[{"embeddable":true,"href":"\/angeletaferrer2026\/wp-json\/wp\/v2\/comments?post=59"}],"version-history":[{"count":2,"href":"\/angeletaferrer2026\/wp-json\/wp\/v2\/posts\/59\/revisions"}],"predecessor-version":[{"id":61,"href":"\/angeletaferrer2026\/wp-json\/wp\/v2\/posts\/59\/revisions\/61"}],"wp:attachment":[{"href":"\/angeletaferrer2026\/wp-json\/wp\/v2\/media?parent=59"}],"wp:term":[{"taxonomy":"category","embeddable":true,"href":"\/angeletaferrer2026\/wp-json\/wp\/v2\/categories?post=59"},{"taxonomy":"post_tag","embeddable":true,"href":"\/angeletaferrer2026\/wp-json\/wp\/v2\/tags?post=59"}],"curies":[{"name":"wp","href":"https:\/\/api.w.org\/{rel}","templated":true}]}}