{"id":507,"date":"2025-01-27T13:39:00","date_gmt":"2025-01-27T11:39:00","guid":{"rendered":"\/antaviana2025\/?p=507"},"modified":"2025-03-03T16:49:35","modified_gmt":"2025-03-03T14:49:35","slug":"sessio-11","status":"publish","type":"post","link":"\/antaviana2025\/sessio-11\/","title":{"rendered":"Sessi\u00f3 11"},"content":{"rendered":"\n<p class=\"wp-block-paragraph\">Aquesta sessi\u00f3 la vam fer per segon cop amb la Merchu.<\/p>\n\n\n\n<p class=\"wp-block-paragraph\">Vam comen\u00e7ar la classe aprenent un pas en el qual comen\u00e7\u00e0vem amb un genoll a terra, i despr\u00e9s hav\u00edem d\u2019agenollar-nos amb l\u2019altre. Quan ja ten\u00edem els dos genolls a terra, hav\u00edem de pujar primer amb un i despr\u00e9s amb l\u2019altre. <\/p>\n\n\n\n<p class=\"wp-block-paragraph\">Vam continuar caminant per l\u2019espai al ritme de la m\u00fasica. La Merchu ens va dir que ens hav\u00edem d\u2019imaginar que est\u00e0vem en un vaixell i que ens haviem de repartir per l\u2019espai per a qu\u00e8 el vaixell no s\u2019enfons\u00e9s. Mentre camin\u00e0vem,  ens va donar unes consignes, com per exemple, que si ens trob\u00e0vem amb alg\u00fa li hav\u00edem de picar l\u2019ullet, donar una volta mirant els ulls d\u2019alg\u00fa, fer l\u2019anterior exercici per parelles, etc.<\/p>\n\n\n\n<p class=\"wp-block-paragraph\">Per a continuar, vam fer un pas de break bastant complicat i quan ja ens sortia a la majoria, vam fer un exercici que ja hav\u00edem fet a l&#8217;anterior sessi\u00f3 amb la Merchu que consistia en baixar a terra fins tocar-lo amb l\u2019esquena en 8, 6, 4 i 2 temps.<\/p>\n\n\n\n<p class=\"wp-block-paragraph\">Despr\u00e9s, vam aprendre una nova coreografia,  bastant complexa, tota sencera i  hi vam estar una llarga estona.<\/p>\n\n\n\n<p class=\"wp-block-paragraph\">I per \u00faltim, vam estar recreant el v\u00eddeoclip que hav\u00edem comen\u00e7at a fer durant  la sessi\u00f3 anterior.<\/p>\n\n\n\n<p class=\"wp-block-paragraph\"><\/p>\n","protected":false},"excerpt":{"rendered":"<p>Aquesta sessi\u00f3 la vam fer per segon cop amb la Merchu. Vam comen\u00e7ar la classe aprenent un pas en el qual comen\u00e7\u00e0vem amb un genoll a terra, i despr\u00e9s hav\u00edem d\u2019agenollar-nos amb l\u2019altre. Quan ja ten\u00edem els dos genolls a terra, hav\u00edem de pujar primer amb un i despr\u00e9s amb l\u2019altre. Vam continuar caminant per &hellip; <\/p>\n<p class=\"link-more\"><a href=\"\/antaviana2025\/sessio-11\/\" class=\"more-link\">Continua llegint <span class=\"screen-reader-text\">\u00abSessi\u00f3 11\u00bb<\/span><\/a><\/p>\n","protected":false},"author":14,"featured_media":0,"comment_status":"open","ping_status":"open","sticky":false,"template":"","format":"standard","meta":{"footnotes":""},"categories":[1],"tags":[],"class_list":["post-507","post","type-post","status-publish","format-standard","hentry","category-general"],"_links":{"self":[{"href":"\/antaviana2025\/wp-json\/wp\/v2\/posts\/507","targetHints":{"allow":["GET"]}}],"collection":[{"href":"\/antaviana2025\/wp-json\/wp\/v2\/posts"}],"about":[{"href":"\/antaviana2025\/wp-json\/wp\/v2\/types\/post"}],"author":[{"embeddable":true,"href":"\/antaviana2025\/wp-json\/wp\/v2\/users\/14"}],"replies":[{"embeddable":true,"href":"\/antaviana2025\/wp-json\/wp\/v2\/comments?post=507"}],"version-history":[{"count":1,"href":"\/antaviana2025\/wp-json\/wp\/v2\/posts\/507\/revisions"}],"predecessor-version":[{"id":508,"href":"\/antaviana2025\/wp-json\/wp\/v2\/posts\/507\/revisions\/508"}],"wp:attachment":[{"href":"\/antaviana2025\/wp-json\/wp\/v2\/media?parent=507"}],"wp:term":[{"taxonomy":"category","embeddable":true,"href":"\/antaviana2025\/wp-json\/wp\/v2\/categories?post=507"},{"taxonomy":"post_tag","embeddable":true,"href":"\/antaviana2025\/wp-json\/wp\/v2\/tags?post=507"}],"curies":[{"name":"wp","href":"https:\/\/api.w.org\/{rel}","templated":true}]}}