{"id":540,"date":"2025-02-10T13:55:00","date_gmt":"2025-02-10T11:55:00","guid":{"rendered":"\/antaviana2025\/?p=540"},"modified":"2025-03-03T19:01:23","modified_gmt":"2025-03-03T17:01:23","slug":"sessio-14","status":"publish","type":"post","link":"\/antaviana2025\/sessio-14\/","title":{"rendered":"Sessi\u00f3 14"},"content":{"rendered":"\n<p class=\"wp-block-paragraph\">La tarda d\u2019aquest dimecres vam fer la sessi\u00f3 nom\u00e9s amb l\u2019Iby. Aquesta classe va ser la primera que vam fer despr\u00e9s de visitar el Mercat de les Flors i veure la sala on mostrarem la nostra pe\u00e7a final al maig.<\/p>\n\n\n\n<p class=\"wp-block-paragraph\">Aquesta classe la vam comen\u00e7ar fent parelles per crear un tik tok de vuit temps amb algunes de les can\u00e7ons que havien posat anteriorment en una playlist de Spotify.<\/p>\n\n\n\n<p class=\"wp-block-paragraph\">Cada parella va escollir un tros de can\u00e7\u00f3 i ens vam posar a practicar el nostre tik tok. Quan cada parella ja tenia clar les passes i els moviments, ens vam posar en cercle i amb una mateixa can\u00e7\u00f3, vam anar fent els tik toks un darrere l&#8217;altre.<\/p>\n\n\n\n<p class=\"wp-block-paragraph\">Despr\u00e9s d\u2019aquesta petita activitat, vam continuar assajant tota la pe\u00e7a que portem feta fins ara. Vam repassar totes les coreografies i totes les posicions de cortines, c\u00e0meres\u2026 per a la  Sessi\u00f3 Oberta. Ens vam centrar en aquelles parts de les coreos que sortien pitjor, ens costaven m\u00e9s o no ten\u00edem molt clares. Vam estar tota la resta de la sessi\u00f3 fent repeticions fins aconseguir un bon resultat.<\/p>\n\n\n\n<p class=\"wp-block-paragraph\">Per \u00faltim, vam recollir les cadires que utilitzem per a una part de la pe\u00e7a, ens vam acomiadar de l\u2019Iby i vam marxar.<\/p>\n","protected":false},"excerpt":{"rendered":"<p>La tarda d\u2019aquest dimecres vam fer la sessi\u00f3 nom\u00e9s amb l\u2019Iby. Aquesta classe va ser la primera que vam fer despr\u00e9s de visitar el Mercat de les Flors i veure la sala on mostrarem la nostra pe\u00e7a final al maig. Aquesta classe la vam comen\u00e7ar fent parelles per crear un tik tok de vuit temps &hellip; <\/p>\n<p class=\"link-more\"><a href=\"\/antaviana2025\/sessio-14\/\" class=\"more-link\">Continua llegint <span class=\"screen-reader-text\">\u00abSessi\u00f3 14\u00bb<\/span><\/a><\/p>\n","protected":false},"author":14,"featured_media":0,"comment_status":"open","ping_status":"open","sticky":false,"template":"","format":"standard","meta":{"footnotes":""},"categories":[1],"tags":[],"class_list":["post-540","post","type-post","status-publish","format-standard","hentry","category-general"],"_links":{"self":[{"href":"\/antaviana2025\/wp-json\/wp\/v2\/posts\/540","targetHints":{"allow":["GET"]}}],"collection":[{"href":"\/antaviana2025\/wp-json\/wp\/v2\/posts"}],"about":[{"href":"\/antaviana2025\/wp-json\/wp\/v2\/types\/post"}],"author":[{"embeddable":true,"href":"\/antaviana2025\/wp-json\/wp\/v2\/users\/14"}],"replies":[{"embeddable":true,"href":"\/antaviana2025\/wp-json\/wp\/v2\/comments?post=540"}],"version-history":[{"count":1,"href":"\/antaviana2025\/wp-json\/wp\/v2\/posts\/540\/revisions"}],"predecessor-version":[{"id":541,"href":"\/antaviana2025\/wp-json\/wp\/v2\/posts\/540\/revisions\/541"}],"wp:attachment":[{"href":"\/antaviana2025\/wp-json\/wp\/v2\/media?parent=540"}],"wp:term":[{"taxonomy":"category","embeddable":true,"href":"\/antaviana2025\/wp-json\/wp\/v2\/categories?post=540"},{"taxonomy":"post_tag","embeddable":true,"href":"\/antaviana2025\/wp-json\/wp\/v2\/tags?post=540"}],"curies":[{"name":"wp","href":"https:\/\/api.w.org\/{rel}","templated":true}]}}