{"id":547,"date":"2025-02-24T14:10:00","date_gmt":"2025-02-24T12:10:00","guid":{"rendered":"\/antaviana2025\/?p=547"},"modified":"2025-03-03T19:25:20","modified_gmt":"2025-03-03T17:25:20","slug":"sessio-16","status":"publish","type":"post","link":"\/antaviana2025\/sessio-16\/","title":{"rendered":"Sessi\u00f3 16"},"content":{"rendered":"\n<p class=\"wp-block-paragraph\">Aquesta darrera sessi\u00f3 va ser bastant diferent de totes les sessions que portem, ja que vam estar mitja classe decidint el vestuari i els complements per a la pe\u00e7a que ensenyarem el dia 5 de mar\u00e7 a tot el claustre de professors, Vam dir coses que sab\u00edem fer per a afegir-ho a un dels blocs que encara no ten\u00edem creats, \u00e9s a dir,  vam crear en un paper tot un nou bloc de l&#8217;espectacle amb un recorregut i uns passos concrets des de zero. Aquesta part que hem afegit a continuaci\u00f3 de l&#8217;\u00faltima part \u00e9s  la part dels tiktoks per parelles.<\/p>\n\n\n\n<figure class=\"wp-block-image size-large\"><img loading=\"lazy\" decoding=\"async\" width=\"768\" height=\"1024\" src=\"\/antaviana2025\/wp-content\/uploads\/2025\/03\/20250219_150730-768x1024.jpg\" alt=\"\" class=\"wp-image-548\" srcset=\"\/antaviana2025\/wp-content\/uploads\/2025\/03\/20250219_150730-768x1024.jpg 768w, \/antaviana2025\/wp-content\/uploads\/2025\/03\/20250219_150730-225x300.jpg 225w, \/antaviana2025\/wp-content\/uploads\/2025\/03\/20250219_150730-1152x1536.jpg 1152w, \/antaviana2025\/wp-content\/uploads\/2025\/03\/20250219_150730-1536x2048.jpg 1536w, \/antaviana2025\/wp-content\/uploads\/2025\/03\/20250219_150730-scaled.jpg 1920w\" sizes=\"auto, (max-width: 767px) 89vw, (max-width: 1000px) 54vw, (max-width: 1071px) 543px, 580px\" \/><\/figure>\n\n\n\n<p class=\"wp-block-paragraph\">Vam decidir comen\u00e7ar creuant intercaladament dues fileres i quedar en diagonal. Despr\u00e9s cadascuna de les fileres es va inventar unes passes i primer es gravava una diagonal i despr\u00e9s l\u2019altra. A continuaci\u00f3 ens haviem de posar per grupets depenent de qu\u00e8 vol\u00edem fer: uns vam fer malabars i uns altres, la roda. Llavors es grava primer un grup i despr\u00e9s, l\u2019altre.<\/p>\n\n\n\n<p class=\"wp-block-paragraph\">Per acabar, vam assajar tota la pe\u00e7a afegint el nou bloc que acab\u00e0vem de crear, vam recollir i vam marxar cap a casa.<\/p>\n","protected":false},"excerpt":{"rendered":"<p>Aquesta darrera sessi\u00f3 va ser bastant diferent de totes les sessions que portem, ja que vam estar mitja classe decidint el vestuari i els complements per a la pe\u00e7a que ensenyarem el dia 5 de mar\u00e7 a tot el claustre de professors, Vam dir coses que sab\u00edem fer per a afegir-ho a un dels blocs &hellip; <\/p>\n<p class=\"link-more\"><a href=\"\/antaviana2025\/sessio-16\/\" class=\"more-link\">Continua llegint <span class=\"screen-reader-text\">\u00abSessi\u00f3 16\u00bb<\/span><\/a><\/p>\n","protected":false},"author":14,"featured_media":0,"comment_status":"open","ping_status":"open","sticky":false,"template":"","format":"standard","meta":{"footnotes":""},"categories":[1],"tags":[],"class_list":["post-547","post","type-post","status-publish","format-standard","hentry","category-general"],"_links":{"self":[{"href":"\/antaviana2025\/wp-json\/wp\/v2\/posts\/547","targetHints":{"allow":["GET"]}}],"collection":[{"href":"\/antaviana2025\/wp-json\/wp\/v2\/posts"}],"about":[{"href":"\/antaviana2025\/wp-json\/wp\/v2\/types\/post"}],"author":[{"embeddable":true,"href":"\/antaviana2025\/wp-json\/wp\/v2\/users\/14"}],"replies":[{"embeddable":true,"href":"\/antaviana2025\/wp-json\/wp\/v2\/comments?post=547"}],"version-history":[{"count":1,"href":"\/antaviana2025\/wp-json\/wp\/v2\/posts\/547\/revisions"}],"predecessor-version":[{"id":549,"href":"\/antaviana2025\/wp-json\/wp\/v2\/posts\/547\/revisions\/549"}],"wp:attachment":[{"href":"\/antaviana2025\/wp-json\/wp\/v2\/media?parent=547"}],"wp:term":[{"taxonomy":"category","embeddable":true,"href":"\/antaviana2025\/wp-json\/wp\/v2\/categories?post=547"},{"taxonomy":"post_tag","embeddable":true,"href":"\/antaviana2025\/wp-json\/wp\/v2\/tags?post=547"}],"curies":[{"name":"wp","href":"https:\/\/api.w.org\/{rel}","templated":true}]}}