{"id":596,"date":"2025-03-17T14:00:00","date_gmt":"2025-03-17T12:00:00","guid":{"rendered":"\/antaviana2025\/?p=596"},"modified":"2025-05-12T20:46:58","modified_gmt":"2025-05-12T18:46:58","slug":"mercat-de-les-flors-skatepark","status":"publish","type":"post","link":"\/antaviana2025\/mercat-de-les-flors-skatepark\/","title":{"rendered":"Mercat de les Flors: Skatepark"},"content":{"rendered":"\n<p class=\"wp-block-paragraph\">Vam sortir de l\u2019escola a les 10:30 per agafar la l\u00ednia verda fins a arribar a la parada Poble Sec. Vam caminar uns 15 minuts fins a arribar al Mercat de les Flors. An\u00e0vem a veure un espectacle de la core\u00f2grafa Mette Ingvartsen. Vam estar esperant una estona al hall del Mercat i ens vam dirigir cap a la sala MAC on havien instal.lat un Skatepark, que tamb\u00e9 era el nom de la pe\u00e7a. Abans de comen\u00e7ar amb el veritable espectacle, vam veure uns dotze nois i noies de diferents edats que vivien a Barcelona i que alg\u00fa de la producci\u00f3 havia escollit, fent skate.<\/p>\n\n\n\n<figure class=\"wp-block-image size-large\"><img loading=\"lazy\" decoding=\"async\" width=\"1024\" height=\"768\" src=\"\/antaviana2025\/wp-content\/uploads\/2025\/05\/20250314_121858-1024x768.jpg\" alt=\"\" class=\"wp-image-597\" srcset=\"\/antaviana2025\/wp-content\/uploads\/2025\/05\/20250314_121858-1024x768.jpg 1024w, \/antaviana2025\/wp-content\/uploads\/2025\/05\/20250314_121858-300x225.jpg 300w, \/antaviana2025\/wp-content\/uploads\/2025\/05\/20250314_121858-768x576.jpg 768w, \/antaviana2025\/wp-content\/uploads\/2025\/05\/20250314_121858-1536x1152.jpg 1536w, \/antaviana2025\/wp-content\/uploads\/2025\/05\/20250314_121858-2048x1536.jpg 2048w\" sizes=\"auto, (max-width: 767px) 89vw, (max-width: 1000px) 54vw, (max-width: 1071px) 543px, 580px\" \/><\/figure>\n\n\n\n<p class=\"wp-block-paragraph\">Hi havia una noia amb la cara pintada que es deia J\u00falia i tenia molt protagonisme, ja que al principi de l\u2019espectacle anava pujant a les grades amb una m\u00fasica en uns auriculars i ballava enmig del p\u00fablic.<\/p>\n\n\n\n<p class=\"wp-block-paragraph\">A l\u2019espectacle de veritat, pod\u00edem veure setze patinadors i skaters de Brussel\u00b7les.\u00a0<\/p>\n\n\n\n<p class=\"wp-block-paragraph\">L&#8217;espectacle va ser bastant repetitiu perqu\u00e8 a la majoria de l&#8217;espectacle, els skaters i els ballarins van estar pujant i baixant les diverses rampes de la pista. Tamb\u00e9 feien diferents trucs amb l\u2019skate. En alguns moments, els skaters interactuaven amb el p\u00fablic i, a la meitat de l\u2019espectacle,  ja hi havia m\u00e9s interacci\u00f3 entre ells i m\u00e9s espectacle amb coreografia i parts espec\u00edfiques.\u00a0<\/p>\n\n\n\n<figure class=\"wp-block-embed is-type-video is-provider-youtube wp-block-embed-youtube wp-embed-aspect-16-9 wp-has-aspect-ratio\"><div class=\"wp-block-embed__wrapper\">\n<iframe loading=\"lazy\" title=\"#DansaMetropolitana 2025 - &#039;Skatepark&#039; Mette Ingvartsen\" width=\"525\" height=\"295\" src=\"https:\/\/www.youtube.com\/embed\/zvdV0zA790w?feature=oembed\" frameborder=\"0\" allow=\"accelerometer; autoplay; clipboard-write; encrypted-media; gyroscope; picture-in-picture; web-share\" referrerpolicy=\"strict-origin-when-cross-origin\" allowfullscreen><\/iframe>\n<\/div><\/figure>\n\n\n\n<p class=\"wp-block-paragraph\">Durant alguns moments de l\u2019espectacle s\u2019anaven posant i traient diferents m\u00e0scares. A part dels patinadors pod\u00edem veure dos nois que cantaven, a part de cantar, un tocava la guitarra i l\u2019altre feia break i la J\u00falia, la noia amb la cara pintada, tamb\u00e9 cantava. L\u2019espectacle, encara que era una mica repetitiu, va estar molt xulo i ens va agradar a la majoria, ja que no era un espectacle normal com qualsevol altre.<\/p>\n\n\n\n<p class=\"wp-block-paragraph\">Quan l\u2019espectacle va acabar, vam poder parlar amb la Mette Ingvartsen que era la core\u00f2grafa de tot l\u2019espectacle. I ja, finalment, vam tornar cap al metro per tornar.<\/p>\n\n\n\n<p class=\"wp-block-paragraph\"><\/p>\n","protected":false},"excerpt":{"rendered":"<p>Vam sortir de l\u2019escola a les 10:30 per agafar la l\u00ednia verda fins a arribar a la parada Poble Sec. Vam caminar uns 15 minuts fins a arribar al Mercat de les Flors. An\u00e0vem a veure un espectacle de la core\u00f2grafa Mette Ingvartsen. Vam estar esperant una estona al hall del Mercat i ens vam &hellip; <\/p>\n<p class=\"link-more\"><a href=\"\/antaviana2025\/mercat-de-les-flors-skatepark\/\" class=\"more-link\">Continua llegint <span class=\"screen-reader-text\">\u00abMercat de les Flors: Skatepark\u00bb<\/span><\/a><\/p>\n","protected":false},"author":14,"featured_media":0,"comment_status":"open","ping_status":"open","sticky":false,"template":"","format":"standard","meta":{"footnotes":""},"categories":[1],"tags":[],"class_list":["post-596","post","type-post","status-publish","format-standard","hentry","category-general"],"_links":{"self":[{"href":"\/antaviana2025\/wp-json\/wp\/v2\/posts\/596","targetHints":{"allow":["GET"]}}],"collection":[{"href":"\/antaviana2025\/wp-json\/wp\/v2\/posts"}],"about":[{"href":"\/antaviana2025\/wp-json\/wp\/v2\/types\/post"}],"author":[{"embeddable":true,"href":"\/antaviana2025\/wp-json\/wp\/v2\/users\/14"}],"replies":[{"embeddable":true,"href":"\/antaviana2025\/wp-json\/wp\/v2\/comments?post=596"}],"version-history":[{"count":1,"href":"\/antaviana2025\/wp-json\/wp\/v2\/posts\/596\/revisions"}],"predecessor-version":[{"id":598,"href":"\/antaviana2025\/wp-json\/wp\/v2\/posts\/596\/revisions\/598"}],"wp:attachment":[{"href":"\/antaviana2025\/wp-json\/wp\/v2\/media?parent=596"}],"wp:term":[{"taxonomy":"category","embeddable":true,"href":"\/antaviana2025\/wp-json\/wp\/v2\/categories?post=596"},{"taxonomy":"post_tag","embeddable":true,"href":"\/antaviana2025\/wp-json\/wp\/v2\/tags?post=596"}],"curies":[{"name":"wp","href":"https:\/\/api.w.org\/{rel}","templated":true}]}}