{"id":613,"date":"2025-03-31T14:00:00","date_gmt":"2025-03-31T12:00:00","guid":{"rendered":"\/antaviana2025\/?p=613"},"modified":"2025-05-12T22:01:38","modified_gmt":"2025-05-12T20:01:38","slug":"mercat-de-les-flors-natural-order-of-things","status":"publish","type":"post","link":"\/antaviana2025\/mercat-de-les-flors-natural-order-of-things\/","title":{"rendered":"Mercat de les Flors- Natural order of things"},"content":{"rendered":"\n<p class=\"wp-block-paragraph\">En aquesta visita al Mercat de les Flors,  vam fer el mateix cam\u00ed de sempre per a arribar al Mercat de les Flors. Vam agafar la linea verda per baixar a Poble Sec i caminar uns 10 minuts fins arribar-hi.<\/p>\n\n\n\n<figure class=\"wp-block-gallery has-nested-images columns-default is-cropped wp-block-gallery-1 is-layout-flex wp-block-gallery-is-layout-flex\">\n<figure class=\"wp-block-image size-large\"><img loading=\"lazy\" decoding=\"async\" width=\"1024\" height=\"768\" data-id=\"617\" src=\"\/antaviana2025\/wp-content\/uploads\/2025\/05\/20250327_102626-1-1024x768.jpg\" alt=\"\" class=\"wp-image-617\" srcset=\"\/antaviana2025\/wp-content\/uploads\/2025\/05\/20250327_102626-1-1024x768.jpg 1024w, \/antaviana2025\/wp-content\/uploads\/2025\/05\/20250327_102626-1-300x225.jpg 300w, \/antaviana2025\/wp-content\/uploads\/2025\/05\/20250327_102626-1-768x576.jpg 768w, \/antaviana2025\/wp-content\/uploads\/2025\/05\/20250327_102626-1-1536x1152.jpg 1536w, \/antaviana2025\/wp-content\/uploads\/2025\/05\/20250327_102626-1-2048x1536.jpg 2048w\" sizes=\"auto, (max-width: 767px) 89vw, (max-width: 1000px) 54vw, (max-width: 1071px) 543px, 580px\" \/><\/figure>\n\n\n\n<figure class=\"wp-block-image size-large\"><img loading=\"lazy\" decoding=\"async\" width=\"746\" height=\"1024\" data-id=\"616\" src=\"\/antaviana2025\/wp-content\/uploads\/2025\/05\/20250327_102552-746x1024.jpg\" alt=\"\" class=\"wp-image-616\" srcset=\"\/antaviana2025\/wp-content\/uploads\/2025\/05\/20250327_102552-746x1024.jpg 746w, \/antaviana2025\/wp-content\/uploads\/2025\/05\/20250327_102552-219x300.jpg 219w, \/antaviana2025\/wp-content\/uploads\/2025\/05\/20250327_102552-768x1054.jpg 768w, \/antaviana2025\/wp-content\/uploads\/2025\/05\/20250327_102552-1119x1536.jpg 1119w, \/antaviana2025\/wp-content\/uploads\/2025\/05\/20250327_102552-1492x2048.jpg 1492w, \/antaviana2025\/wp-content\/uploads\/2025\/05\/20250327_102552-scaled.jpg 1866w\" sizes=\"auto, (max-width: 706px) 89vw, (max-width: 767px) 82vw, 740px\" \/><\/figure>\n<\/figure>\n\n\n\n<p class=\"wp-block-paragraph\">Vam esperar uns minuts fins que ens van cridar per a entrar a la sala. Era la mateixa sala de l&#8217;\u00faltima vegada,  la MAC, ens van situar a la primera i segona  fila on es veia molt b\u00e9 a la companyia. Van apagar els llums i nou ballarins i ballarines estaven disposats en l\u00ednia recta i es deixaven caure una mica, per\u00f2 reaccionaven abans de caure totalment i posaven el peu. Anaven per l&#8217;escenari d&#8217;esquerra a dreta. Tots estaven tan sincronitzats que semblaven un. Feien aix\u00f2 unes quantes vegades m\u00e9s i una de les ballarines, de sobte, n&#8217;agafa un altre mentre que el grup continuava fent el mateix. Quan s\u2019aproparen a les dues que s&#8217;havien separat, les tornaven a integrar en el grup. Repetien aix\u00f2 i es dispersaven per l\u2019escenari. Tots i totes estaven fent coses diferents, en parelles, en trios i solos. Alguns es deixaven passar pels aires, feien acrob\u00e0cies, piruetes\u2026 L\u2019obra,  la major part era aix\u00ed,  agregant-hi elements com el so dels peus quan queien, les ombres que es reflectien al fons de l&#8217;espai.\u00a0<\/p>\n\n\n\n<figure class=\"wp-block-gallery has-nested-images columns-default is-cropped wp-block-gallery-2 is-layout-flex wp-block-gallery-is-layout-flex\">\n<figure class=\"wp-block-image size-large\"><img loading=\"lazy\" decoding=\"async\" width=\"1024\" height=\"768\" data-id=\"618\" src=\"\/antaviana2025\/wp-content\/uploads\/2025\/05\/20250327_115852-1-1024x768.jpg\" alt=\"\" class=\"wp-image-618\" srcset=\"\/antaviana2025\/wp-content\/uploads\/2025\/05\/20250327_115852-1-1024x768.jpg 1024w, \/antaviana2025\/wp-content\/uploads\/2025\/05\/20250327_115852-1-300x225.jpg 300w, \/antaviana2025\/wp-content\/uploads\/2025\/05\/20250327_115852-1-768x576.jpg 768w, \/antaviana2025\/wp-content\/uploads\/2025\/05\/20250327_115852-1-1536x1152.jpg 1536w, \/antaviana2025\/wp-content\/uploads\/2025\/05\/20250327_115852-1-2048x1536.jpg 2048w\" sizes=\"auto, (max-width: 767px) 89vw, (max-width: 1000px) 54vw, (max-width: 1071px) 543px, 580px\" \/><\/figure>\n\n\n\n<figure class=\"wp-block-image size-large\"><img loading=\"lazy\" decoding=\"async\" width=\"1024\" height=\"768\" data-id=\"619\" src=\"\/antaviana2025\/wp-content\/uploads\/2025\/05\/20250327_115828-1024x768.jpg\" alt=\"\" class=\"wp-image-619\" srcset=\"\/antaviana2025\/wp-content\/uploads\/2025\/05\/20250327_115828-1024x768.jpg 1024w, \/antaviana2025\/wp-content\/uploads\/2025\/05\/20250327_115828-300x225.jpg 300w, \/antaviana2025\/wp-content\/uploads\/2025\/05\/20250327_115828-768x576.jpg 768w, \/antaviana2025\/wp-content\/uploads\/2025\/05\/20250327_115828-1536x1152.jpg 1536w, \/antaviana2025\/wp-content\/uploads\/2025\/05\/20250327_115828-2048x1536.jpg 2048w\" sizes=\"auto, (max-width: 767px) 89vw, (max-width: 1000px) 54vw, (max-width: 1071px) 543px, 580px\" \/><\/figure>\n<\/figure>\n\n\n\n<p class=\"wp-block-paragraph\">La visita va finalitzar amb col\u00b7loqui amb la companyia: uns eren de M\u00e8xic, altres de Fran\u00e7a, o del L\u00edban. A la ronda de preguntes, es va preguntar quin significat tenia l&#8217;obra, ja que tots vam coincidir que era alguna cosa relacionada amb el mar, per\u00f2 no, ells no volien representar res.<\/p>\n\n\n\n<p class=\"wp-block-paragraph\">Quan vam acabar, vam tornar a l&#8217;institut.<\/p>\n\n\n\n<p class=\"wp-block-paragraph\">L&#8217;an\u00e8cdota va ser que ens vam asseure en uns seients que no estaven a prop del nostre grup. Un dels assistents es va posar al nostre costat. En acabar, ens va preguntar qu\u00e8 ens havia semblat l&#8217;espectacle i li vam respondre que molt b\u00e9. Ens va explicar que era de Par\u00eds i que un dels ballarins era el seu amic. Ens va sorprendre i vam preguntar-li quin de tots i ens el va assenyalar durant el col\u00b7loqui.<\/p>\n\n\n\n<figure class=\"wp-block-embed is-type-video is-provider-youtube wp-block-embed-youtube wp-embed-aspect-16-9 wp-has-aspect-ratio\"><div class=\"wp-block-embed__wrapper\">\n<iframe loading=\"lazy\" title=\"&#039;Natural Order of Things&#039; - GN|MC GUY NADER | MARIA CAMPOS\" width=\"525\" height=\"295\" src=\"https:\/\/www.youtube.com\/embed\/vjfvlE7mLeY?feature=oembed\" frameborder=\"0\" allow=\"accelerometer; autoplay; clipboard-write; encrypted-media; gyroscope; picture-in-picture; web-share\" referrerpolicy=\"strict-origin-when-cross-origin\" allowfullscreen><\/iframe>\n<\/div><\/figure>\n\n\n\n<p class=\"wp-block-paragraph\"><\/p>\n","protected":false},"excerpt":{"rendered":"<p>En aquesta visita al Mercat de les Flors, vam fer el mateix cam\u00ed de sempre per a arribar al Mercat de les Flors. Vam agafar la linea verda per baixar a Poble Sec i caminar uns 10 minuts fins arribar-hi. Vam esperar uns minuts fins que ens van cridar per a entrar a la sala. &hellip; <\/p>\n<p class=\"link-more\"><a href=\"\/antaviana2025\/mercat-de-les-flors-natural-order-of-things\/\" class=\"more-link\">Continua llegint <span class=\"screen-reader-text\">\u00abMercat de les Flors- Natural order of things\u00bb<\/span><\/a><\/p>\n","protected":false},"author":14,"featured_media":0,"comment_status":"open","ping_status":"open","sticky":false,"template":"","format":"standard","meta":{"footnotes":""},"categories":[1],"tags":[],"class_list":["post-613","post","type-post","status-publish","format-standard","hentry","category-general"],"_links":{"self":[{"href":"\/antaviana2025\/wp-json\/wp\/v2\/posts\/613","targetHints":{"allow":["GET"]}}],"collection":[{"href":"\/antaviana2025\/wp-json\/wp\/v2\/posts"}],"about":[{"href":"\/antaviana2025\/wp-json\/wp\/v2\/types\/post"}],"author":[{"embeddable":true,"href":"\/antaviana2025\/wp-json\/wp\/v2\/users\/14"}],"replies":[{"embeddable":true,"href":"\/antaviana2025\/wp-json\/wp\/v2\/comments?post=613"}],"version-history":[{"count":1,"href":"\/antaviana2025\/wp-json\/wp\/v2\/posts\/613\/revisions"}],"predecessor-version":[{"id":620,"href":"\/antaviana2025\/wp-json\/wp\/v2\/posts\/613\/revisions\/620"}],"wp:attachment":[{"href":"\/antaviana2025\/wp-json\/wp\/v2\/media?parent=613"}],"wp:term":[{"taxonomy":"category","embeddable":true,"href":"\/antaviana2025\/wp-json\/wp\/v2\/categories?post=613"},{"taxonomy":"post_tag","embeddable":true,"href":"\/antaviana2025\/wp-json\/wp\/v2\/tags?post=613"}],"curies":[{"name":"wp","href":"https:\/\/api.w.org\/{rel}","templated":true}]}}