{"id":174,"date":"2025-12-15T14:10:00","date_gmt":"2025-12-15T12:10:00","guid":{"rendered":"\/antaviana2026\/?p=174"},"modified":"2026-04-14T22:13:53","modified_gmt":"2026-04-14T20:13:53","slug":"sessio-10","status":"publish","type":"post","link":"\/antaviana2026\/sessio-10\/","title":{"rendered":"Sessi\u00f3 10"},"content":{"rendered":"\n<p class=\"wp-block-paragraph\">El dimecres 10 de desembre va ser la sessi\u00f3 10 d\u2019En Resid\u00e8ncia.<\/p>\n\n\n\n<p class=\"wp-block-paragraph\">Vam baixar al taller. La Marta i l\u2019Alejandro van explicar qu\u00e8 far\u00edem en aquella sessi\u00f3. Vam revisar i llegir les respostes a la situaci\u00f3 de la ve\u00efna que esqueixa perqu\u00e8 fem massa soroll al pati de la sessi\u00f3 8 que hav\u00edem posat a la llibreteta. A continuaci\u00f3, la Marta i l&#8217;Alejandro van escollir tres o quatre respostes per a argumentar. Vam seure en grups de tres o quatre persones.<\/p>\n\n\n\n<figure class=\"wp-block-image size-large\"><img loading=\"lazy\" decoding=\"async\" width=\"768\" height=\"1024\" src=\"\/antaviana2026\/wp-content\/uploads\/2026\/04\/1776196902210-768x1024.jpg\" alt=\"\" class=\"wp-image-175\" srcset=\"\/antaviana2026\/wp-content\/uploads\/2026\/04\/1776196902210-768x1024.jpg 768w, \/antaviana2026\/wp-content\/uploads\/2026\/04\/1776196902210-225x300.jpg 225w, \/antaviana2026\/wp-content\/uploads\/2026\/04\/1776196902210-1152x1536.jpg 1152w, \/antaviana2026\/wp-content\/uploads\/2026\/04\/1776196902210-1536x2048.jpg 1536w, \/antaviana2026\/wp-content\/uploads\/2026\/04\/1776196902210-scaled.jpg 1920w\" sizes=\"auto, (max-width: 767px) 89vw, (max-width: 1000px) 54vw, (max-width: 1071px) 543px, 580px\" \/><\/figure>\n\n\n\n<p class=\"wp-block-paragraph\">Un text tipus dels que van sortir en aquesta sessi\u00f3 seria com aquest:<\/p>\n\n\n\n<p class=\"wp-block-paragraph\">A la ve\u00efna\u00a0<\/p>\n\n\n\n<p class=\"has-vivid-cyan-blue-color has-text-color has-link-color wp-elements-1 wp-block-paragraph\"><strong>Portem tot el sant dia a classe tancats sense poder parlar, fent ex\u00e0mens, deures i escoltant com els professors s\u2019enrotllen com persianes. El pati \u00e9s l&#8217;\u00fanica escapat\u00f2ria per poder cridar i parlar amb tota llibertat i a\u00a0 ple pulm\u00f3, fins que no ens quedi aire, et demanem comprensi\u00f3 i respecte, si us plau, gr\u00e0cies.<\/strong><\/p>\n\n\n\n<p class=\"wp-block-paragraph\">En acabar, vam baixar a la Sala AAsf\u00e0ltica on vam fer una estona de relaxaci\u00f3. Vam agafar els matalassos, ens vam repartir per la sala i en Pau Xandri va conduir la relaxaci\u00f3.<\/p>\n","protected":false},"excerpt":{"rendered":"<p>El dimecres 10 de desembre va ser la sessi\u00f3 10 d\u2019En Resid\u00e8ncia. Vam baixar al taller. La Marta i l\u2019Alejandro van explicar qu\u00e8 far\u00edem en aquella sessi\u00f3. Vam revisar i llegir les respostes a la situaci\u00f3 de la ve\u00efna que esqueixa perqu\u00e8 fem massa soroll al pati de la sessi\u00f3 8 que hav\u00edem posat a &hellip; <\/p>\n<p class=\"link-more\"><a href=\"\/antaviana2026\/sessio-10\/\" class=\"more-link\">Continua llegint <span class=\"screen-reader-text\">\u00abSessi\u00f3 10\u00bb<\/span><\/a><\/p>\n","protected":false},"author":5,"featured_media":0,"comment_status":"closed","ping_status":"","sticky":false,"template":"","format":"standard","meta":{"footnotes":""},"categories":[1],"tags":[],"class_list":["post-174","post","type-post","status-publish","format-standard","hentry","category-general"],"_links":{"self":[{"href":"\/antaviana2026\/wp-json\/wp\/v2\/posts\/174","targetHints":{"allow":["GET"]}}],"collection":[{"href":"\/antaviana2026\/wp-json\/wp\/v2\/posts"}],"about":[{"href":"\/antaviana2026\/wp-json\/wp\/v2\/types\/post"}],"author":[{"embeddable":true,"href":"\/antaviana2026\/wp-json\/wp\/v2\/users\/5"}],"replies":[{"embeddable":true,"href":"\/antaviana2026\/wp-json\/wp\/v2\/comments?post=174"}],"version-history":[{"count":1,"href":"\/antaviana2026\/wp-json\/wp\/v2\/posts\/174\/revisions"}],"predecessor-version":[{"id":176,"href":"\/antaviana2026\/wp-json\/wp\/v2\/posts\/174\/revisions\/176"}],"wp:attachment":[{"href":"\/antaviana2026\/wp-json\/wp\/v2\/media?parent=174"}],"wp:term":[{"taxonomy":"category","embeddable":true,"href":"\/antaviana2026\/wp-json\/wp\/v2\/categories?post=174"},{"taxonomy":"post_tag","embeddable":true,"href":"\/antaviana2026\/wp-json\/wp\/v2\/tags?post=174"}],"curies":[{"name":"wp","href":"https:\/\/api.w.org\/{rel}","templated":true}]}}