{"id":177,"date":"2026-03-09T13:21:00","date_gmt":"2026-03-09T11:21:00","guid":{"rendered":"\/antaviana2026\/?p=177"},"modified":"2026-04-14T22:31:19","modified_gmt":"2026-04-14T20:31:19","slug":"excursio-centre-civic-barceloneta","status":"publish","type":"post","link":"\/antaviana2026\/excursio-centre-civic-barceloneta\/","title":{"rendered":"EXCURSI\u00d3 CENTRE C\u00cdVIC BARCELONETA"},"content":{"rendered":"\n<p class=\"wp-block-paragraph\">A l\u2019\u00faltima excursi\u00f3 vam comen\u00e7ar agafant la l\u00ednia L4 de metro fins a la parada de La Barceloneta. Despr\u00e9s vam caminar una estona i vam parar en una pla\u00e7a del barri per a esmorzar. Quan vam acabar, vam continuar caminant fins arribar al Centre C\u00edvic Barceloneta.<\/p>\n\n\n\n<figure class=\"wp-block-gallery has-nested-images columns-default is-cropped wp-block-gallery-1 is-layout-flex wp-block-gallery-is-layout-flex\">\n<figure class=\"wp-block-image size-large\"><img loading=\"lazy\" decoding=\"async\" width=\"1024\" height=\"768\" data-id=\"178\" src=\"\/antaviana2026\/wp-content\/uploads\/2026\/04\/1776197854826-1024x768.jpg\" alt=\"\" class=\"wp-image-178\" srcset=\"\/antaviana2026\/wp-content\/uploads\/2026\/04\/1776197854826-1024x768.jpg 1024w, \/antaviana2026\/wp-content\/uploads\/2026\/04\/1776197854826-300x225.jpg 300w, \/antaviana2026\/wp-content\/uploads\/2026\/04\/1776197854826-768x576.jpg 768w, \/antaviana2026\/wp-content\/uploads\/2026\/04\/1776197854826-1536x1152.jpg 1536w, \/antaviana2026\/wp-content\/uploads\/2026\/04\/1776197854826-2048x1536.jpg 2048w\" sizes=\"auto, (max-width: 767px) 89vw, (max-width: 1000px) 54vw, (max-width: 1071px) 543px, 580px\" \/><\/figure>\n\n\n\n<figure class=\"wp-block-image size-large\"><img loading=\"lazy\" decoding=\"async\" width=\"768\" height=\"1024\" data-id=\"179\" src=\"\/antaviana2026\/wp-content\/uploads\/2026\/04\/1776197855178-768x1024.jpg\" alt=\"\" class=\"wp-image-179\" srcset=\"\/antaviana2026\/wp-content\/uploads\/2026\/04\/1776197855178-768x1024.jpg 768w, \/antaviana2026\/wp-content\/uploads\/2026\/04\/1776197855178-225x300.jpg 225w, \/antaviana2026\/wp-content\/uploads\/2026\/04\/1776197855178-1152x1536.jpg 1152w, \/antaviana2026\/wp-content\/uploads\/2026\/04\/1776197855178-1536x2048.jpg 1536w, \/antaviana2026\/wp-content\/uploads\/2026\/04\/1776197855178-scaled.jpg 1920w\" sizes=\"auto, (max-width: 767px) 89vw, (max-width: 1000px) 54vw, (max-width: 1071px) 543px, 580px\" \/><\/figure>\n<\/figure>\n\n\n\n<p class=\"wp-block-paragraph\">Un cop dins, ens vam asseure en unes cadires i ens van fer una introducci\u00f3 abans que comenc\u00e9s la pe\u00e7a de dansa titulada \u00ab<a href=\"https:\/\/www.sat-teatre.cat\/ca\/p\/c\/645-platon-se-fue-de-escena.html\">Plat\u00f3n se fue de escena<\/a>\u00ab. Al principi va ser una mica estrany perqu\u00e8 la ballarina utiltzava un cap fet de guix que el movia de manera que sembl\u00e9s que era el seu cap. Despr\u00e9s va comen\u00e7ar a parlar com quan parles amb tu mateix i, finalment, es va posar dues llanternes en un frontal i va comen\u00e7ar a investigar l\u2019escenari.\u00a0<\/p>\n\n\n\n<p class=\"wp-block-paragraph\">Quan l\u2019obra va acabar, ens van demanar que agaf\u00e9ssim una cartolina amb les paraules Pregunta, Observaci\u00f3, Comentari i Resposta. Cadasc\u00fa es va posar on li semblava que havia d\u2019estar segons el que volia fer: preguntar, fer una observaci\u00f3, fer un comentari o respondre alguna pregunta. Despr\u00e9s, vam fer una activitat en parelles on hav\u00edem de discutir \u00abcridant\u00bb i contradient-nos. Quan sonava una can\u00e7\u00f3, canvi\u00e0vem de parella.<\/p>\n\n\n\n<figure class=\"wp-block-gallery has-nested-images columns-default is-cropped wp-block-gallery-2 is-layout-flex wp-block-gallery-is-layout-flex\">\n<figure class=\"wp-block-image size-large\"><img loading=\"lazy\" decoding=\"async\" width=\"768\" height=\"1024\" data-id=\"180\" src=\"\/antaviana2026\/wp-content\/uploads\/2026\/04\/1776197854520-768x1024.jpg\" alt=\"\" class=\"wp-image-180\" srcset=\"\/antaviana2026\/wp-content\/uploads\/2026\/04\/1776197854520-768x1024.jpg 768w, \/antaviana2026\/wp-content\/uploads\/2026\/04\/1776197854520-225x300.jpg 225w, \/antaviana2026\/wp-content\/uploads\/2026\/04\/1776197854520-1152x1536.jpg 1152w, \/antaviana2026\/wp-content\/uploads\/2026\/04\/1776197854520-1536x2048.jpg 1536w, \/antaviana2026\/wp-content\/uploads\/2026\/04\/1776197854520-scaled.jpg 1920w\" sizes=\"auto, (max-width: 767px) 89vw, (max-width: 1000px) 54vw, (max-width: 1071px) 543px, 580px\" \/><\/figure>\n\n\n\n<figure class=\"wp-block-image size-large\"><img loading=\"lazy\" decoding=\"async\" width=\"768\" height=\"1024\" data-id=\"181\" src=\"\/antaviana2026\/wp-content\/uploads\/2026\/04\/1776197854554-768x1024.jpg\" alt=\"\" class=\"wp-image-181\" srcset=\"\/antaviana2026\/wp-content\/uploads\/2026\/04\/1776197854554-768x1024.jpg 768w, \/antaviana2026\/wp-content\/uploads\/2026\/04\/1776197854554-225x300.jpg 225w, \/antaviana2026\/wp-content\/uploads\/2026\/04\/1776197854554-1152x1536.jpg 1152w, \/antaviana2026\/wp-content\/uploads\/2026\/04\/1776197854554-1536x2048.jpg 1536w, \/antaviana2026\/wp-content\/uploads\/2026\/04\/1776197854554-scaled.jpg 1920w\" sizes=\"auto, (max-width: 767px) 89vw, (max-width: 1000px) 54vw, (max-width: 1071px) 543px, 580px\" \/><\/figure>\n<\/figure>\n\n\n\n<p class=\"wp-block-paragraph\">Un cop acabada l\u2019activitat, ens vam asseure a terra, ens van fer uns comentaris i vam comen\u00e7ar a menjar el pica-pica que ens havien preparat. Quan vam acabar de menjar, ens vam acomiadar i vam anar a un parc gran per dinar. Finalment, vam tornar a l\u2019escola.<\/p>\n","protected":false},"excerpt":{"rendered":"<p>A l\u2019\u00faltima excursi\u00f3 vam comen\u00e7ar agafant la l\u00ednia L4 de metro fins a la parada de La Barceloneta. Despr\u00e9s vam caminar una estona i vam parar en una pla\u00e7a del barri per a esmorzar. Quan vam acabar, vam continuar caminant fins arribar al Centre C\u00edvic Barceloneta. Un cop dins, ens vam asseure en unes cadires &hellip; <\/p>\n<p class=\"link-more\"><a href=\"\/antaviana2026\/excursio-centre-civic-barceloneta\/\" class=\"more-link\">Continua llegint <span class=\"screen-reader-text\">\u00abEXCURSI\u00d3 CENTRE C\u00cdVIC BARCELONETA\u00bb<\/span><\/a><\/p>\n","protected":false},"author":5,"featured_media":0,"comment_status":"closed","ping_status":"","sticky":false,"template":"","format":"standard","meta":{"footnotes":""},"categories":[1],"tags":[],"class_list":["post-177","post","type-post","status-publish","format-standard","hentry","category-general"],"_links":{"self":[{"href":"\/antaviana2026\/wp-json\/wp\/v2\/posts\/177","targetHints":{"allow":["GET"]}}],"collection":[{"href":"\/antaviana2026\/wp-json\/wp\/v2\/posts"}],"about":[{"href":"\/antaviana2026\/wp-json\/wp\/v2\/types\/post"}],"author":[{"embeddable":true,"href":"\/antaviana2026\/wp-json\/wp\/v2\/users\/5"}],"replies":[{"embeddable":true,"href":"\/antaviana2026\/wp-json\/wp\/v2\/comments?post=177"}],"version-history":[{"count":1,"href":"\/antaviana2026\/wp-json\/wp\/v2\/posts\/177\/revisions"}],"predecessor-version":[{"id":182,"href":"\/antaviana2026\/wp-json\/wp\/v2\/posts\/177\/revisions\/182"}],"wp:attachment":[{"href":"\/antaviana2026\/wp-json\/wp\/v2\/media?parent=177"}],"wp:term":[{"taxonomy":"category","embeddable":true,"href":"\/antaviana2026\/wp-json\/wp\/v2\/categories?post=177"},{"taxonomy":"post_tag","embeddable":true,"href":"\/antaviana2026\/wp-json\/wp\/v2\/tags?post=177"}],"curies":[{"name":"wp","href":"https:\/\/api.w.org\/{rel}","templated":true}]}}