{"id":54,"date":"2025-10-13T10:26:09","date_gmt":"2025-10-13T08:26:09","guid":{"rendered":"\/antaviana2026\/?p=54"},"modified":"2026-02-03T13:10:43","modified_gmt":"2026-02-03T11:10:43","slug":"sessio-2","status":"publish","type":"post","link":"\/antaviana2026\/sessio-2\/","title":{"rendered":"Sessi\u00f3 2"},"content":{"rendered":"\n<p class=\"wp-block-paragraph\">En aquesta segona sessi\u00f3 vam comen\u00e7ar al taller de Tecnologia com a la sessi\u00f3 interior. Sembla ser que, de moment, totes les sessions les comen\u00e7arem al taller. <\/p>\n\n\n\n<p class=\"wp-block-paragraph\">L&#8217;Alejandro i la Marta van preguntar si alg\u00fa havia portat el que havien demanat en la sessi\u00f3 anterior, per\u00f2 ning\u00fa ho havia portat. A continuaci\u00f3 ens vam posar en grups i, en tres paperets,  vam escriure la resposta de tres preguntes. Les preguntes eren<\/p>\n\n\n\n<p class=\"has-vivid-cyan-blue-color has-text-color has-link-color has-x-large-font-size wp-elements-1 wp-block-paragraph\">Us han fet callar alguna vegada? Quan?<\/p>\n\n\n\n<p class=\"has-vivid-cyan-blue-color has-text-color has-link-color has-x-large-font-size wp-elements-2 wp-block-paragraph\">Per qu\u00e8 us han fet callar?<\/p>\n\n\n\n<p class=\"has-vivid-cyan-blue-color has-text-color has-link-color has-x-large-font-size wp-elements-3 wp-block-paragraph\">Qui us ha fet callar?<\/p>\n\n\n\n<p class=\"wp-block-paragraph\">Jo vaig posar que em van fer callar la meva mare un dia quan est\u00e0vem sopant. Em va fer callar perqu\u00e8 jo estava parlant i ella volia escoltar les not\u00edcies. <\/p>\n\n\n\n<p class=\"wp-block-paragraph\">A continuaci\u00f3, despr\u00e9s d&#8217;acabar aquest exercici i de posar en com\u00fa les diferents respostes dels diferents grups,<\/p>\n\n\n\n<p class=\"has-vivid-cyan-blue-color has-text-color has-link-color has-x-large-font-size wp-elements-4 wp-block-paragraph\">Al metro<\/p>\n\n\n\n<p class=\"has-vivid-cyan-blue-color has-text-color has-link-color has-x-large-font-size wp-elements-5 wp-block-paragraph\">Un dia al menjador<\/p>\n\n\n\n<p class=\"has-vivid-cyan-blue-color has-text-color has-link-color has-x-large-font-size wp-elements-6 wp-block-paragraph\">Una senyora gran<\/p>\n\n\n\n<p class=\"has-vivid-cyan-blue-color has-text-color has-link-color has-x-large-font-size wp-elements-7 wp-block-paragraph\">F\u00e8iem molt de soroll.<\/p>\n\n\n\n<p class=\"has-vivid-cyan-blue-color has-text-color has-link-color has-x-large-font-size wp-elements-8 wp-block-paragraph\">Crid\u00e0vem<\/p>\n\n\n\n<p class=\"wp-block-paragraph\">vam baixar a la Sala Aasf\u00e0ltica. Ells, els artistes, van proposar tornar a jugar al joc de \u201czip-zap-zup\u201d, i ho vam fer.  Va sortir molt millor que en la sessi\u00f3 anterior, vam aguantar molt\u00edssim. Ho vam fer diferent aquesta vegada, quan alg\u00fa s\u2019equivocava deixava de jugar. Alguns vam aguantar fins al final perqu\u00e8 est\u00e0vem concentrats. <\/p>\n\n\n\n<figure class=\"wp-block-gallery has-nested-images columns-default is-cropped wp-block-gallery-1 is-layout-flex wp-block-gallery-is-layout-flex\">\n<figure class=\"wp-block-image size-large\"><img loading=\"lazy\" decoding=\"async\" width=\"768\" height=\"1024\" data-id=\"81\" src=\"\/antaviana2026\/wp-content\/uploads\/2025\/10\/1769365117946-768x1024.jpg\" alt=\"\" class=\"wp-image-81\" srcset=\"\/antaviana2026\/wp-content\/uploads\/2025\/10\/1769365117946-768x1024.jpg 768w, \/antaviana2026\/wp-content\/uploads\/2025\/10\/1769365117946-225x300.jpg 225w, \/antaviana2026\/wp-content\/uploads\/2025\/10\/1769365117946-1152x1536.jpg 1152w, \/antaviana2026\/wp-content\/uploads\/2025\/10\/1769365117946-1536x2048.jpg 1536w, \/antaviana2026\/wp-content\/uploads\/2025\/10\/1769365117946-scaled.jpg 1920w\" sizes=\"auto, (max-width: 767px) 89vw, (max-width: 1000px) 54vw, (max-width: 1071px) 543px, 580px\" \/><\/figure>\n\n\n\n<figure class=\"wp-block-image size-large\"><img loading=\"lazy\" decoding=\"async\" width=\"768\" height=\"1024\" data-id=\"80\" src=\"\/antaviana2026\/wp-content\/uploads\/2025\/10\/1769365117870-768x1024.jpg\" alt=\"\" class=\"wp-image-80\" srcset=\"\/antaviana2026\/wp-content\/uploads\/2025\/10\/1769365117870-768x1024.jpg 768w, \/antaviana2026\/wp-content\/uploads\/2025\/10\/1769365117870-225x300.jpg 225w, \/antaviana2026\/wp-content\/uploads\/2025\/10\/1769365117870-1152x1536.jpg 1152w, \/antaviana2026\/wp-content\/uploads\/2025\/10\/1769365117870-1536x2048.jpg 1536w, \/antaviana2026\/wp-content\/uploads\/2025\/10\/1769365117870-scaled.jpg 1920w\" sizes=\"auto, (max-width: 767px) 89vw, (max-width: 1000px) 54vw, (max-width: 1071px) 543px, 580px\" \/><\/figure>\n\n\n\n<figure class=\"wp-block-image size-large\"><img loading=\"lazy\" decoding=\"async\" width=\"1024\" height=\"768\" data-id=\"82\" src=\"\/antaviana2026\/wp-content\/uploads\/2025\/10\/1769365117662-1024x768.jpg\" alt=\"\" class=\"wp-image-82\" srcset=\"\/antaviana2026\/wp-content\/uploads\/2025\/10\/1769365117662-1024x768.jpg 1024w, \/antaviana2026\/wp-content\/uploads\/2025\/10\/1769365117662-300x225.jpg 300w, \/antaviana2026\/wp-content\/uploads\/2025\/10\/1769365117662-768x576.jpg 768w, \/antaviana2026\/wp-content\/uploads\/2025\/10\/1769365117662-1536x1152.jpg 1536w, \/antaviana2026\/wp-content\/uploads\/2025\/10\/1769365117662-2048x1536.jpg 2048w\" sizes=\"auto, (max-width: 767px) 89vw, (max-width: 1000px) 54vw, (max-width: 1071px) 543px, 580px\" \/><\/figure>\n<\/figure>\n\n\n\n<p class=\"wp-block-paragraph\">Despr\u00e9s vam jugar al mata conills, per\u00f2 com que no ten\u00edem pilota, en vam agafar una que s\u2019havia penjat. La vam poder agafar gr\u00e0cies a la Natalia, una de les m\u00e9s altes de la classe. Ella es va enfilar en una cadira, va agafar una escombra i la va fer baixar. <\/p>\n\n\n\n<p class=\"wp-block-paragraph\">Quan vam acabar,  ens van dir que a la sessi\u00f3 seg\u00fcent hav\u00edem de portar un so de la nostra vida quotidiana. Vam asseure&#8217;ns en cercle i vam comen\u00e7ar a dir sons: <\/p>\n\n\n\n<p class=\"has-vivid-green-cyan-color has-text-color has-link-color has-medium-font-size wp-elements-9 wp-block-paragraph\">campana         xiclet           bol\u00edgraf               porta que es tanca<\/p>\n\n\n\n<p class=\"has-vivid-green-cyan-color has-text-color has-link-color has-medium-font-size wp-elements-10 wp-block-paragraph\">full de paper            pin\u00e7a dels cabells         &#8230;<\/p>\n\n\n\n<figure class=\"wp-block-image size-large\"><img loading=\"lazy\" decoding=\"async\" width=\"576\" height=\"1024\" src=\"\/antaviana2026\/wp-content\/uploads\/2025\/10\/1769367422336-576x1024.jpg\" alt=\"\" class=\"wp-image-84\" srcset=\"\/antaviana2026\/wp-content\/uploads\/2025\/10\/1769367422336-576x1024.jpg 576w, \/antaviana2026\/wp-content\/uploads\/2025\/10\/1769367422336-169x300.jpg 169w, \/antaviana2026\/wp-content\/uploads\/2025\/10\/1769367422336-768x1365.jpg 768w, \/antaviana2026\/wp-content\/uploads\/2025\/10\/1769367422336-864x1536.jpg 864w, \/antaviana2026\/wp-content\/uploads\/2025\/10\/1769367422336.jpg 1152w\" sizes=\"auto, (max-width: 576px) 100vw, 576px\" \/><\/figure>\n\n\n\n<p class=\"wp-block-paragraph\">Jo vaig dir el perfum i aix\u00f2 \u00e9s el que portar\u00e9 la seg\u00fcent sessi\u00f3.<\/p>\n\n\n\n<p class=\"wp-block-paragraph\"><\/p>\n","protected":false},"excerpt":{"rendered":"<p>En aquesta segona sessi\u00f3 vam comen\u00e7ar al taller de Tecnologia com a la sessi\u00f3 interior. Sembla ser que, de moment, totes les sessions les comen\u00e7arem al taller. L&#8217;Alejandro i la Marta van preguntar si alg\u00fa havia portat el que havien demanat en la sessi\u00f3 anterior, per\u00f2 ning\u00fa ho havia portat. A continuaci\u00f3 ens vam posar &hellip; <\/p>\n<p class=\"link-more\"><a href=\"\/antaviana2026\/sessio-2\/\" class=\"more-link\">Continua llegint <span class=\"screen-reader-text\">\u00abSessi\u00f3 2\u00bb<\/span><\/a><\/p>\n","protected":false},"author":5,"featured_media":0,"comment_status":"closed","ping_status":"","sticky":false,"template":"","format":"standard","meta":{"footnotes":""},"categories":[1],"tags":[],"class_list":["post-54","post","type-post","status-publish","format-standard","hentry","category-general"],"_links":{"self":[{"href":"\/antaviana2026\/wp-json\/wp\/v2\/posts\/54","targetHints":{"allow":["GET"]}}],"collection":[{"href":"\/antaviana2026\/wp-json\/wp\/v2\/posts"}],"about":[{"href":"\/antaviana2026\/wp-json\/wp\/v2\/types\/post"}],"author":[{"embeddable":true,"href":"\/antaviana2026\/wp-json\/wp\/v2\/users\/5"}],"replies":[{"embeddable":true,"href":"\/antaviana2026\/wp-json\/wp\/v2\/comments?post=54"}],"version-history":[{"count":2,"href":"\/antaviana2026\/wp-json\/wp\/v2\/posts\/54\/revisions"}],"predecessor-version":[{"id":85,"href":"\/antaviana2026\/wp-json\/wp\/v2\/posts\/54\/revisions\/85"}],"wp:attachment":[{"href":"\/antaviana2026\/wp-json\/wp\/v2\/media?parent=54"}],"wp:term":[{"taxonomy":"category","embeddable":true,"href":"\/antaviana2026\/wp-json\/wp\/v2\/categories?post=54"},{"taxonomy":"post_tag","embeddable":true,"href":"\/antaviana2026\/wp-json\/wp\/v2\/tags?post=54"}],"curies":[{"name":"wp","href":"https:\/\/api.w.org\/{rel}","templated":true}]}}