{"id":71,"date":"2025-12-01T13:46:47","date_gmt":"2025-12-01T11:46:47","guid":{"rendered":"\/antaviana2026\/?p=71"},"modified":"2026-01-21T14:00:59","modified_gmt":"2026-01-21T12:00:59","slug":"sessio-8","status":"publish","type":"post","link":"\/antaviana2026\/sessio-8\/","title":{"rendered":"Sessi\u00f3 8"},"content":{"rendered":"\n<p class=\"wp-block-paragraph\">A la sessi\u00f3 8, vam comen\u00e7ar anant al taller com sempre i cada grup estava en una taula diferent. Vam fer unes activitats que consistien en imaginar-nos que mentre est\u00e0vem al pati una senyora o ve\u00efna ens deia que est\u00e0vem cridant massa. Hav\u00edem d\u2019escriure tres respostes diferents a la llibreta argumentant perqu\u00e8 est\u00e0vem cridant. Les meves van ser:<\/p>\n\n\n\n<p class=\"has-vivid-cyan-blue-color has-text-color has-link-color has-medium-font-size wp-elements-1 wp-block-paragraph\"><strong>-Senyora, aix\u00f2 \u00e9s un espai p\u00fablic i no hi ha cap norma que obligui a estar en silenci.<\/strong><\/p>\n\n\n\n<p class=\"has-vivid-cyan-blue-color has-text-color has-link-color has-medium-font-size wp-elements-2 wp-block-paragraph\"><strong>-Passo de tu, la denunciar\u00e9 per difamaci\u00f3.<\/strong><\/p>\n\n\n\n<p class=\"has-vivid-cyan-blue-color has-text-color has-link-color has-medium-font-size wp-elements-3 wp-block-paragraph\"><strong>-Tens ra\u00f3, no cridar\u00e9 m\u00e9s.<\/strong><\/p>\n\n\n\n<p class=\"wp-block-paragraph\">Mentre escriv\u00edem aquestes respostes, la Marta i l\u2019Alejandro se&#8217;ns emportaven un per un en una sala que  l&#8217;anomenen \u201cpeixera\u201d perqu\u00e8 \u00e9s petita i t\u00e9 una gran finestra que dona a la biblioteca de l&#8217;ESO. Ens van fer preguntes com ara si ten\u00edem germans, com ens trob\u00e0vem a casa, quines assignatures ens costaven m\u00e9s o quines activitats ens agradava m\u00e9s fer en el nostre temps lliure (no ho s\u00e9 molt b\u00e9, m&#8217;ho han explicat, perqu\u00e8 jo no vaig tenir temps d\u2019anar amb l\u2019Alejandro i la Marta).<\/p>\n\n\n\n<p class=\"wp-block-paragraph\">Despr\u00e9s vam jugar a \u201cl\u2019impostor\u201d, per\u00f2 en lloc de parlar hav\u00edem de fer gestos. Cada alumne rebia una situaci\u00f3 escrita en un paper i l\u2019havia de representar amb el cos. Hi havia tres impostors que actuaven de manera diferent. Durant aquesta sessi\u00f3 no vam anar a la Sala AAsf\u00e0ltica.<\/p>\n\n\n\n<p class=\"wp-block-paragraph\">I aix\u00ed va ser la sessi\u00f3 8.<\/p>\n\n\n\n<p class=\"wp-block-paragraph\"><\/p>\n","protected":false},"excerpt":{"rendered":"<p>A la sessi\u00f3 8, vam comen\u00e7ar anant al taller com sempre i cada grup estava en una taula diferent. Vam fer unes activitats que consistien en imaginar-nos que mentre est\u00e0vem al pati una senyora o ve\u00efna ens deia que est\u00e0vem cridant massa. Hav\u00edem d\u2019escriure tres respostes diferents a la llibreta argumentant perqu\u00e8 est\u00e0vem cridant. Les &hellip; <\/p>\n<p class=\"link-more\"><a href=\"\/antaviana2026\/sessio-8\/\" class=\"more-link\">Continua llegint <span class=\"screen-reader-text\">\u00abSessi\u00f3 8\u00bb<\/span><\/a><\/p>\n","protected":false},"author":5,"featured_media":0,"comment_status":"closed","ping_status":"","sticky":false,"template":"","format":"standard","meta":{"footnotes":""},"categories":[1],"tags":[],"class_list":["post-71","post","type-post","status-publish","format-standard","hentry","category-general"],"_links":{"self":[{"href":"\/antaviana2026\/wp-json\/wp\/v2\/posts\/71","targetHints":{"allow":["GET"]}}],"collection":[{"href":"\/antaviana2026\/wp-json\/wp\/v2\/posts"}],"about":[{"href":"\/antaviana2026\/wp-json\/wp\/v2\/types\/post"}],"author":[{"embeddable":true,"href":"\/antaviana2026\/wp-json\/wp\/v2\/users\/5"}],"replies":[{"embeddable":true,"href":"\/antaviana2026\/wp-json\/wp\/v2\/comments?post=71"}],"version-history":[{"count":1,"href":"\/antaviana2026\/wp-json\/wp\/v2\/posts\/71\/revisions"}],"predecessor-version":[{"id":72,"href":"\/antaviana2026\/wp-json\/wp\/v2\/posts\/71\/revisions\/72"}],"wp:attachment":[{"href":"\/antaviana2026\/wp-json\/wp\/v2\/media?parent=71"}],"wp:term":[{"taxonomy":"category","embeddable":true,"href":"\/antaviana2026\/wp-json\/wp\/v2\/categories?post=71"},{"taxonomy":"post_tag","embeddable":true,"href":"\/antaviana2026\/wp-json\/wp\/v2\/tags?post=71"}],"curies":[{"name":"wp","href":"https:\/\/api.w.org\/{rel}","templated":true}]}}