{"id":138,"date":"2022-11-23T19:41:30","date_gmt":"2022-11-23T17:41:30","guid":{"rendered":"https:\/\/blocsenresidencia.bcn.cat\/20222023\/2022\/11\/23\/primeres-pel%c2%b7licules\/"},"modified":"2022-11-23T19:41:30","modified_gmt":"2022-11-23T17:41:30","slug":"primeres-pel%c2%b7licules","status":"publish","type":"post","link":"https:\/\/blocsenresidencia.bcn.cat\/20222023\/2022\/11\/23\/primeres-pel%c2%b7licules\/","title":{"rendered":"PRIMERES PEL\u00b7L\u00cdCULES"},"content":{"rendered":"<p>Des de <a href=\"https:\/\/blocsenresidencia.bcn.cat\/alzina2023\/2022\/11\/23\/primeres-pel%C2%B7licules\/\">Sara Manubens EN RESiD\u00c8NCiA<\/a><\/p>\n<div>\n<p>Ja portem varies setmanes treballant\u00a0 amb la Sara Manubens, i treballem MOLT.\u00a0<\/p>\n<figure class=\"is-layout-flex wp-block-gallery-1 wp-block-gallery has-nested-images columns-default is-cropped\">\n<figure class=\"wp-block-image size-large\"><img loading=\"lazy\" decoding=\"async\" width=\"1024\" height=\"462\" data-id=\"36\" src=\"https:\/\/blocsenresidencia.bcn.cat\/alzina2023\/wp-content\/uploads\/2022\/11\/1668428100291-1-1024x462.jpg\" alt=\"\" class=\"wp-image-36\" srcset=\"https:\/\/blocsenresidencia.bcn.cat\/alzina2023\/wp-content\/uploads\/2022\/11\/1668428100291-1-1024x462.jpg 1024w, https:\/\/blocsenresidencia.bcn.cat\/alzina2023\/wp-content\/uploads\/2022\/11\/1668428100291-1-300x135.jpg 300w, https:\/\/blocsenresidencia.bcn.cat\/alzina2023\/wp-content\/uploads\/2022\/11\/1668428100291-1-768x346.jpg 768w, https:\/\/blocsenresidencia.bcn.cat\/alzina2023\/wp-content\/uploads\/2022\/11\/1668428100291-1-1536x693.jpg 1536w, https:\/\/blocsenresidencia.bcn.cat\/alzina2023\/wp-content\/uploads\/2022\/11\/1668428100291-1-2048x924.jpg 2048w\" sizes=\"auto, (max-width: 767px) 89vw, (max-width: 1000px) 54vw, (max-width: 1071px) 543px, 580px\"><\/figure>\n<\/figure>\n<p>Les primeres sessions v\u00e0rem\u00a0fer\u00a0unes din\u00e0miques molt interessants: la Sara comen\u00e7ava les sessions amb un escalfament\/ preparaci\u00f3 perqu\u00e8 anem agafant din\u00e0miques de moviment i deixant-nos anar.<\/p>\n<figure class=\"wp-block-image size-large\"><img decoding=\"async\" loading=\"lazy\" width=\"1024\" height=\"771\" src=\"https:\/\/blocsenresidencia.bcn.cat\/alzina2023\/wp-content\/uploads\/2022\/11\/1664791413581-1024x771.jpg\" alt=\"\" class=\"wp-image-39\" srcset=\"https:\/\/blocsenresidencia.bcn.cat\/alzina2023\/wp-content\/uploads\/2022\/11\/1664791413581-1024x771.jpg 1024w, https:\/\/blocsenresidencia.bcn.cat\/alzina2023\/wp-content\/uploads\/2022\/11\/1664791413581-300x226.jpg 300w, https:\/\/blocsenresidencia.bcn.cat\/alzina2023\/wp-content\/uploads\/2022\/11\/1664791413581-768x578.jpg 768w, https:\/\/blocsenresidencia.bcn.cat\/alzina2023\/wp-content\/uploads\/2022\/11\/1664791413581-1536x1157.jpg 1536w, https:\/\/blocsenresidencia.bcn.cat\/alzina2023\/wp-content\/uploads\/2022\/11\/1664791413581-2048x1542.jpg 2048w\" sizes=\"auto, (max-width: 767px) 89vw, (max-width: 1000px) 54vw, (max-width: 1071px) 543px, 580px\"><\/figure>\n<p>Parlem dels nostres malsons, els nostres antagonistes, les pressions socials que ens envolten, que ens estrenyen, que ens segueixen\u2026 i els hi donem forma, els presentem i els representem.<\/p>\n<figure class=\"is-layout-flex wp-block-gallery-3 wp-block-gallery has-nested-images columns-default is-cropped\">\n<figure class=\"wp-block-image size-large\"><img decoding=\"async\" loading=\"lazy\" width=\"1024\" height=\"771\" data-id=\"37\" src=\"https:\/\/blocsenresidencia.bcn.cat\/alzina2023\/wp-content\/uploads\/2022\/11\/1666070101566-1024x771.jpg\" alt=\"\" class=\"wp-image-37\" srcset=\"https:\/\/blocsenresidencia.bcn.cat\/alzina2023\/wp-content\/uploads\/2022\/11\/1666070101566-1024x771.jpg 1024w, https:\/\/blocsenresidencia.bcn.cat\/alzina2023\/wp-content\/uploads\/2022\/11\/1666070101566-300x226.jpg 300w, https:\/\/blocsenresidencia.bcn.cat\/alzina2023\/wp-content\/uploads\/2022\/11\/1666070101566-768x578.jpg 768w, https:\/\/blocsenresidencia.bcn.cat\/alzina2023\/wp-content\/uploads\/2022\/11\/1666070101566-1536x1157.jpg 1536w, https:\/\/blocsenresidencia.bcn.cat\/alzina2023\/wp-content\/uploads\/2022\/11\/1666070101566-2048x1542.jpg 2048w\" sizes=\"auto, (max-width: 767px) 89vw, (max-width: 1000px) 54vw, (max-width: 1071px) 543px, 580px\"><\/figure>\n<\/figure>\n<p>Fem coses ben diferents, per\u00f2 sospitem que el cinema de terror, concretament el \u201cslasher\u201d (el g\u00e8nere de\u00a0 terror adolescent dels anys 70 i 80) i tindr\u00e0 un paper important.\u00a0<\/p>\n<figure class=\"wp-block-image size-large\"><img decoding=\"async\" loading=\"lazy\" width=\"1024\" height=\"768\" src=\"https:\/\/blocsenresidencia.bcn.cat\/alzina2023\/wp-content\/uploads\/2022\/11\/1665511517461-1024x768.jpg\" alt=\"\" class=\"wp-image-38\" srcset=\"https:\/\/blocsenresidencia.bcn.cat\/alzina2023\/wp-content\/uploads\/2022\/11\/1665511517461-1024x768.jpg 1024w, https:\/\/blocsenresidencia.bcn.cat\/alzina2023\/wp-content\/uploads\/2022\/11\/1665511517461-300x225.jpg 300w, https:\/\/blocsenresidencia.bcn.cat\/alzina2023\/wp-content\/uploads\/2022\/11\/1665511517461-768x576.jpg 768w, https:\/\/blocsenresidencia.bcn.cat\/alzina2023\/wp-content\/uploads\/2022\/11\/1665511517461-1536x1152.jpg 1536w, https:\/\/blocsenresidencia.bcn.cat\/alzina2023\/wp-content\/uploads\/2022\/11\/1665511517461-2048x1536.jpg 2048w\" sizes=\"auto, (max-width: 767px) 89vw, (max-width: 1000px) 54vw, (max-width: 1071px) 543px, 580px\"><\/figure>\n<p>De moment, ja hem vist \u201cCarrie\u201d i \u201cNightmare on Elm Street\u201d i, aix\u00f2, nom\u00e9s acaba de comen\u00e7ar! <\/p>\n<figure class=\"is-layout-flex wp-block-gallery-5 wp-block-gallery has-nested-images columns-default is-cropped\"><\/figure>\n<figure class=\"is-layout-flex wp-block-gallery-7 wp-block-gallery has-nested-images columns-default is-cropped\"><\/figure>\n<figure class=\"is-layout-flex wp-block-gallery-9 wp-block-gallery has-nested-images columns-default is-cropped\"><\/figure>\n<\/div>\n","protected":false},"excerpt":{"rendered":"<p>Des de Sara Manubens EN RESiD\u00c8NCiA Ja portem varies setmanes treballant\u00a0 amb la Sara Manubens, i treballem MOLT.\u00a0 Les primeres sessions v\u00e0rem\u00a0fer\u00a0unes din\u00e0miques molt interessants: la Sara comen\u00e7ava les sessions amb un escalfament\/ preparaci\u00f3 perqu\u00e8 anem agafant din\u00e0miques de moviment i deixant-nos anar. Parlem dels nostres malsons, els nostres antagonistes, les pressions socials que ens &hellip; <\/p>\n<p class=\"link-more\"><a href=\"https:\/\/blocsenresidencia.bcn.cat\/20222023\/2022\/11\/23\/primeres-pel%c2%b7licules\/\" class=\"more-link\">Continua llegint <span class=\"screen-reader-text\">\u00abPRIMERES PEL\u00b7L\u00cdCULES\u00bb<\/span><\/a><\/p>\n","protected":false},"author":5,"featured_media":0,"comment_status":"closed","ping_status":"closed","sticky":false,"template":"","format":"standard","meta":{"footnotes":""},"categories":[1],"tags":[],"class_list":["post-138","post","type-post","status-publish","format-standard","hentry","category-general"],"_links":{"self":[{"href":"https:\/\/blocsenresidencia.bcn.cat\/20222023\/wp-json\/wp\/v2\/posts\/138","targetHints":{"allow":["GET"]}}],"collection":[{"href":"https:\/\/blocsenresidencia.bcn.cat\/20222023\/wp-json\/wp\/v2\/posts"}],"about":[{"href":"https:\/\/blocsenresidencia.bcn.cat\/20222023\/wp-json\/wp\/v2\/types\/post"}],"author":[{"embeddable":true,"href":"https:\/\/blocsenresidencia.bcn.cat\/20222023\/wp-json\/wp\/v2\/users\/5"}],"replies":[{"embeddable":true,"href":"https:\/\/blocsenresidencia.bcn.cat\/20222023\/wp-json\/wp\/v2\/comments?post=138"}],"version-history":[{"count":0,"href":"https:\/\/blocsenresidencia.bcn.cat\/20222023\/wp-json\/wp\/v2\/posts\/138\/revisions"}],"wp:attachment":[{"href":"https:\/\/blocsenresidencia.bcn.cat\/20222023\/wp-json\/wp\/v2\/media?parent=138"}],"wp:term":[{"taxonomy":"category","embeddable":true,"href":"https:\/\/blocsenresidencia.bcn.cat\/20222023\/wp-json\/wp\/v2\/categories?post=138"},{"taxonomy":"post_tag","embeddable":true,"href":"https:\/\/blocsenresidencia.bcn.cat\/20222023\/wp-json\/wp\/v2\/tags?post=138"}],"curies":[{"name":"wp","href":"https:\/\/api.w.org\/{rel}","templated":true}]}}