{"id":143,"date":"2022-11-28T22:21:27","date_gmt":"2022-11-28T20:21:27","guid":{"rendered":"https:\/\/blocsenresidencia.bcn.cat\/20222023\/2022\/11\/28\/punt-de-partida\/"},"modified":"2022-11-28T22:21:27","modified_gmt":"2022-11-28T20:21:27","slug":"punt-de-partida","status":"publish","type":"post","link":"https:\/\/blocsenresidencia.bcn.cat\/20222023\/2022\/11\/28\/punt-de-partida\/","title":{"rendered":"Punt de partida\u2026"},"content":{"rendered":"<p>Des de <a href=\"https:\/\/blocsenresidencia.bcn.cat\/trinitatnova2023\/2022\/11\/28\/punt-de-partida\/\">Xesca Salv\u00e0 EN RESiD\u00c8NCiA<\/a><\/p>\n<div>\n<p class=\"has-text-align-left\">La primera activitat que ens va proposar Xesca va ser dibuixar-nos a nosaltres mateixos sense veure el dibuix. Hav\u00edem de posar-nos una fulla al davant i dibuixar la nostra cara, ella ens donava una ordre cada vegada d\u2019una part de la nostra cara. Despr\u00e9s al acabar vam comparar els dibuixosi vam riure mirant-los. \u2013 Subhan i Elian<\/p>\n<div class=\"wp-block-image\">\n<figure class=\"alignleft size-large is-resized\"><img loading=\"lazy\" decoding=\"async\" src=\"https:\/\/blocsenresidencia.bcn.cat\/trinitatnova2023\/wp-content\/uploads\/2022\/11\/IMG_9616-721x1024.jpg\" alt=\"\" class=\"wp-image-51\" width=\"280\" height=\"396\"><figcaption class=\"wp-element-caption\">Bon dia! Em dic Saily, tinc 13 anys, s\u00f3c alumna de 3r d\u2019ESO T, vinc <em>d\u2019Honduras <\/em>i vaig escollir EnResid\u00e8ncia perqu\u00e8 m\u2019agraden les manualitats.<\/figcaption><\/figure>\n<\/div>\n<div class=\"wp-block-image\">\n<figure class=\"alignleft size-large is-resized\"><img decoding=\"async\" loading=\"lazy\" src=\"https:\/\/blocsenresidencia.bcn.cat\/trinitatnova2023\/wp-content\/uploads\/2022\/11\/IMG_9617-747x1024.jpg\" alt=\"\" class=\"wp-image-52\" width=\"297\" height=\"406\" srcset=\"https:\/\/blocsenresidencia.bcn.cat\/trinitatnova2023\/wp-content\/uploads\/2022\/11\/IMG_9617-747x1024.jpg 747w, https:\/\/blocsenresidencia.bcn.cat\/trinitatnova2023\/wp-content\/uploads\/2022\/11\/IMG_9617-219x300.jpg 219w, https:\/\/blocsenresidencia.bcn.cat\/trinitatnova2023\/wp-content\/uploads\/2022\/11\/IMG_9617-768x1052.jpg 768w, https:\/\/blocsenresidencia.bcn.cat\/trinitatnova2023\/wp-content\/uploads\/2022\/11\/IMG_9617-1121x1536.jpg 1121w, https:\/\/blocsenresidencia.bcn.cat\/trinitatnova2023\/wp-content\/uploads\/2022\/11\/IMG_9617-1495x2048.jpg 1495w, https:\/\/blocsenresidencia.bcn.cat\/trinitatnova2023\/wp-content\/uploads\/2022\/11\/IMG_9617-scaled.jpg 1868w\" sizes=\"auto, (max-width: 297px) 100vw, 297px\"><figcaption class=\"wp-element-caption\">Hola s\u00f3c Diana, tinc 14 anys, s\u00f3c de <em>Georgia <\/em>\/Tbilisi. Havia escollit aquest optativa perqu\u00e8 m\u2019agrada la creativitat.\u00a0<\/figcaption><\/figure>\n<\/div>\n<div class=\"wp-block-image\">\n<figure class=\"alignright size-large is-resized\"><img decoding=\"async\" loading=\"lazy\" src=\"https:\/\/blocsenresidencia.bcn.cat\/trinitatnova2023\/wp-content\/uploads\/2022\/11\/IMG_9623-701x1024.jpg\" alt=\"\" class=\"wp-image-56\" width=\"313\" height=\"456\" srcset=\"https:\/\/blocsenresidencia.bcn.cat\/trinitatnova2023\/wp-content\/uploads\/2022\/11\/IMG_9623-701x1024.jpg 701w, https:\/\/blocsenresidencia.bcn.cat\/trinitatnova2023\/wp-content\/uploads\/2022\/11\/IMG_9623-205x300.jpg 205w, https:\/\/blocsenresidencia.bcn.cat\/trinitatnova2023\/wp-content\/uploads\/2022\/11\/IMG_9623-768x1122.jpg 768w, https:\/\/blocsenresidencia.bcn.cat\/trinitatnova2023\/wp-content\/uploads\/2022\/11\/IMG_9623-1051x1536.jpg 1051w, https:\/\/blocsenresidencia.bcn.cat\/trinitatnova2023\/wp-content\/uploads\/2022\/11\/IMG_9623-scaled.jpg 1752w\" sizes=\"auto, (max-width: 313px) 100vw, 313px\"><\/figure>\n<\/div>\n<div class=\"wp-block-image\">\n<figure class=\"alignleft size-large is-resized\"><img decoding=\"async\" loading=\"lazy\" src=\"https:\/\/blocsenresidencia.bcn.cat\/trinitatnova2023\/wp-content\/uploads\/2022\/11\/IMG_9622-719x1024.jpg\" alt=\"\" class=\"wp-image-55\" width=\"312\" height=\"445\" srcset=\"https:\/\/blocsenresidencia.bcn.cat\/trinitatnova2023\/wp-content\/uploads\/2022\/11\/IMG_9622-719x1024.jpg 719w, https:\/\/blocsenresidencia.bcn.cat\/trinitatnova2023\/wp-content\/uploads\/2022\/11\/IMG_9622-211x300.jpg 211w, https:\/\/blocsenresidencia.bcn.cat\/trinitatnova2023\/wp-content\/uploads\/2022\/11\/IMG_9622-768x1094.jpg 768w, https:\/\/blocsenresidencia.bcn.cat\/trinitatnova2023\/wp-content\/uploads\/2022\/11\/IMG_9622-1079x1536.jpg 1079w, https:\/\/blocsenresidencia.bcn.cat\/trinitatnova2023\/wp-content\/uploads\/2022\/11\/IMG_9622-1438x2048.jpg 1438w, https:\/\/blocsenresidencia.bcn.cat\/trinitatnova2023\/wp-content\/uploads\/2022\/11\/IMG_9622-scaled.jpg 1798w\" sizes=\"auto, (max-width: 312px) 100vw, 312px\"><figcaption class=\"wp-element-caption\">Elian, tinc 14 i he nascut a Rep\u00fablica Dominicana.<\/figcaption><\/figure>\n<\/div>\n<div class=\"wp-block-image\">\n<figure class=\"alignright size-large is-resized\"><img decoding=\"async\" loading=\"lazy\" src=\"https:\/\/blocsenresidencia.bcn.cat\/trinitatnova2023\/wp-content\/uploads\/2022\/11\/IMG_9630-700x1024.jpg\" alt=\"\" class=\"wp-image-59\" width=\"313\" height=\"457\" srcset=\"https:\/\/blocsenresidencia.bcn.cat\/trinitatnova2023\/wp-content\/uploads\/2022\/11\/IMG_9630-700x1024.jpg 700w, https:\/\/blocsenresidencia.bcn.cat\/trinitatnova2023\/wp-content\/uploads\/2022\/11\/IMG_9630-205x300.jpg 205w, https:\/\/blocsenresidencia.bcn.cat\/trinitatnova2023\/wp-content\/uploads\/2022\/11\/IMG_9630-768x1123.jpg 768w, https:\/\/blocsenresidencia.bcn.cat\/trinitatnova2023\/wp-content\/uploads\/2022\/11\/IMG_9630-1050x1536.jpg 1050w, https:\/\/blocsenresidencia.bcn.cat\/trinitatnova2023\/wp-content\/uploads\/2022\/11\/IMG_9630-1401x2048.jpg 1401w, https:\/\/blocsenresidencia.bcn.cat\/trinitatnova2023\/wp-content\/uploads\/2022\/11\/IMG_9630-scaled.jpg 1751w\" sizes=\"auto, (max-width: 313px) 100vw, 313px\"><figcaption class=\"wp-element-caption\">Hola, s\u00f3c <em>Oleksandr<\/em>, s\u00f3c d\u2019Ucra\u00efna. Tinc 14 anys per\u00f2 s\u00f3c molt alt. Parlo nom\u00e9s un poc d\u2019espanyol, per\u00f2 estic aprenent. Tamb\u00e9 s\u00f3c intel\u00b7ligent. Tinc moltes aficions a la meua vida, per exemple, m\u2019agrada aprendre idiomes.<\/figcaption><\/figure>\n<\/div>\n<figure class=\"wp-block-image size-large is-resized\"><img decoding=\"async\" loading=\"lazy\" src=\"https:\/\/blocsenresidencia.bcn.cat\/trinitatnova2023\/wp-content\/uploads\/2022\/11\/IMG_9620-1-682x1024.jpg\" alt=\"\" class=\"wp-image-60\" width=\"328\" height=\"491\" srcset=\"https:\/\/blocsenresidencia.bcn.cat\/trinitatnova2023\/wp-content\/uploads\/2022\/11\/IMG_9620-1-682x1024.jpg 682w, https:\/\/blocsenresidencia.bcn.cat\/trinitatnova2023\/wp-content\/uploads\/2022\/11\/IMG_9620-1-200x300.jpg 200w, https:\/\/blocsenresidencia.bcn.cat\/trinitatnova2023\/wp-content\/uploads\/2022\/11\/IMG_9620-1-768x1153.jpg 768w, https:\/\/blocsenresidencia.bcn.cat\/trinitatnova2023\/wp-content\/uploads\/2022\/11\/IMG_9620-1-1023x1536.jpg 1023w, https:\/\/blocsenresidencia.bcn.cat\/trinitatnova2023\/wp-content\/uploads\/2022\/11\/IMG_9620-1-1364x2048.jpg 1364w, https:\/\/blocsenresidencia.bcn.cat\/trinitatnova2023\/wp-content\/uploads\/2022\/11\/IMG_9620-1-scaled.jpg 1705w\" sizes=\"auto, (max-width: 328px) 100vw, 328px\"><figcaption class=\"wp-element-caption\">S\u00f3c d\u2019Ucra\u00efna, de Kiev. M\u2019agrada la Resid\u00e8ncia, perqu\u00e8 \u00e9s molt interessant aqu\u00ed pots relaxar-te i dedicar-te a la creativitat. \u2013 Anastasiia<\/figcaption><\/figure>\n<div class=\"wp-block-image\">\n<figure class=\"alignright size-large is-resized\"><img decoding=\"async\" loading=\"lazy\" src=\"https:\/\/blocsenresidencia.bcn.cat\/trinitatnova2023\/wp-content\/uploads\/2022\/11\/IMG_9615-1-734x1024.jpg\" alt=\"\" class=\"wp-image-65\" width=\"351\" height=\"489\" srcset=\"https:\/\/blocsenresidencia.bcn.cat\/trinitatnova2023\/wp-content\/uploads\/2022\/11\/IMG_9615-1-734x1024.jpg 734w, https:\/\/blocsenresidencia.bcn.cat\/trinitatnova2023\/wp-content\/uploads\/2022\/11\/IMG_9615-1-215x300.jpg 215w, https:\/\/blocsenresidencia.bcn.cat\/trinitatnova2023\/wp-content\/uploads\/2022\/11\/IMG_9615-1-768x1072.jpg 768w, https:\/\/blocsenresidencia.bcn.cat\/trinitatnova2023\/wp-content\/uploads\/2022\/11\/IMG_9615-1-1100x1536.jpg 1100w, https:\/\/blocsenresidencia.bcn.cat\/trinitatnova2023\/wp-content\/uploads\/2022\/11\/IMG_9615-1-1467x2048.jpg 1467w, https:\/\/blocsenresidencia.bcn.cat\/trinitatnova2023\/wp-content\/uploads\/2022\/11\/IMG_9615-1-scaled.jpg 1834w\" sizes=\"auto, (max-width: 351px) 100vw, 351px\"><figcaption class=\"wp-element-caption\">Hola! S\u00f3c Lindsay, s\u00f3c de 3r de l\u2019ESO. Tinc 14 anys i el meu pa\u00eds natal \u00e9s <em>Honduras<\/em>. Vaig escollir En Resid\u00e8ncia com optativa perqu\u00e8 m\u2019agrada l\u2019art, sobretot dibuixar. El meu estil de dibuix \u00e9s de tipus <em>manga<\/em>.<\/figcaption><\/figure>\n<\/div>\n<div class=\"wp-block-image\">\n<figure class=\"alignleft size-large is-resized\"><img decoding=\"async\" loading=\"lazy\" src=\"https:\/\/blocsenresidencia.bcn.cat\/trinitatnova2023\/wp-content\/uploads\/2022\/11\/IMG_9616-1-721x1024.jpg\" alt=\"\" class=\"wp-image-66\" width=\"295\" height=\"419\" srcset=\"https:\/\/blocsenresidencia.bcn.cat\/trinitatnova2023\/wp-content\/uploads\/2022\/11\/IMG_9616-1-721x1024.jpg 721w, https:\/\/blocsenresidencia.bcn.cat\/trinitatnova2023\/wp-content\/uploads\/2022\/11\/IMG_9616-1-211x300.jpg 211w, https:\/\/blocsenresidencia.bcn.cat\/trinitatnova2023\/wp-content\/uploads\/2022\/11\/IMG_9616-1-768x1091.jpg 768w, https:\/\/blocsenresidencia.bcn.cat\/trinitatnova2023\/wp-content\/uploads\/2022\/11\/IMG_9616-1-1081x1536.jpg 1081w, https:\/\/blocsenresidencia.bcn.cat\/trinitatnova2023\/wp-content\/uploads\/2022\/11\/IMG_9616-1-1441x2048.jpg 1441w, https:\/\/blocsenresidencia.bcn.cat\/trinitatnova2023\/wp-content\/uploads\/2022\/11\/IMG_9616-1-scaled.jpg 1801w\" sizes=\"auto, (max-width: 295px) 100vw, 295px\"><figcaption class=\"wp-element-caption\">Buen d\u00eda! Em dic Saily, tinc 13 anys s\u00f3c alumna de 3r ESO T vinc <em>d\u2019Honduras<\/em> i vaig escollir En Resid\u00e8ncia perqu\u00e8 m\u2019agraden les manualitats.<br \/><\/figcaption><\/figure>\n<\/div>\n<p class=\"has-text-align-right\"><em>Hola, com est\u00e0s? Jo s\u00f3c la Maryam, vinc del Marroc. M\u2019encanta dibuixar perqu\u00e8 \u00e9s una afici\u00f3 que expressa el que passa dins d\u2019una persona, tristesa, alegria, felicitat, mis\u00e8ria.<\/em><\/p>\n<\/div>\n","protected":false},"excerpt":{"rendered":"<p>Des de Xesca Salv\u00e0 EN RESiD\u00c8NCiA La primera activitat que ens va proposar Xesca va ser dibuixar-nos a nosaltres mateixos sense veure el dibuix. Hav\u00edem de posar-nos una fulla al davant i dibuixar la nostra cara, ella ens donava una ordre cada vegada d\u2019una part de la nostra cara. Despr\u00e9s al acabar vam comparar els &hellip; <\/p>\n<p class=\"link-more\"><a href=\"https:\/\/blocsenresidencia.bcn.cat\/20222023\/2022\/11\/28\/punt-de-partida\/\" class=\"more-link\">Continua llegint <span class=\"screen-reader-text\">\u00abPunt de partida\u2026\u00bb<\/span><\/a><\/p>\n","protected":false},"author":5,"featured_media":0,"comment_status":"closed","ping_status":"closed","sticky":false,"template":"","format":"standard","meta":{"footnotes":""},"categories":[1],"tags":[],"class_list":["post-143","post","type-post","status-publish","format-standard","hentry","category-general"],"_links":{"self":[{"href":"https:\/\/blocsenresidencia.bcn.cat\/20222023\/wp-json\/wp\/v2\/posts\/143","targetHints":{"allow":["GET"]}}],"collection":[{"href":"https:\/\/blocsenresidencia.bcn.cat\/20222023\/wp-json\/wp\/v2\/posts"}],"about":[{"href":"https:\/\/blocsenresidencia.bcn.cat\/20222023\/wp-json\/wp\/v2\/types\/post"}],"author":[{"embeddable":true,"href":"https:\/\/blocsenresidencia.bcn.cat\/20222023\/wp-json\/wp\/v2\/users\/5"}],"replies":[{"embeddable":true,"href":"https:\/\/blocsenresidencia.bcn.cat\/20222023\/wp-json\/wp\/v2\/comments?post=143"}],"version-history":[{"count":0,"href":"https:\/\/blocsenresidencia.bcn.cat\/20222023\/wp-json\/wp\/v2\/posts\/143\/revisions"}],"wp:attachment":[{"href":"https:\/\/blocsenresidencia.bcn.cat\/20222023\/wp-json\/wp\/v2\/media?parent=143"}],"wp:term":[{"taxonomy":"category","embeddable":true,"href":"https:\/\/blocsenresidencia.bcn.cat\/20222023\/wp-json\/wp\/v2\/categories?post=143"},{"taxonomy":"post_tag","embeddable":true,"href":"https:\/\/blocsenresidencia.bcn.cat\/20222023\/wp-json\/wp\/v2\/tags?post=143"}],"curies":[{"name":"wp","href":"https:\/\/api.w.org\/{rel}","templated":true}]}}