{"id":276,"date":"2023-02-13T15:31:09","date_gmt":"2023-02-13T13:31:09","guid":{"rendered":"https:\/\/blocsenresidencia.bcn.cat\/20222023\/2023\/02\/13\/sessio-2-27-de-setembre\/"},"modified":"2023-02-13T15:31:09","modified_gmt":"2023-02-13T13:31:09","slug":"sessio-2-27-de-setembre","status":"publish","type":"post","link":"https:\/\/blocsenresidencia.bcn.cat\/20222023\/2023\/02\/13\/sessio-2-27-de-setembre\/","title":{"rendered":"Sessi\u00f3 2 \u2013 27 de setembre"},"content":{"rendered":"<p>Des de <a href=\"https:\/\/blocsenresidencia.bcn.cat\/narcismonturiol2023\/2023\/02\/13\/sessio-2-27-de-setembre\/\">STA EN RESiD\u00c8NCiA<\/a><\/p>\n<div>\n<p>En aquesta sessi\u00f3 va venir el Marc. \u00c9s el mediador d\u2019aquest projecte, \u00e9s a dir, l\u2019enlla\u00e7 entre el programa, l\u2019artista i l\u2019institut. La seva empresa es diu l\u2019Afluent i organitzen concerts a sales for\u00e7a conegudes de Barcelona.<\/p>\n<p>Despr\u00e9s, el Pope va continuar ensenyant-nos un seguit de v\u00eddeos interessants per a ell, per exemple un de la <a href=\"https:\/\/www.google.com\/search?q=v%C3%ADdeos+de+cecilia+bengolea+tejados+jamaica&amp;client=firefox-b-d&amp;ei=Sy3qY9bxFt-tkdUP6--x4AE&amp;ved=0ahUKEwiWw42NwJL9AhXfVqQEHet3DBwQ4dUDCBk&amp;uact=5&amp;oq=v%C3%ADdeos+de+cecilia+bengolea+tejados+jamaica&amp;gs_lcp=Cgxnd3Mtd2l6LXNlcnAQAzIFCCEQoAEyBQghEKABSgQIQRgASgQIRhgAUP0EWO8ZYOEaaABwAHgAgAGCAYgBjg6SAQQwLjE2mAEAoAEBwAEB&amp;sclient=gws-wiz-serp#fpstate=ive&amp;vld=cid:04b15c3d,vid:N-21ax2TNdU\">Cecilia Bengolea<\/a>, que ballava per les teulades de Jamaica. Ens va agradar molt aquesta aportaci\u00f3 perqu\u00e8 era Dance Hall i aquest estil ens \u00e9s proper.<\/p>\n<\/p>\n<figure class=\"wp-block-embed is-type-video is-provider-youtube wp-block-embed-youtube wp-embed-aspect-16-9 wp-has-aspect-ratio\">\n<div class=\"wp-block-embed__wrapper\">\n<iframe loading=\"lazy\" title=\"Cecilia Bengolea Presents: Dancehall Weather\" width=\"525\" height=\"295\" src=\"https:\/\/www.youtube.com\/embed\/N-21ax2TNdU?feature=oembed\" frameborder=\"0\" allow=\"accelerometer; autoplay; clipboard-write; encrypted-media; gyroscope; picture-in-picture; web-share\" allowfullscreen><\/iframe>\n<\/div>\n<\/figure>\n<p>Tamb\u00e9 ens va ensenyar d\u2019altres cantants. Per exemple: John Cage o Cecilio G.<\/p>\n<p>Per \u00faltim, ens va mostrar un grup punk antisistema que era for\u00e7a estrany. La cantant era una dona.<\/p>\n<p>Acabem la sessi\u00f3 amb una reflexi\u00f3: \u201cQu\u00e8 \u00e9s m\u00fasica i qu\u00e8 no ho \u00e9s? <\/p>\n<p>Creiem que aquesta pregunta deu ser clau perqu\u00e8 a la sessi\u00f3 anterior tamb\u00e9 ens ho va preguntar. Per qu\u00e8? Potser ser\u00e0 perqu\u00e8 el concepte de m\u00fasica no \u00e9s igual per tothom?<\/p>\n<figure class=\"is-layout-flex wp-block-gallery-1 wp-block-gallery has-nested-images columns-default is-cropped\">\n<figure class=\"wp-block-image size-large\"><img decoding=\"async\" loading=\"lazy\" width=\"1024\" height=\"766\" data-id=\"49\" src=\"https:\/\/blocsenresidencia.bcn.cat\/narcismonturiol2023\/wp-content\/uploads\/2023\/02\/IMG_20220927_121950-1024x766.jpg\" alt=\"\" class=\"wp-image-49\" srcset=\"https:\/\/blocsenresidencia.bcn.cat\/narcismonturiol2023\/wp-content\/uploads\/2023\/02\/IMG_20220927_121950-1024x766.jpg 1024w, https:\/\/blocsenresidencia.bcn.cat\/narcismonturiol2023\/wp-content\/uploads\/2023\/02\/IMG_20220927_121950-300x224.jpg 300w, https:\/\/blocsenresidencia.bcn.cat\/narcismonturiol2023\/wp-content\/uploads\/2023\/02\/IMG_20220927_121950-768x575.jpg 768w, https:\/\/blocsenresidencia.bcn.cat\/narcismonturiol2023\/wp-content\/uploads\/2023\/02\/IMG_20220927_121950-1536x1149.jpg 1536w, https:\/\/blocsenresidencia.bcn.cat\/narcismonturiol2023\/wp-content\/uploads\/2023\/02\/IMG_20220927_121950-2048x1532.jpg 2048w\" sizes=\"auto, (max-width: 767px) 89vw, (max-width: 1000px) 54vw, (max-width: 1071px) 543px, 580px\"><\/figure>\n<\/figure>\n<ul><\/ul>\n<figure class=\"wp-block-video\"><video controls src=\"https:\/\/blocsenresidencia.bcn.cat\/narcismonturiol2023\/wp-content\/uploads\/2023\/02\/VID_20220927_131931.mp4\"><\/video><\/figure>\n<\/div>\n","protected":false},"excerpt":{"rendered":"<p>Des de STA EN RESiD\u00c8NCiA En aquesta sessi\u00f3 va venir el Marc. \u00c9s el mediador d\u2019aquest projecte, \u00e9s a dir, l\u2019enlla\u00e7 entre el programa, l\u2019artista i l\u2019institut. La seva empresa es diu l\u2019Afluent i organitzen concerts a sales for\u00e7a conegudes de Barcelona. Despr\u00e9s, el Pope va continuar ensenyant-nos un seguit de v\u00eddeos interessants per a &hellip; <\/p>\n<p class=\"link-more\"><a href=\"https:\/\/blocsenresidencia.bcn.cat\/20222023\/2023\/02\/13\/sessio-2-27-de-setembre\/\" class=\"more-link\">Continua llegint <span class=\"screen-reader-text\">\u00abSessi\u00f3 2 \u2013 27 de setembre\u00bb<\/span><\/a><\/p>\n","protected":false},"author":5,"featured_media":0,"comment_status":"closed","ping_status":"closed","sticky":false,"template":"","format":"standard","meta":{"footnotes":""},"categories":[1],"tags":[],"class_list":["post-276","post","type-post","status-publish","format-standard","hentry","category-general"],"_links":{"self":[{"href":"https:\/\/blocsenresidencia.bcn.cat\/20222023\/wp-json\/wp\/v2\/posts\/276","targetHints":{"allow":["GET"]}}],"collection":[{"href":"https:\/\/blocsenresidencia.bcn.cat\/20222023\/wp-json\/wp\/v2\/posts"}],"about":[{"href":"https:\/\/blocsenresidencia.bcn.cat\/20222023\/wp-json\/wp\/v2\/types\/post"}],"author":[{"embeddable":true,"href":"https:\/\/blocsenresidencia.bcn.cat\/20222023\/wp-json\/wp\/v2\/users\/5"}],"replies":[{"embeddable":true,"href":"https:\/\/blocsenresidencia.bcn.cat\/20222023\/wp-json\/wp\/v2\/comments?post=276"}],"version-history":[{"count":0,"href":"https:\/\/blocsenresidencia.bcn.cat\/20222023\/wp-json\/wp\/v2\/posts\/276\/revisions"}],"wp:attachment":[{"href":"https:\/\/blocsenresidencia.bcn.cat\/20222023\/wp-json\/wp\/v2\/media?parent=276"}],"wp:term":[{"taxonomy":"category","embeddable":true,"href":"https:\/\/blocsenresidencia.bcn.cat\/20222023\/wp-json\/wp\/v2\/categories?post=276"},{"taxonomy":"post_tag","embeddable":true,"href":"https:\/\/blocsenresidencia.bcn.cat\/20222023\/wp-json\/wp\/v2\/tags?post=276"}],"curies":[{"name":"wp","href":"https:\/\/api.w.org\/{rel}","templated":true}]}}