{"id":279,"date":"2023-02-14T21:01:48","date_gmt":"2023-02-14T19:01:48","guid":{"rendered":"https:\/\/blocsenresidencia.bcn.cat\/20222023\/2023\/02\/14\/fred-dhivern-calor-dramaturgic\/"},"modified":"2023-02-14T21:01:48","modified_gmt":"2023-02-14T19:01:48","slug":"fred-dhivern-calor-dramaturgic","status":"publish","type":"post","link":"https:\/\/blocsenresidencia.bcn.cat\/20222023\/2023\/02\/14\/fred-dhivern-calor-dramaturgic\/","title":{"rendered":"Fred d\u2019hivern, calor dramaturgic\u2026"},"content":{"rendered":"<p>Des de <a href=\"https:\/\/blocsenresidencia.bcn.cat\/barribesos2023\/2023\/02\/14\/fred-dhivern-calor-dramaturgic\/\">Oriol Puig Grau EN RESiD\u00c8NCiA<\/a><\/p>\n<div>\n<p>Avui comencem la sessi\u00f3 amb el joc de <em>spli, spla, splo<\/em> per anant escalfant m\u00e0quines i anant passant el fred.<\/p>\n<p>Ha continuaci\u00f3 fem una lectura del texts que anem escribint i que l\u2019Oriol tria i  recopila donant unitat i cohesi\u00f3.<\/p>\n<figure class=\"wp-block-image size-full\"><img decoding=\"async\" loading=\"lazy\" width=\"768\" height=\"1024\" src=\"https:\/\/blocsenresidencia.bcn.cat\/barribesos2023\/wp-content\/uploads\/2023\/02\/WhatsApp-Image-2023-02-14-at-19.18.30.jpeg\" alt=\"\" class=\"wp-image-71\" srcset=\"https:\/\/blocsenresidencia.bcn.cat\/barribesos2023\/wp-content\/uploads\/2023\/02\/WhatsApp-Image-2023-02-14-at-19.18.30.jpeg 768w, https:\/\/blocsenresidencia.bcn.cat\/barribesos2023\/wp-content\/uploads\/2023\/02\/WhatsApp-Image-2023-02-14-at-19.18.30-225x300.jpeg 225w\" sizes=\"auto, (max-width: 767px) 89vw, (max-width: 1000px) 54vw, (max-width: 1071px) 543px, 580px\"><\/figure>\n<p>Els estudiants, l\u2019Oriol i jo mateix, fem una lectura en veu alta per tal de veure c\u00f3m sona i quines s\u00f3n les primeres impressions que ens provoca la lectura. Cap d\u2019els escriptors s\u2019identifica amb un  text que r\u00e0pidament es fa de tothom. <\/p>\n<p>Tot el que ha sortit s\u2019ha barrejat i el resultat \u00e9s molt vist\u00f3s.<\/p>\n<p>Un cop feta la lectura, fem una proposta de dramatitzaci\u00f3 dins l\u2019espai, tot provant moviments, grups, etc..<\/p>\n<figure class=\"is-layout-flex wp-block-gallery-9 wp-block-gallery has-nested-images columns-default is-cropped\">\n<figure class=\"wp-block-image size-large\"><img decoding=\"async\" loading=\"lazy\" width=\"768\" height=\"1024\" data-id=\"72\" src=\"https:\/\/blocsenresidencia.bcn.cat\/barribesos2023\/wp-content\/uploads\/2023\/02\/WhatsApp-Image-2023-02-13-at-18.53.42-1.jpeg\" alt=\"\" class=\"wp-image-72\" srcset=\"https:\/\/blocsenresidencia.bcn.cat\/barribesos2023\/wp-content\/uploads\/2023\/02\/WhatsApp-Image-2023-02-13-at-18.53.42-1.jpeg 768w, https:\/\/blocsenresidencia.bcn.cat\/barribesos2023\/wp-content\/uploads\/2023\/02\/WhatsApp-Image-2023-02-13-at-18.53.42-1-225x300.jpeg 225w\" sizes=\"auto, (max-width: 767px) 89vw, (max-width: 1000px) 54vw, (max-width: 1071px) 543px, 580px\"><\/figure>\n<\/figure>\n<figure class=\"is-layout-flex wp-block-gallery-11 wp-block-gallery has-nested-images columns-default is-cropped\">\n<figure class=\"wp-block-image size-large\"><img decoding=\"async\" loading=\"lazy\" width=\"768\" height=\"1024\" data-id=\"74\" src=\"https:\/\/blocsenresidencia.bcn.cat\/barribesos2023\/wp-content\/uploads\/2023\/02\/WhatsApp-Image-2023-02-13-at-18.53.42-3.jpeg\" alt=\"\" class=\"wp-image-74\" srcset=\"https:\/\/blocsenresidencia.bcn.cat\/barribesos2023\/wp-content\/uploads\/2023\/02\/WhatsApp-Image-2023-02-13-at-18.53.42-3.jpeg 768w, https:\/\/blocsenresidencia.bcn.cat\/barribesos2023\/wp-content\/uploads\/2023\/02\/WhatsApp-Image-2023-02-13-at-18.53.42-3-225x300.jpeg 225w\" sizes=\"auto, (max-width: 767px) 89vw, (max-width: 1000px) 54vw, (max-width: 1071px) 543px, 580px\"><\/figure>\n<\/figure>\n<figure class=\"is-layout-flex wp-block-gallery-13 wp-block-gallery has-nested-images columns-default is-cropped\">\n<figure class=\"wp-block-image size-large\"><img decoding=\"async\" loading=\"lazy\" width=\"768\" height=\"1024\" data-id=\"75\" src=\"https:\/\/blocsenresidencia.bcn.cat\/barribesos2023\/wp-content\/uploads\/2023\/02\/WhatsApp-Image-2023-02-13-at-18.53.42-5.jpeg\" alt=\"\" class=\"wp-image-75\" srcset=\"https:\/\/blocsenresidencia.bcn.cat\/barribesos2023\/wp-content\/uploads\/2023\/02\/WhatsApp-Image-2023-02-13-at-18.53.42-5.jpeg 768w, https:\/\/blocsenresidencia.bcn.cat\/barribesos2023\/wp-content\/uploads\/2023\/02\/WhatsApp-Image-2023-02-13-at-18.53.42-5-225x300.jpeg 225w\" sizes=\"auto, (max-width: 767px) 89vw, (max-width: 1000px) 54vw, (max-width: 1071px) 543px, 580px\"><\/figure>\n<\/figure>\n<figure class=\"is-layout-flex wp-block-gallery-15 wp-block-gallery has-nested-images columns-default is-cropped\">\n<figure class=\"wp-block-image size-large\"><img decoding=\"async\" loading=\"lazy\" width=\"768\" height=\"1024\" data-id=\"76\" src=\"https:\/\/blocsenresidencia.bcn.cat\/barribesos2023\/wp-content\/uploads\/2023\/02\/WhatsApp-Image-2023-02-13-at-18.53.42-4.jpeg\" alt=\"\" class=\"wp-image-76\" srcset=\"https:\/\/blocsenresidencia.bcn.cat\/barribesos2023\/wp-content\/uploads\/2023\/02\/WhatsApp-Image-2023-02-13-at-18.53.42-4.jpeg 768w, https:\/\/blocsenresidencia.bcn.cat\/barribesos2023\/wp-content\/uploads\/2023\/02\/WhatsApp-Image-2023-02-13-at-18.53.42-4-225x300.jpeg 225w\" sizes=\"auto, (max-width: 767px) 89vw, (max-width: 1000px) 54vw, (max-width: 1071px) 543px, 580px\"><\/figure>\n<\/figure>\n<figure class=\"is-layout-flex wp-block-gallery-17 wp-block-gallery has-nested-images columns-default is-cropped\">\n<figure class=\"wp-block-image size-large\"><img decoding=\"async\" loading=\"lazy\" width=\"768\" height=\"1024\" data-id=\"77\" src=\"https:\/\/blocsenresidencia.bcn.cat\/barribesos2023\/wp-content\/uploads\/2023\/02\/WhatsApp-Image-2023-02-13-at-18.53.42-6.jpeg\" alt=\"\" class=\"wp-image-77\" srcset=\"https:\/\/blocsenresidencia.bcn.cat\/barribesos2023\/wp-content\/uploads\/2023\/02\/WhatsApp-Image-2023-02-13-at-18.53.42-6.jpeg 768w, https:\/\/blocsenresidencia.bcn.cat\/barribesos2023\/wp-content\/uploads\/2023\/02\/WhatsApp-Image-2023-02-13-at-18.53.42-6-225x300.jpeg 225w\" sizes=\"auto, (max-width: 767px) 89vw, (max-width: 1000px) 54vw, (max-width: 1071px) 543px, 580px\"><\/figure>\n<\/figure>\n<figure class=\"is-layout-flex wp-block-gallery-19 wp-block-gallery has-nested-images columns-default is-cropped\">\n<figure class=\"wp-block-image size-large\"><img decoding=\"async\" loading=\"lazy\" width=\"768\" height=\"1024\" data-id=\"78\" src=\"https:\/\/blocsenresidencia.bcn.cat\/barribesos2023\/wp-content\/uploads\/2023\/02\/WhatsApp-Image-2023-02-13-at-18.53.42-7.jpeg\" alt=\"\" class=\"wp-image-78\" srcset=\"https:\/\/blocsenresidencia.bcn.cat\/barribesos2023\/wp-content\/uploads\/2023\/02\/WhatsApp-Image-2023-02-13-at-18.53.42-7.jpeg 768w, https:\/\/blocsenresidencia.bcn.cat\/barribesos2023\/wp-content\/uploads\/2023\/02\/WhatsApp-Image-2023-02-13-at-18.53.42-7-225x300.jpeg 225w\" sizes=\"auto, (max-width: 767px) 89vw, (max-width: 1000px) 54vw, (max-width: 1071px) 543px, 580px\"><\/figure>\n<\/figure>\n<p>Avui en acompanya en la nostra sessi\u00f3 una professora noruega: Siri Willasen, professora d\u2019Angl\u00e8s i Cinema en un Institut a prop d\u2019Oslo, la capital.<\/p>\n<figure class=\"is-layout-flex wp-block-gallery-21 wp-block-gallery has-nested-images columns-default is-cropped\">\n<figure class=\"wp-block-image size-large\"><img decoding=\"async\" loading=\"lazy\" width=\"768\" height=\"1024\" data-id=\"79\" src=\"https:\/\/blocsenresidencia.bcn.cat\/barribesos2023\/wp-content\/uploads\/2023\/02\/WhatsApp-Image-2023-02-13-at-18.53.42-10.jpeg\" alt=\"\" class=\"wp-image-79\" srcset=\"https:\/\/blocsenresidencia.bcn.cat\/barribesos2023\/wp-content\/uploads\/2023\/02\/WhatsApp-Image-2023-02-13-at-18.53.42-10.jpeg 768w, https:\/\/blocsenresidencia.bcn.cat\/barribesos2023\/wp-content\/uploads\/2023\/02\/WhatsApp-Image-2023-02-13-at-18.53.42-10-225x300.jpeg 225w\" sizes=\"auto, (max-width: 767px) 89vw, (max-width: 1000px) 54vw, (max-width: 1071px) 543px, 580px\"><\/figure>\n<\/figure>\n<p>La Siri que est\u00e0 fent un programa d\u2019Erasmus en el nostre institut, per tal de veure c\u00f3m ensenyem lleng\u00fces. Ha participat en el projecte i li ha encantat la idea de Creadors En Resid\u00e8ncia. Pot ser ens enterarem algun dia, que el projecte s\u2019ha importat cap a Noruega\u2026 a terres d\u2019Herik Ibsen\u2026<\/p>\n<figure class=\"is-layout-flex wp-block-gallery-23 wp-block-gallery has-nested-images columns-default is-cropped\">\n<figure class=\"wp-block-image size-large\"><img decoding=\"async\" loading=\"lazy\" width=\"1024\" height=\"599\" data-id=\"80\" src=\"https:\/\/blocsenresidencia.bcn.cat\/barribesos2023\/wp-content\/uploads\/2023\/02\/ibsen-by-desk-unknown_6998975c-6b65-4ade-99ee-5adb026c9634-1024x599.jpg\" alt=\"\" class=\"wp-image-80\" srcset=\"https:\/\/blocsenresidencia.bcn.cat\/barribesos2023\/wp-content\/uploads\/2023\/02\/ibsen-by-desk-unknown_6998975c-6b65-4ade-99ee-5adb026c9634-1024x599.jpg 1024w, https:\/\/blocsenresidencia.bcn.cat\/barribesos2023\/wp-content\/uploads\/2023\/02\/ibsen-by-desk-unknown_6998975c-6b65-4ade-99ee-5adb026c9634-300x176.jpg 300w, https:\/\/blocsenresidencia.bcn.cat\/barribesos2023\/wp-content\/uploads\/2023\/02\/ibsen-by-desk-unknown_6998975c-6b65-4ade-99ee-5adb026c9634-768x449.jpg 768w, https:\/\/blocsenresidencia.bcn.cat\/barribesos2023\/wp-content\/uploads\/2023\/02\/ibsen-by-desk-unknown_6998975c-6b65-4ade-99ee-5adb026c9634.jpg 1200w\" sizes=\"auto, (max-width: 767px) 89vw, (max-width: 1000px) 54vw, (max-width: 1071px) 543px, 580px\"><\/figure>\n<\/figure>\n<p><a href=\"https:\/\/www.visitoslo.com\/es\/articulos\/paseo-con-ibsen\/\">https:\/\/www.visitoslo.com\/es\/articulos\/paseo-con-ibsen\/<\/a><\/p>\n<p><a href=\"https:\/\/www.visitnorway.es\/que-hacer-en-noruega\/arte-cultura\/henrik-ibsen\/\">https:\/\/www.visitnorway.es\/que-hacer-en-noruega\/arte-cultura\/henrik-ibsen\/<\/a><\/p>\n<p>Jordi S\u00e1nchez. Professor.<\/p>\n<p>INS. BARRI BES\u00d2S:<\/p>\n<p>Barcelona<\/p>\n<\/div>\n","protected":false},"excerpt":{"rendered":"<p>Des de Oriol Puig Grau EN RESiD\u00c8NCiA Avui comencem la sessi\u00f3 amb el joc de spli, spla, splo per anant escalfant m\u00e0quines i anant passant el fred. Ha continuaci\u00f3 fem una lectura del texts que anem escribint i que l\u2019Oriol tria i recopila donant unitat i cohesi\u00f3. Els estudiants, l\u2019Oriol i jo mateix, fem una &hellip; <\/p>\n<p class=\"link-more\"><a href=\"https:\/\/blocsenresidencia.bcn.cat\/20222023\/2023\/02\/14\/fred-dhivern-calor-dramaturgic\/\" class=\"more-link\">Continua llegint <span class=\"screen-reader-text\">\u00abFred d\u2019hivern, calor dramaturgic\u2026\u00bb<\/span><\/a><\/p>\n","protected":false},"author":5,"featured_media":0,"comment_status":"closed","ping_status":"closed","sticky":false,"template":"","format":"standard","meta":{"footnotes":""},"categories":[1],"tags":[],"class_list":["post-279","post","type-post","status-publish","format-standard","hentry","category-general"],"_links":{"self":[{"href":"https:\/\/blocsenresidencia.bcn.cat\/20222023\/wp-json\/wp\/v2\/posts\/279","targetHints":{"allow":["GET"]}}],"collection":[{"href":"https:\/\/blocsenresidencia.bcn.cat\/20222023\/wp-json\/wp\/v2\/posts"}],"about":[{"href":"https:\/\/blocsenresidencia.bcn.cat\/20222023\/wp-json\/wp\/v2\/types\/post"}],"author":[{"embeddable":true,"href":"https:\/\/blocsenresidencia.bcn.cat\/20222023\/wp-json\/wp\/v2\/users\/5"}],"replies":[{"embeddable":true,"href":"https:\/\/blocsenresidencia.bcn.cat\/20222023\/wp-json\/wp\/v2\/comments?post=279"}],"version-history":[{"count":0,"href":"https:\/\/blocsenresidencia.bcn.cat\/20222023\/wp-json\/wp\/v2\/posts\/279\/revisions"}],"wp:attachment":[{"href":"https:\/\/blocsenresidencia.bcn.cat\/20222023\/wp-json\/wp\/v2\/media?parent=279"}],"wp:term":[{"taxonomy":"category","embeddable":true,"href":"https:\/\/blocsenresidencia.bcn.cat\/20222023\/wp-json\/wp\/v2\/categories?post=279"},{"taxonomy":"post_tag","embeddable":true,"href":"https:\/\/blocsenresidencia.bcn.cat\/20222023\/wp-json\/wp\/v2\/tags?post=279"}],"curies":[{"name":"wp","href":"https:\/\/api.w.org\/{rel}","templated":true}]}}