{"id":281,"date":"2023-02-15T16:19:32","date_gmt":"2023-02-15T14:19:32","guid":{"rendered":"https:\/\/blocsenresidencia.bcn.cat\/20222023\/2023\/02\/15\/visita-a-la-fundacio-joan-miro\/"},"modified":"2023-02-15T16:19:32","modified_gmt":"2023-02-15T14:19:32","slug":"visita-a-la-fundacio-joan-miro","status":"publish","type":"post","link":"https:\/\/blocsenresidencia.bcn.cat\/20222023\/2023\/02\/15\/visita-a-la-fundacio-joan-miro\/","title":{"rendered":"Visita a la Fundaci\u00f3 Joan Mir\u00f3"},"content":{"rendered":"<p>Des de <a href=\"https:\/\/blocsenresidencia.bcn.cat\/montjuic2023\/2023\/02\/15\/visita-a-la-fundacio-joan-miro\/\">El globus vermell EN RESiD\u00c8NCiA<\/a><\/p>\n<div>\n<figure class=\"wp-block-image size-large\"><img loading=\"lazy\" decoding=\"async\" width=\"1024\" height=\"768\" src=\"https:\/\/blocsenresidencia.bcn.cat\/montjuic2023\/wp-content\/uploads\/2023\/02\/IMG_3318-1024x768.jpg\" alt=\"\" class=\"wp-image-133\" srcset=\"https:\/\/blocsenresidencia.bcn.cat\/montjuic2023\/wp-content\/uploads\/2023\/02\/IMG_3318-1024x768.jpg 1024w, https:\/\/blocsenresidencia.bcn.cat\/montjuic2023\/wp-content\/uploads\/2023\/02\/IMG_3318-300x225.jpg 300w, https:\/\/blocsenresidencia.bcn.cat\/montjuic2023\/wp-content\/uploads\/2023\/02\/IMG_3318-768x576.jpg 768w, https:\/\/blocsenresidencia.bcn.cat\/montjuic2023\/wp-content\/uploads\/2023\/02\/IMG_3318-1536x1152.jpg 1536w, https:\/\/blocsenresidencia.bcn.cat\/montjuic2023\/wp-content\/uploads\/2023\/02\/IMG_3318-2048x1536.jpg 2048w\" sizes=\"auto, (max-width: 767px) 89vw, (max-width: 1000px) 54vw, (max-width: 1071px) 543px, 580px\"><\/figure>\n<p><strong>Visita a la Fundaci\u00f3 Joan Mir\u00f3. 22.11.2022<\/strong><\/p>\n<p>El dia 22 de novembre vam anar-hi a la Fundaci\u00f3 Mir\u00f3 que es el Centre Museu que gestiona aquest any EnRedid\u00e8cia al nostre institt.<\/p>\n<ul>\n<li>Vam coneixer la Fundaci\u00f3, on exposarem l\u2019obra final del projecte.<\/li>\n<li>Vam retratar, mitjan\u00e7ant fotografies, tota la sortida: des que comencem l\u2019activitat a la Fundaci\u00f3 Joan Mir\u00f3 fins que arribem a l\u2019institut.<\/li>\n<\/ul>\n<p>Vam visitar  l\u2019Espai-taller de la Fundaci\u00f3 Joan Mir\u00f3, on seguidament comen\u00e7arem el taller.<\/p>\n<p>Dins el museo vam fer el <strong>Taller \u201c<\/strong><a href=\"https:\/\/www.fmirobcn.org\/ca\/activitats\/centres-educatius\/educacio-secundaria\/40\/en-blanc\"><strong>En blanc<\/strong><\/a><strong>\u201d<\/strong>, en el qual<\/p>\n<ul>\n<li>Vam a Experimentar i manipular papers a partir de 10 accions predeterminades<\/li>\n<li>Vam visitar l\u2019<a href=\"https:\/\/www.fmirobcn.org\/ca\/fundacio\/ledifici-de-sert\/\">edifici<\/a> i l\u2019<a href=\"https:\/\/www.fmirobcn.org\/ca\/col-leccio-joan-miro\/\">exposici\u00f3 permanent<\/a> i ens vam fixar en algunes obres de manera particular, segons aquest ordre:\n<ul>\n<li>\u201c<a href=\"https:\/\/www.fmirobcn.org\/ca\/col-leccio\/cataleg-obres\/5442\/p-paisatge-p\">Paisatge<\/a>\u201d, Joan Mir\u00f3, 1968<\/li>\n<li>\u201cPintura sobre fons blanc per a la cel\u00b7la d\u2019un solitari (<a href=\"https:\/\/www.fmirobcn.org\/ca\/col-leccio\/cataleg-obres\/5435\/p-pintura-sobre-fons-blanc-per-a-la-cel-la-d-un-solitari-i-p\">I<\/a>, <a href=\"https:\/\/www.fmirobcn.org\/ca\/col-leccio\/cataleg-obres\/5436\/p-pintura-sobre-fons-blanc-per-a-la-cel-la-d-un-solitari-ii-p\">II<\/a> i <a href=\"https:\/\/www.fmirobcn.org\/ca\/col-leccio\/cataleg-obres\/5437\/p-pintura-sobre-fons-blanc-per-a-la-cel-la-d-un-solitari-iii-p\">III<\/a>)\u201d, Joan Mir\u00f3, 1968 (<a href=\"https:\/\/ca.wikipedia.org\/wiki\/Pintura_sobre_fons_blanc_per_a_la_cel%C2%B7la_d%27un_solitari\">wikipedia<\/a>)<\/li>\n<li>Maqueta de l\u2019edifici<\/li>\n<li>\u201c<a href=\"https:\/\/www.fmirobcn.org\/ca\/col-leccio\/cataleg-obres\/11303\/p-em-font-de-mercuri-em-p\">Font de mercuri<\/a>\u201d, Alexander Calder, 1937<\/li>\n<li>Sala d\u2019escultures, Joan Mir\u00f3<\/li>\n<li>\u201c<a href=\"https:\/\/www.fmirobcn.org\/ca\/exposicions\/5778\/silly-symphony\">Silly Simphony<\/a>\u201d, Mart\u00edn Vitaliti, 2022<\/li>\n<li>\u201c<a href=\"https:\/\/www.fmirobcn.org\/ca\/col-leccio\/cataleg-obres\/8012\/p-ocell-solar-p\">Ocell solar<\/a>\u201d, 1968<\/li>\n<\/ul>\n<\/li>\n<\/ul>\n<figure class=\"wp-block-image size-large is-resized\"><img decoding=\"async\" loading=\"lazy\" src=\"https:\/\/blocsenresidencia.bcn.cat\/montjuic2023\/wp-content\/uploads\/2023\/02\/IMG_3314-768x1024.jpg\" alt=\"\" class=\"wp-image-136\" width=\"459\" height=\"611\" srcset=\"https:\/\/blocsenresidencia.bcn.cat\/montjuic2023\/wp-content\/uploads\/2023\/02\/IMG_3314-768x1024.jpg 768w, https:\/\/blocsenresidencia.bcn.cat\/montjuic2023\/wp-content\/uploads\/2023\/02\/IMG_3314-225x300.jpg 225w, https:\/\/blocsenresidencia.bcn.cat\/montjuic2023\/wp-content\/uploads\/2023\/02\/IMG_3314-1152x1536.jpg 1152w, https:\/\/blocsenresidencia.bcn.cat\/montjuic2023\/wp-content\/uploads\/2023\/02\/IMG_3314-1536x2048.jpg 1536w, https:\/\/blocsenresidencia.bcn.cat\/montjuic2023\/wp-content\/uploads\/2023\/02\/IMG_3314-scaled.jpg 1920w\" sizes=\"auto, (max-width: 459px) 100vw, 459px\"><\/figure>\n<ul>\n<li>Finalment vam crear una hist\u00f2ria a partir dels 10 fulls manipulats al principi. Els relliguem i li posem t\u00edtol.<\/li>\n<\/ul>\n<figure class=\"wp-block-image size-large is-resized\"><img decoding=\"async\" loading=\"lazy\" src=\"https:\/\/blocsenresidencia.bcn.cat\/montjuic2023\/wp-content\/uploads\/2023\/02\/IMG_3320-768x1024.jpg\" alt=\"\" class=\"wp-image-135\" width=\"674\" height=\"898\" srcset=\"https:\/\/blocsenresidencia.bcn.cat\/montjuic2023\/wp-content\/uploads\/2023\/02\/IMG_3320-768x1024.jpg 768w, https:\/\/blocsenresidencia.bcn.cat\/montjuic2023\/wp-content\/uploads\/2023\/02\/IMG_3320-225x300.jpg 225w, https:\/\/blocsenresidencia.bcn.cat\/montjuic2023\/wp-content\/uploads\/2023\/02\/IMG_3320-1152x1536.jpg 1152w, https:\/\/blocsenresidencia.bcn.cat\/montjuic2023\/wp-content\/uploads\/2023\/02\/IMG_3320-1536x2048.jpg 1536w, https:\/\/blocsenresidencia.bcn.cat\/montjuic2023\/wp-content\/uploads\/2023\/02\/IMG_3320-scaled.jpg 1920w\" sizes=\"auto, (max-width: 674px) 100vw, 674px\"><\/figure>\n<\/p>\n<p>Durant  tot el recorregut vam fer fotos am el nostre movil de ecenes con paisatges,objectes  ,que m\u00e9s ens cridessin l\u2019atenci\u00f3.<\/p>\n<figure class=\"wp-block-image size-large\"><img decoding=\"async\" loading=\"lazy\" width=\"1024\" height=\"768\" src=\"https:\/\/blocsenresidencia.bcn.cat\/montjuic2023\/wp-content\/uploads\/2023\/02\/IMG_3312-1024x768.jpg\" alt=\"\" class=\"wp-image-137\" srcset=\"https:\/\/blocsenresidencia.bcn.cat\/montjuic2023\/wp-content\/uploads\/2023\/02\/IMG_3312-1024x768.jpg 1024w, https:\/\/blocsenresidencia.bcn.cat\/montjuic2023\/wp-content\/uploads\/2023\/02\/IMG_3312-300x225.jpg 300w, https:\/\/blocsenresidencia.bcn.cat\/montjuic2023\/wp-content\/uploads\/2023\/02\/IMG_3312-768x576.jpg 768w, https:\/\/blocsenresidencia.bcn.cat\/montjuic2023\/wp-content\/uploads\/2023\/02\/IMG_3312-1536x1152.jpg 1536w, https:\/\/blocsenresidencia.bcn.cat\/montjuic2023\/wp-content\/uploads\/2023\/02\/IMG_3312-2048x1536.jpg 2048w\" sizes=\"auto, (max-width: 767px) 89vw, (max-width: 1000px) 54vw, (max-width: 1071px) 543px, 580px\"><\/figure>\n<\/div>\n","protected":false},"excerpt":{"rendered":"<p>Des de El globus vermell EN RESiD\u00c8NCiA Visita a la Fundaci\u00f3 Joan Mir\u00f3. 22.11.2022 El dia 22 de novembre vam anar-hi a la Fundaci\u00f3 Mir\u00f3 que es el Centre Museu que gestiona aquest any EnRedid\u00e8cia al nostre institt. Vam coneixer la Fundaci\u00f3, on exposarem l\u2019obra final del projecte. Vam retratar, mitjan\u00e7ant fotografies, tota la sortida: &hellip; <\/p>\n<p class=\"link-more\"><a href=\"https:\/\/blocsenresidencia.bcn.cat\/20222023\/2023\/02\/15\/visita-a-la-fundacio-joan-miro\/\" class=\"more-link\">Continua llegint <span class=\"screen-reader-text\">\u00abVisita a la Fundaci\u00f3 Joan Mir\u00f3\u00bb<\/span><\/a><\/p>\n","protected":false},"author":5,"featured_media":0,"comment_status":"closed","ping_status":"closed","sticky":false,"template":"","format":"standard","meta":{"footnotes":""},"categories":[1],"tags":[],"class_list":["post-281","post","type-post","status-publish","format-standard","hentry","category-general"],"_links":{"self":[{"href":"https:\/\/blocsenresidencia.bcn.cat\/20222023\/wp-json\/wp\/v2\/posts\/281","targetHints":{"allow":["GET"]}}],"collection":[{"href":"https:\/\/blocsenresidencia.bcn.cat\/20222023\/wp-json\/wp\/v2\/posts"}],"about":[{"href":"https:\/\/blocsenresidencia.bcn.cat\/20222023\/wp-json\/wp\/v2\/types\/post"}],"author":[{"embeddable":true,"href":"https:\/\/blocsenresidencia.bcn.cat\/20222023\/wp-json\/wp\/v2\/users\/5"}],"replies":[{"embeddable":true,"href":"https:\/\/blocsenresidencia.bcn.cat\/20222023\/wp-json\/wp\/v2\/comments?post=281"}],"version-history":[{"count":0,"href":"https:\/\/blocsenresidencia.bcn.cat\/20222023\/wp-json\/wp\/v2\/posts\/281\/revisions"}],"wp:attachment":[{"href":"https:\/\/blocsenresidencia.bcn.cat\/20222023\/wp-json\/wp\/v2\/media?parent=281"}],"wp:term":[{"taxonomy":"category","embeddable":true,"href":"https:\/\/blocsenresidencia.bcn.cat\/20222023\/wp-json\/wp\/v2\/categories?post=281"},{"taxonomy":"post_tag","embeddable":true,"href":"https:\/\/blocsenresidencia.bcn.cat\/20222023\/wp-json\/wp\/v2\/tags?post=281"}],"curies":[{"name":"wp","href":"https:\/\/api.w.org\/{rel}","templated":true}]}}