{"id":285,"date":"2023-02-23T17:44:32","date_gmt":"2023-02-23T15:44:32","guid":{"rendered":"https:\/\/blocsenresidencia.bcn.cat\/20222023\/2023\/02\/23\/la-sesion-de-contaminacion-15-02-2023\/"},"modified":"2023-02-23T17:44:32","modified_gmt":"2023-02-23T15:44:32","slug":"la-sesion-de-contaminacion-15-02-2023","status":"publish","type":"post","link":"https:\/\/blocsenresidencia.bcn.cat\/20222023\/2023\/02\/23\/la-sesion-de-contaminacion-15-02-2023\/","title":{"rendered":"LA SESI\u00d3N DE CONTAMINACi\u00d3N (15\/02\/2023)"},"content":{"rendered":"<p>Des de <a href=\"https:\/\/blocsenresidencia.bcn.cat\/sants2023\/2023\/02\/23\/la-sesion-de-contaminacion-15-02-2023\/\">P\u00eda Sommer EN RESiD\u00c8NCiA<\/a><\/p>\n<div>\n<p>\u201cLa sesi\u00f3n de contaminaci\u00f3n es una sesi\u00f3n en la cual expusimos todo lo que hemos ido haciendo en el proyecto desde el principio de curso hasta el d\u00eda de hoy. En esta sesi\u00f3n vinieron todos nuestros profesores y les fuimos explicando c\u00f3mo nos sentimos durante este proyecto y las cosas que aprendimos e hicimos.\u00a0<\/p>\n<p>Nos dividimos por grupos organizados por estaciones. Nuestra estaci\u00f3n era \u201cExperiencias en el museo\u201d. En nuestro grupo, para que fuese m\u00e1s f\u00e1cil, nos separamos por parejas y tr\u00edos. Tambi\u00e9n, algunos de nosotros al final hicimos un coro experimental.<\/p>\n<p>Nos sentimos satisfechos de c\u00f3mo fue la sesi\u00f3n, creemos que sali\u00f3 muy bien, nos hemos sentido muy a gusto y nos ha gustado mucho poder transmitir todo lo que hacemos en este proyecto.\u201d                                                                                <\/p>\n<p><em>Natalia, Neysa, H\u00e9ctor, Owen y Toqeer<\/em><\/p>\n<\/p>\n<p>\u201cLa sesi\u00f3n de contaminaci\u00f3n es una sesi\u00f3n en la que explicamos y mostramos lo que<br \/>hicimos durante el proyecto con P\u00eda Sommer. Vinieron nuestros profesores y algunas<br \/>personas que trabajan en el MNAC para ver nuestras obras. Nos organizamos por<br \/>estaciones y nosotros estuvimos en la estaci\u00f3n de pr\u00e1ctica de <em>frottage<\/em>. <\/p>\n<p>Para que los profesores pudieran frotar, colocamos un pliego de cinco metros en el suelo y por debajo pusimos objetos para que cuando hicieran el <em>frottage,<\/em> los fueran descubriendo. Tambi\u00e9n colocamos una palabra: ARTE.<br \/>Al final el pliego qued\u00f3 muy chulo con las texturas de los objetos.<\/p>\n<p>La sesi\u00f3n fue m\u00e1s o menos bien. Por un lado, creemos que a los profesores les gust\u00f3<br \/>la pr\u00e1ctica de frottage, pero por otro lado lo que no nos gust\u00f3 es que los profesores se<br \/>pusieron a frotar sin que nosotros pudi\u00e9ramos darles ninguna explicaci\u00f3n, aunque todo lo dem\u00e1s que hicimos fue bien. \u201c<\/p>\n<p><em>Niharika, Yeisi, Alison, Ra\u00fal y Sim\u00f3n<\/em><\/p>\n<\/div>\n","protected":false},"excerpt":{"rendered":"<p>Des de P\u00eda Sommer EN RESiD\u00c8NCiA \u201cLa sesi\u00f3n de contaminaci\u00f3n es una sesi\u00f3n en la cual expusimos todo lo que hemos ido haciendo en el proyecto desde el principio de curso hasta el d\u00eda de hoy. En esta sesi\u00f3n vinieron todos nuestros profesores y les fuimos explicando c\u00f3mo nos sentimos durante este proyecto y las &hellip; <\/p>\n<p class=\"link-more\"><a href=\"https:\/\/blocsenresidencia.bcn.cat\/20222023\/2023\/02\/23\/la-sesion-de-contaminacion-15-02-2023\/\" class=\"more-link\">Continua llegint <span class=\"screen-reader-text\">\u00abLA SESI\u00d3N DE CONTAMINACi\u00d3N (15\/02\/2023)\u00bb<\/span><\/a><\/p>\n","protected":false},"author":5,"featured_media":0,"comment_status":"closed","ping_status":"closed","sticky":false,"template":"","format":"standard","meta":{"footnotes":""},"categories":[1],"tags":[],"class_list":["post-285","post","type-post","status-publish","format-standard","hentry","category-general"],"_links":{"self":[{"href":"https:\/\/blocsenresidencia.bcn.cat\/20222023\/wp-json\/wp\/v2\/posts\/285","targetHints":{"allow":["GET"]}}],"collection":[{"href":"https:\/\/blocsenresidencia.bcn.cat\/20222023\/wp-json\/wp\/v2\/posts"}],"about":[{"href":"https:\/\/blocsenresidencia.bcn.cat\/20222023\/wp-json\/wp\/v2\/types\/post"}],"author":[{"embeddable":true,"href":"https:\/\/blocsenresidencia.bcn.cat\/20222023\/wp-json\/wp\/v2\/users\/5"}],"replies":[{"embeddable":true,"href":"https:\/\/blocsenresidencia.bcn.cat\/20222023\/wp-json\/wp\/v2\/comments?post=285"}],"version-history":[{"count":0,"href":"https:\/\/blocsenresidencia.bcn.cat\/20222023\/wp-json\/wp\/v2\/posts\/285\/revisions"}],"wp:attachment":[{"href":"https:\/\/blocsenresidencia.bcn.cat\/20222023\/wp-json\/wp\/v2\/media?parent=285"}],"wp:term":[{"taxonomy":"category","embeddable":true,"href":"https:\/\/blocsenresidencia.bcn.cat\/20222023\/wp-json\/wp\/v2\/categories?post=285"},{"taxonomy":"post_tag","embeddable":true,"href":"https:\/\/blocsenresidencia.bcn.cat\/20222023\/wp-json\/wp\/v2\/tags?post=285"}],"curies":[{"name":"wp","href":"https:\/\/api.w.org\/{rel}","templated":true}]}}