{"id":317,"date":"2023-03-24T14:09:25","date_gmt":"2023-03-24T12:09:25","guid":{"rendered":"https:\/\/blocsenresidencia.bcn.cat\/20222023\/2023\/03\/24\/sortida-soy-un-baile-breve\/"},"modified":"2023-03-24T14:09:25","modified_gmt":"2023-03-24T12:09:25","slug":"sortida-soy-un-baile-breve","status":"publish","type":"post","link":"https:\/\/blocsenresidencia.bcn.cat\/20222023\/2023\/03\/24\/sortida-soy-un-baile-breve\/","title":{"rendered":"Sortida: \u201cSoy un baile (breve)\u201d"},"content":{"rendered":"<p>Des de <a href=\"https:\/\/blocsenresidencia.bcn.cat\/sagrerasantandreu2023\/2023\/03\/24\/sortida-soy-un-baile-breve\/\">Martina Rogers EN RESiD\u00c8NCiA<\/a><\/p>\n<div>\n<div class=\"wp-block-cover is-light\"><span aria-hidden=\"true\" class=\"wp-block-cover__background has-background-dim\"><\/span><img loading=\"lazy\" decoding=\"async\" width=\"1440\" height=\"2560\" class=\"wp-block-cover__image-background wp-image-118\" alt=\"\" src=\"https:\/\/blocsenresidencia.bcn.cat\/sagrerasantandreu2023\/wp-content\/uploads\/2023\/03\/Rosa-3-edited-scaled.jpg\" data-object-fit=\"cover\" srcset=\"https:\/\/blocsenresidencia.bcn.cat\/sagrerasantandreu2023\/wp-content\/uploads\/2023\/03\/Rosa-3-edited-scaled.jpg 1440w, https:\/\/blocsenresidencia.bcn.cat\/sagrerasantandreu2023\/wp-content\/uploads\/2023\/03\/Rosa-3-edited-169x300.jpg 169w, https:\/\/blocsenresidencia.bcn.cat\/sagrerasantandreu2023\/wp-content\/uploads\/2023\/03\/Rosa-3-edited-576x1024.jpg 576w, https:\/\/blocsenresidencia.bcn.cat\/sagrerasantandreu2023\/wp-content\/uploads\/2023\/03\/Rosa-3-edited-768x1365.jpg 768w, https:\/\/blocsenresidencia.bcn.cat\/sagrerasantandreu2023\/wp-content\/uploads\/2023\/03\/Rosa-3-edited-864x1536.jpg 864w, https:\/\/blocsenresidencia.bcn.cat\/sagrerasantandreu2023\/wp-content\/uploads\/2023\/03\/Rosa-3-edited-1152x2048.jpg 1152w\" sizes=\"auto, (max-width: 767px) 89vw, (max-width: 1000px) 54vw, (max-width: 1071px) 543px, 580px\"><\/p>\n<div class=\"wp-block-cover__inner-container\">\n<p class=\"has-white-color has-text-color\"><em>Soy un baile breve<\/em>\u00a0\u00e9s una pe\u00e7a curta integrada a l\u2019obra en proc\u00e9s\u00a0<em>Soy un baile<\/em> de la Rosa Romero.<\/p>\n<p class=\"has-white-color has-text-color\">Vam anar tot el grup a La Caldera, un nou espai on abans ten\u00edem els cinemes Renoir, ara \u00e9s un espai de dansa. All\u00e0 vam poder gaudir d\u2019una sessi\u00f3 de l\u2019espectacle \u201cSoy un baile breve\u201d de la Rosa Romero, per\u00f2 ens va fer un tastet de qu\u00e8 ser\u00e0 tota la pe\u00e7a. All\u00e0 vam poder gaudir de ritmes i riures junt amb altres instituts. <\/p>\n<p class=\"has-white-color has-text-color\">No ens pod\u00edem imaginar el que vam veure all\u00e0. Amb aquest t\u00edtol semblava altra cosa totalment diferent.  <\/p>\n<p class=\"has-white-color has-text-color\">Abans d\u2019anar-hi, just a la sessi\u00f3 anterior vam treballar alguns conceptes sobre el cos i com el veiem, sentim i representem. Vam posar forma al nostre cos, incl\u00fas colors!<\/p>\n<\/div>\n<\/div>\n<figure class=\"is-layout-flex wp-block-gallery-1 wp-block-gallery has-nested-images columns-default is-cropped\">\n<figure class=\"wp-block-image size-large\"><img decoding=\"async\" loading=\"lazy\" width=\"768\" height=\"1024\" data-id=\"120\" src=\"https:\/\/blocsenresidencia.bcn.cat\/sagrerasantandreu2023\/wp-content\/uploads\/2023\/03\/Rosa-1-768x1024.jpg\" alt=\"\" class=\"wp-image-120\" srcset=\"https:\/\/blocsenresidencia.bcn.cat\/sagrerasantandreu2023\/wp-content\/uploads\/2023\/03\/Rosa-1-768x1024.jpg 768w, https:\/\/blocsenresidencia.bcn.cat\/sagrerasantandreu2023\/wp-content\/uploads\/2023\/03\/Rosa-1-225x300.jpg 225w, https:\/\/blocsenresidencia.bcn.cat\/sagrerasantandreu2023\/wp-content\/uploads\/2023\/03\/Rosa-1-1152x1536.jpg 1152w, https:\/\/blocsenresidencia.bcn.cat\/sagrerasantandreu2023\/wp-content\/uploads\/2023\/03\/Rosa-1.jpg 1536w\" sizes=\"auto, (max-width: 767px) 89vw, (max-width: 1000px) 54vw, (max-width: 1071px) 543px, 580px\"><\/figure>\n<figure class=\"wp-block-image size-large\"><img decoding=\"async\" loading=\"lazy\" width=\"1024\" height=\"768\" data-id=\"121\" src=\"https:\/\/blocsenresidencia.bcn.cat\/sagrerasantandreu2023\/wp-content\/uploads\/2023\/03\/Rosa-2-1024x768.jpg\" alt=\"\" class=\"wp-image-121\" srcset=\"https:\/\/blocsenresidencia.bcn.cat\/sagrerasantandreu2023\/wp-content\/uploads\/2023\/03\/Rosa-2-1024x768.jpg 1024w, https:\/\/blocsenresidencia.bcn.cat\/sagrerasantandreu2023\/wp-content\/uploads\/2023\/03\/Rosa-2-300x225.jpg 300w, https:\/\/blocsenresidencia.bcn.cat\/sagrerasantandreu2023\/wp-content\/uploads\/2023\/03\/Rosa-2-768x576.jpg 768w, https:\/\/blocsenresidencia.bcn.cat\/sagrerasantandreu2023\/wp-content\/uploads\/2023\/03\/Rosa-2-1536x1152.jpg 1536w, https:\/\/blocsenresidencia.bcn.cat\/sagrerasantandreu2023\/wp-content\/uploads\/2023\/03\/Rosa-2.jpg 2048w\" sizes=\"auto, (max-width: 767px) 89vw, (max-width: 1000px) 54vw, (max-width: 1071px) 543px, 580px\"><\/figure>\n<figure class=\"wp-block-image size-large\"><img decoding=\"async\" loading=\"lazy\" width=\"768\" height=\"1024\" data-id=\"122\" src=\"https:\/\/blocsenresidencia.bcn.cat\/sagrerasantandreu2023\/wp-content\/uploads\/2023\/03\/Rosa-4-768x1024.jpg\" alt=\"\" class=\"wp-image-122\" srcset=\"https:\/\/blocsenresidencia.bcn.cat\/sagrerasantandreu2023\/wp-content\/uploads\/2023\/03\/Rosa-4-768x1024.jpg 768w, https:\/\/blocsenresidencia.bcn.cat\/sagrerasantandreu2023\/wp-content\/uploads\/2023\/03\/Rosa-4-225x300.jpg 225w, https:\/\/blocsenresidencia.bcn.cat\/sagrerasantandreu2023\/wp-content\/uploads\/2023\/03\/Rosa-4-1152x1536.jpg 1152w, https:\/\/blocsenresidencia.bcn.cat\/sagrerasantandreu2023\/wp-content\/uploads\/2023\/03\/Rosa-4-1536x2048.jpg 1536w, https:\/\/blocsenresidencia.bcn.cat\/sagrerasantandreu2023\/wp-content\/uploads\/2023\/03\/Rosa-4-scaled.jpg 1920w\" sizes=\"auto, (max-width: 767px) 89vw, (max-width: 1000px) 54vw, (max-width: 1071px) 543px, 580px\"><\/figure>\n<\/figure>\n<figure class=\"wp-block-image is-resized\"><img decoding=\"async\" loading=\"lazy\" src=\"https:\/\/blocsenresidencia.bcn.cat\/sagrerasantandreu2023\/wp-content\/uploads\/2023\/03\/image-3.png\" alt=\"Aquesta imatge t\u00e9 l'atribut alt buit; el seu nom \u00e9s image-3.png\" width=\"673\" height=\"1010\"><\/figure>\n<\/div>\n","protected":false},"excerpt":{"rendered":"<p>Des de Martina Rogers EN RESiD\u00c8NCiA Soy un baile breve\u00a0\u00e9s una pe\u00e7a curta integrada a l\u2019obra en proc\u00e9s\u00a0Soy un baile de la Rosa Romero. Vam anar tot el grup a La Caldera, un nou espai on abans ten\u00edem els cinemes Renoir, ara \u00e9s un espai de dansa. All\u00e0 vam poder gaudir d\u2019una sessi\u00f3 de l\u2019espectacle &hellip; <\/p>\n<p class=\"link-more\"><a href=\"https:\/\/blocsenresidencia.bcn.cat\/20222023\/2023\/03\/24\/sortida-soy-un-baile-breve\/\" class=\"more-link\">Continua llegint <span class=\"screen-reader-text\">\u00abSortida: \u201cSoy un baile (breve)\u201d\u00bb<\/span><\/a><\/p>\n","protected":false},"author":5,"featured_media":0,"comment_status":"closed","ping_status":"closed","sticky":false,"template":"","format":"standard","meta":{"footnotes":""},"categories":[1],"tags":[],"class_list":["post-317","post","type-post","status-publish","format-standard","hentry","category-general"],"_links":{"self":[{"href":"https:\/\/blocsenresidencia.bcn.cat\/20222023\/wp-json\/wp\/v2\/posts\/317","targetHints":{"allow":["GET"]}}],"collection":[{"href":"https:\/\/blocsenresidencia.bcn.cat\/20222023\/wp-json\/wp\/v2\/posts"}],"about":[{"href":"https:\/\/blocsenresidencia.bcn.cat\/20222023\/wp-json\/wp\/v2\/types\/post"}],"author":[{"embeddable":true,"href":"https:\/\/blocsenresidencia.bcn.cat\/20222023\/wp-json\/wp\/v2\/users\/5"}],"replies":[{"embeddable":true,"href":"https:\/\/blocsenresidencia.bcn.cat\/20222023\/wp-json\/wp\/v2\/comments?post=317"}],"version-history":[{"count":0,"href":"https:\/\/blocsenresidencia.bcn.cat\/20222023\/wp-json\/wp\/v2\/posts\/317\/revisions"}],"wp:attachment":[{"href":"https:\/\/blocsenresidencia.bcn.cat\/20222023\/wp-json\/wp\/v2\/media?parent=317"}],"wp:term":[{"taxonomy":"category","embeddable":true,"href":"https:\/\/blocsenresidencia.bcn.cat\/20222023\/wp-json\/wp\/v2\/categories?post=317"},{"taxonomy":"post_tag","embeddable":true,"href":"https:\/\/blocsenresidencia.bcn.cat\/20222023\/wp-json\/wp\/v2\/tags?post=317"}],"curies":[{"name":"wp","href":"https:\/\/api.w.org\/{rel}","templated":true}]}}