{"id":321,"date":"2023-03-28T08:28:23","date_gmt":"2023-03-28T06:28:23","guid":{"rendered":"https:\/\/blocsenresidencia.bcn.cat\/20222023\/2023\/03\/28\/14-de-marc\/"},"modified":"2023-03-28T08:28:23","modified_gmt":"2023-03-28T06:28:23","slug":"14-de-marc","status":"publish","type":"post","link":"https:\/\/blocsenresidencia.bcn.cat\/20222023\/2023\/03\/28\/14-de-marc\/","title":{"rendered":"14 de mar\u00e7"},"content":{"rendered":"<p>Des de <a href=\"https:\/\/blocsenresidencia.bcn.cat\/milaifontanals2023\/2023\/03\/28\/14-de-marc\/\">Sabina Witt EN RESiD\u00c8NCiA<\/a><\/p>\n<div>\n<p>Aquest dimarts va vindre una noia, que es deia Gal\u00b7la, convidada per la Sabina. La Gal\u00b7la \u00e9s una alumna de cant de la Sabina i nom\u00e9s t\u00e9 un any o dos anys m\u00e9s que nosaltres. Ens va explicar una mica sobre la seva vida i que estava estudiant en una escola de m\u00fasica. Ens va mostrar el seu primer \u00e0lbum que tot just acabava de gravar. Ens va cantar dues de les seves can\u00e7ons, que  estan a l\u2019\u00e0lbum, es diuen: \u201cT\u00f2xic\u201d que \u00e9s una can\u00e7\u00f3 en angl\u00e8s i \u201cA prop\u201d, en catal\u00e0.\u00a0Ens va agradar a tots i ens va semblar que cantava molt b\u00e9.<\/p>\n<p>Despr\u00e9s vam anar pel Raval a fer fotos per un v\u00eddeo que volem fer.\u00a0 Jo crec que va estar una sessi\u00f3 diferent de les altres i va estar molt b\u00e9.<\/p>\n<figure class=\"is-layout-flex wp-block-gallery-1 wp-block-gallery has-nested-images columns-default is-cropped\">\n<figure class=\"wp-block-image size-large is-style-default\"><img loading=\"lazy\" decoding=\"async\" width=\"1024\" height=\"768\" data-id=\"112\" src=\"https:\/\/blocsenresidencia.bcn.cat\/milaifontanals2023\/wp-content\/uploads\/2023\/03\/20230314_131402_mfnr-4-1024x768.jpg\" alt=\"\" class=\"wp-image-112\" srcset=\"https:\/\/blocsenresidencia.bcn.cat\/milaifontanals2023\/wp-content\/uploads\/2023\/03\/20230314_131402_mfnr-4-1024x768.jpg 1024w, https:\/\/blocsenresidencia.bcn.cat\/milaifontanals2023\/wp-content\/uploads\/2023\/03\/20230314_131402_mfnr-4-300x225.jpg 300w, https:\/\/blocsenresidencia.bcn.cat\/milaifontanals2023\/wp-content\/uploads\/2023\/03\/20230314_131402_mfnr-4-768x576.jpg 768w, https:\/\/blocsenresidencia.bcn.cat\/milaifontanals2023\/wp-content\/uploads\/2023\/03\/20230314_131402_mfnr-4-1536x1152.jpg 1536w, https:\/\/blocsenresidencia.bcn.cat\/milaifontanals2023\/wp-content\/uploads\/2023\/03\/20230314_131402_mfnr-4-2048x1536.jpg 2048w\" sizes=\"auto, (max-width: 767px) 89vw, (max-width: 1000px) 54vw, (max-width: 1071px) 543px, 580px\"><\/figure>\n<\/figure>\n<figure class=\"wp-block-image size-large\"><img decoding=\"async\" loading=\"lazy\" width=\"1024\" height=\"768\" src=\"https:\/\/blocsenresidencia.bcn.cat\/milaifontanals2023\/wp-content\/uploads\/2023\/03\/drassanes-1-5-1024x768.jpg\" alt=\"\" class=\"wp-image-119\" srcset=\"https:\/\/blocsenresidencia.bcn.cat\/milaifontanals2023\/wp-content\/uploads\/2023\/03\/drassanes-1-5-1024x768.jpg 1024w, https:\/\/blocsenresidencia.bcn.cat\/milaifontanals2023\/wp-content\/uploads\/2023\/03\/drassanes-1-5-300x225.jpg 300w, https:\/\/blocsenresidencia.bcn.cat\/milaifontanals2023\/wp-content\/uploads\/2023\/03\/drassanes-1-5-768x576.jpg 768w, https:\/\/blocsenresidencia.bcn.cat\/milaifontanals2023\/wp-content\/uploads\/2023\/03\/drassanes-1-5-1536x1152.jpg 1536w, https:\/\/blocsenresidencia.bcn.cat\/milaifontanals2023\/wp-content\/uploads\/2023\/03\/drassanes-1-5-2048x1536.jpg 2048w\" sizes=\"auto, (max-width: 767px) 89vw, (max-width: 1000px) 54vw, (max-width: 1071px) 543px, 580px\"><\/figure>\n<\/div>\n","protected":false},"excerpt":{"rendered":"<p>Des de Sabina Witt EN RESiD\u00c8NCiA Aquest dimarts va vindre una noia, que es deia Gal\u00b7la, convidada per la Sabina. La Gal\u00b7la \u00e9s una alumna de cant de la Sabina i nom\u00e9s t\u00e9 un any o dos anys m\u00e9s que nosaltres. Ens va explicar una mica sobre la seva vida i que estava estudiant en &hellip; <\/p>\n<p class=\"link-more\"><a href=\"https:\/\/blocsenresidencia.bcn.cat\/20222023\/2023\/03\/28\/14-de-marc\/\" class=\"more-link\">Continua llegint <span class=\"screen-reader-text\">\u00ab14 de mar\u00e7\u00bb<\/span><\/a><\/p>\n","protected":false},"author":5,"featured_media":0,"comment_status":"closed","ping_status":"closed","sticky":false,"template":"","format":"standard","meta":{"footnotes":""},"categories":[1],"tags":[],"class_list":["post-321","post","type-post","status-publish","format-standard","hentry","category-general"],"_links":{"self":[{"href":"https:\/\/blocsenresidencia.bcn.cat\/20222023\/wp-json\/wp\/v2\/posts\/321","targetHints":{"allow":["GET"]}}],"collection":[{"href":"https:\/\/blocsenresidencia.bcn.cat\/20222023\/wp-json\/wp\/v2\/posts"}],"about":[{"href":"https:\/\/blocsenresidencia.bcn.cat\/20222023\/wp-json\/wp\/v2\/types\/post"}],"author":[{"embeddable":true,"href":"https:\/\/blocsenresidencia.bcn.cat\/20222023\/wp-json\/wp\/v2\/users\/5"}],"replies":[{"embeddable":true,"href":"https:\/\/blocsenresidencia.bcn.cat\/20222023\/wp-json\/wp\/v2\/comments?post=321"}],"version-history":[{"count":0,"href":"https:\/\/blocsenresidencia.bcn.cat\/20222023\/wp-json\/wp\/v2\/posts\/321\/revisions"}],"wp:attachment":[{"href":"https:\/\/blocsenresidencia.bcn.cat\/20222023\/wp-json\/wp\/v2\/media?parent=321"}],"wp:term":[{"taxonomy":"category","embeddable":true,"href":"https:\/\/blocsenresidencia.bcn.cat\/20222023\/wp-json\/wp\/v2\/categories?post=321"},{"taxonomy":"post_tag","embeddable":true,"href":"https:\/\/blocsenresidencia.bcn.cat\/20222023\/wp-json\/wp\/v2\/tags?post=321"}],"curies":[{"name":"wp","href":"https:\/\/api.w.org\/{rel}","templated":true}]}}