{"id":382,"date":"2023-05-31T12:59:08","date_gmt":"2023-05-31T10:59:08","guid":{"rendered":"https:\/\/blocsenresidencia.bcn.cat\/20222023\/2023\/05\/31\/preparant-estrena-davui-dimecres\/"},"modified":"2023-05-31T12:59:08","modified_gmt":"2023-05-31T10:59:08","slug":"preparant-estrena-davui-dimecres","status":"publish","type":"post","link":"https:\/\/blocsenresidencia.bcn.cat\/20222023\/2023\/05\/31\/preparant-estrena-davui-dimecres\/","title":{"rendered":"PREPARANT ESTRENA D\u2019AVUI DIMECRES"},"content":{"rendered":"<p>Des de <a href=\"https:\/\/blocsenresidencia.bcn.cat\/alzina2023\/2023\/05\/31\/preparant-estrena-davui-dimecres\/\">Sara Manubens EN RESiD\u00c8NCiA<\/a><\/p>\n<div>\n<p>El passat dilluns v\u00e0rem fer la presentaci\u00f3 de la pre estrena del treball realitzat al llarg del curs d\u2019ER de l\u2019institut l\u2019Alzina. <\/p>\n<figure class=\"wp-block-image size-large\"><img loading=\"lazy\" decoding=\"async\" width=\"1024\" height=\"768\" src=\"https:\/\/blocsenresidencia.bcn.cat\/alzina2023\/wp-content\/uploads\/2023\/05\/Foto-de-Xavier-C-2-1024x768.jpg\" alt=\"\" class=\"wp-image-103\" srcset=\"https:\/\/blocsenresidencia.bcn.cat\/alzina2023\/wp-content\/uploads\/2023\/05\/Foto-de-Xavier-C-2-1024x768.jpg 1024w, https:\/\/blocsenresidencia.bcn.cat\/alzina2023\/wp-content\/uploads\/2023\/05\/Foto-de-Xavier-C-2-300x225.jpg 300w, https:\/\/blocsenresidencia.bcn.cat\/alzina2023\/wp-content\/uploads\/2023\/05\/Foto-de-Xavier-C-2-768x576.jpg 768w, https:\/\/blocsenresidencia.bcn.cat\/alzina2023\/wp-content\/uploads\/2023\/05\/Foto-de-Xavier-C-2-1536x1152.jpg 1536w, https:\/\/blocsenresidencia.bcn.cat\/alzina2023\/wp-content\/uploads\/2023\/05\/Foto-de-Xavier-C-2.jpg 1600w\" sizes=\"auto, (max-width: 767px) 89vw, (max-width: 1000px) 54vw, (max-width: 1071px) 543px, 580px\"><\/figure>\n<p>Hem pogut visionar els 11 primers minuts del curtmetratge, acompanyats d\u2019un grup de joves refugiats que han participat en el debat.<\/p>\n<figure class=\"wp-block-image size-large\"><img decoding=\"async\" loading=\"lazy\" width=\"1024\" height=\"768\" src=\"https:\/\/blocsenresidencia.bcn.cat\/alzina2023\/wp-content\/uploads\/2023\/05\/Foto-de-Xavier-C-5-1024x768.jpg\" alt=\"\" class=\"wp-image-100\" srcset=\"https:\/\/blocsenresidencia.bcn.cat\/alzina2023\/wp-content\/uploads\/2023\/05\/Foto-de-Xavier-C-5-1024x768.jpg 1024w, https:\/\/blocsenresidencia.bcn.cat\/alzina2023\/wp-content\/uploads\/2023\/05\/Foto-de-Xavier-C-5-300x225.jpg 300w, https:\/\/blocsenresidencia.bcn.cat\/alzina2023\/wp-content\/uploads\/2023\/05\/Foto-de-Xavier-C-5-768x576.jpg 768w, https:\/\/blocsenresidencia.bcn.cat\/alzina2023\/wp-content\/uploads\/2023\/05\/Foto-de-Xavier-C-5-1536x1152.jpg 1536w, https:\/\/blocsenresidencia.bcn.cat\/alzina2023\/wp-content\/uploads\/2023\/05\/Foto-de-Xavier-C-5.jpg 1600w\" sizes=\"auto, (max-width: 767px) 89vw, (max-width: 1000px) 54vw, (max-width: 1071px) 543px, 580px\"><\/figure>\n<p>Tamb\u00e9 hi ha assistit la Coordinadora del Casal, representants de l\u2019ICUB i de la Poderosa, entitat col\u00b7laboradora.<\/p>\n<p>Avui a la tarda farem l\u2019estrena al Zumzeig a les 5 de la tarda. Esteu totes convidades!!  <\/p>\n<\/p>\n<\/div>\n","protected":false},"excerpt":{"rendered":"<p>Des de Sara Manubens EN RESiD\u00c8NCiA El passat dilluns v\u00e0rem fer la presentaci\u00f3 de la pre estrena del treball realitzat al llarg del curs d\u2019ER de l\u2019institut l\u2019Alzina. Hem pogut visionar els 11 primers minuts del curtmetratge, acompanyats d\u2019un grup de joves refugiats que han participat en el debat. Tamb\u00e9 hi ha assistit la Coordinadora &hellip; <\/p>\n<p class=\"link-more\"><a href=\"https:\/\/blocsenresidencia.bcn.cat\/20222023\/2023\/05\/31\/preparant-estrena-davui-dimecres\/\" class=\"more-link\">Continua llegint <span class=\"screen-reader-text\">\u00abPREPARANT ESTRENA D\u2019AVUI DIMECRES\u00bb<\/span><\/a><\/p>\n","protected":false},"author":5,"featured_media":0,"comment_status":"closed","ping_status":"closed","sticky":false,"template":"","format":"standard","meta":{"footnotes":""},"categories":[1],"tags":[],"class_list":["post-382","post","type-post","status-publish","format-standard","hentry","category-general"],"_links":{"self":[{"href":"https:\/\/blocsenresidencia.bcn.cat\/20222023\/wp-json\/wp\/v2\/posts\/382","targetHints":{"allow":["GET"]}}],"collection":[{"href":"https:\/\/blocsenresidencia.bcn.cat\/20222023\/wp-json\/wp\/v2\/posts"}],"about":[{"href":"https:\/\/blocsenresidencia.bcn.cat\/20222023\/wp-json\/wp\/v2\/types\/post"}],"author":[{"embeddable":true,"href":"https:\/\/blocsenresidencia.bcn.cat\/20222023\/wp-json\/wp\/v2\/users\/5"}],"replies":[{"embeddable":true,"href":"https:\/\/blocsenresidencia.bcn.cat\/20222023\/wp-json\/wp\/v2\/comments?post=382"}],"version-history":[{"count":0,"href":"https:\/\/blocsenresidencia.bcn.cat\/20222023\/wp-json\/wp\/v2\/posts\/382\/revisions"}],"wp:attachment":[{"href":"https:\/\/blocsenresidencia.bcn.cat\/20222023\/wp-json\/wp\/v2\/media?parent=382"}],"wp:term":[{"taxonomy":"category","embeddable":true,"href":"https:\/\/blocsenresidencia.bcn.cat\/20222023\/wp-json\/wp\/v2\/categories?post=382"},{"taxonomy":"post_tag","embeddable":true,"href":"https:\/\/blocsenresidencia.bcn.cat\/20222023\/wp-json\/wp\/v2\/tags?post=382"}],"curies":[{"name":"wp","href":"https:\/\/api.w.org\/{rel}","templated":true}]}}