{"id":383,"date":"2023-05-31T12:59:11","date_gmt":"2023-05-31T10:59:11","guid":{"rendered":"https:\/\/blocsenresidencia.bcn.cat\/20222023\/2023\/05\/31\/guio-presentacio-obra-final\/"},"modified":"2023-05-31T12:59:11","modified_gmt":"2023-05-31T10:59:11","slug":"guio-presentacio-obra-final","status":"publish","type":"post","link":"https:\/\/blocsenresidencia.bcn.cat\/20222023\/2023\/05\/31\/guio-presentacio-obra-final\/","title":{"rendered":"Gui\u00f3 presentaci\u00f3 obra final"},"content":{"rendered":"<p>Des de <a href=\"https:\/\/blocsenresidencia.bcn.cat\/vapordelfil2023\/2023\/05\/31\/guio-presentacio-obra-final\/\">Estampa EN RESiD\u00c8NCiA<\/a><\/p>\n<div>\n<p><strong>BENVINGUDA<\/strong><\/p>\n<p>Hola, benvinguts i benvingudes a la nostra exposici\u00f3 anomenada: Capes de tint. Som un grup d\u2019alumnes d\u20191 deso de l\u2019institut Vapor del fil que aquest any hem estat treballant a resid\u00e8ncia acompanyats i col\u00b7laborant amb estampa i juntament amb les nostres professores.\u00a0\u00a0\u00a0\u00a0\u00a0\u00a0\u00a0\u00a0\u00a0\u00a0\u00a0<\/p>\n<p>Us explicarem la base de la nostra obra d\u2019art i com vam arribar a fer-la. Col\u00b7laborant amb estampa ens vam adonar que sota el pati del nostre institut (Vapor del fil) hi havia uns bidons que antigament tenien tinta per a tenyir fils, ja que antigament el nostre institut era una f\u00e0brica per a fabricar fils.\u00a0<\/p>\n<p>Al llarg de tot aquest curs hem estudiat i apr\u00e8s moltes coses que us anirem explicant durant aquesta presentaci\u00f3, Vam partir d\u2019aqu\u00ed i vam anar al que \u00e9s visible i invisible (per\u00f2 aix\u00f2 ja us ho explicaran els nostres companys\/es). Vam passar al passat i al futur de la\u00a0f\u00e0brica i Coats, despr\u00e9s els colors: Floresc\u00e8ncia, Llum ultraviolada\u2026\u00a0 Vam acabar passant a les capes hist\u00f2riques i per donar-nos idees per a fer la nostra obra d\u2019art vam anar a diferents museus.<\/p>\n<h3 class=\"wp-block-heading\"><strong>PAS DEL TEMPS (Fabra i Coats)<\/strong><\/h3>\n<p>Ara explicarem el pas del temps de com era abans la Fabra i Coats i o que fan.<\/p>\n<p>Els mapes de Sant Andreu els vam fer per poder veure i descobrir m\u00e9s el barri de la Fabra i Coats. Ens vam divertir molt fent-los i ens va agradar molt. En els dibuixos de la Fabra i Coats vam fer dibuixos de la Fabra i Coats com nosaltres vol\u00edem.\u00a0<\/p>\n<p>La Fabra i Coats a vans era una f\u00e0brica de fils, fins a l\u2019any 2005 i ara \u00e9s un recinte on hi ha escoles, instituts, espai Castelles i un espai on poder fer i veure teatre, balls, etc. Tamb\u00e9 hi ha un canal de r\u00e0dio que es diu r\u00e0dio Fabra. Aqu\u00ed podeu veure imatges antigues de quan la Fabra i Coats era una f\u00e0brica, en aquestes fotos que surten treballadors i treballadores treballant en la Fabra i Coats.\u00a0<\/p>\n<p>En la web d\u2019institut cartogr\u00e0fic vam veure la nostra casa en el passat i la nostra casa d\u2019ara. <\/p>\n<p>Una de les coses que vam fer van ser unes tires amb totes les coses que veiem de cam\u00ed a l\u2019institut, va ser divertit poder veure per tot el que pass\u00e0vem, vam veure que hi havia gent amb la tira m\u00e9s llarga o m\u00e9s curta (depenent de com era de llarg el nostre cam\u00ed) vam descobrir que era una manera nova d\u2019interpretar mapes, en comptes de ser un mapa amb una fletxa que indicava el cam\u00ed.<\/p>\n<h3 class=\"wp-block-heading\"><strong>T\u00c8XTIL<\/strong><\/h3>\n<p>L\u2019institut est\u00e0 situat en una antiga f\u00e0brica Fabra i Coats de fils i d\u2019all\u00e0 vam comen\u00e7ar a investigar tot relacionat amb el t\u00e8xtil. L\u2019obra que hi ha aqu\u00ed, li vam demanar que la fes una noia que es diu Francesca. Que un dia vam anar al seu taller a qu\u00e8 ens ensenyes com u feia les tel\u00e9s i ens va explicar que tenia dos tipus diferents de m\u00e0quines i un m\u00e9s senzill i l\u2019altre m\u00e9s modern. Que ens va explicar que feia la tela passant uns fils per baix\u00f3 per dalt dep\u00e8n del que volia fer.\u00a0\u00a0<\/p>\n<p>Aix\u00f2 est\u00e0 relacionat amb els p\u00edxels per qu\u00e8 cada tram que feia de tela s\u00f3n molts p\u00edxels junts i formen el dibuix. Totes les nostres vestimentes estan fetes de p\u00edxels. Segur que de petits heu fet puntillisme, que s\u00f3n molts punts junts i fan un dibuix, perqu\u00e8 aquests punts s\u00f3n com p\u00edxels.<\/p>\n<h3 class=\"wp-block-heading\"><strong>COLOR<\/strong><\/h3>\n<p>Amb estampa hem treballat molt sobre el color, entre tots aquests temes el que m\u00e9s ens va sorprendre va ser el sistema subtractiu que ara us explicar\u00e0 la meva companya la Noa.<\/p>\n<p>El sistema de color subtractiu dels pigments \u00e9s el que es fa servir per imprimir els seus colors primaris, que s\u00f3n el cian, el groc i el magenta, s\u00f3n els colors primaris, perqu\u00e8 barrejant-los podem crear la resta de colors que existeixen. De fet, si mir\u00e9ssim amb una lupa especialitzada sobre un full impr\u00e8s podr\u00edem veure aquests tres colors que acabo de veure abans.\u00a0<\/p>\n<p>La fluoresc\u00e8ncia \u00e9s un tipus particular de luminesc\u00e8ncia, que caracteritza per brillar a la foscor. Algunes d\u2019aquestes coses fluorescents es poden beure amb una llanterna de llum ultraviolada\u00a0farem les dues activitats interactives que hem preparat per fer amb vosaltres, comen\u00e7arem amb una\u00a0activitat d\u2019uns dibuixos que vam fer en un paper negre amb uns subratlladors fluorescents, heu d\u2019endevinar que creieu que hi ha dibuixat, com no tenim llanterna ultraviolada us ho direm nosaltres.<\/p>\n<p>Ara us hem preparat una s\u00e8rie d\u2019activitats. Primer 3 persones escollireu un filtre de color, despr\u00e9s una persona posar\u00e0 la seva ombra. <\/p>\n<p>Ara el que farem amb les llanternes ser\u00e0 ficar-los una lent del color que vulgueu i despr\u00e9s ajuntarem les tres llums per veure quins colors fan les llums i com es veuen les vostres ombres amb els colors que hem format.<\/p>\n<p><strong>Hem de dir que com veureu aquest tema ha sigut el fil conductor del projecte<\/strong>.<\/p>\n<figure class=\"wp-block-image size-large\"><img decoding=\"async\" loading=\"lazy\" width=\"1024\" height=\"768\" src=\"https:\/\/blocsenresidencia.bcn.cat\/vapordelfil2023\/wp-content\/uploads\/2023\/05\/image-1024x768.png\" alt=\"\" class=\"wp-image-639\" srcset=\"https:\/\/blocsenresidencia.bcn.cat\/vapordelfil2023\/wp-content\/uploads\/2023\/05\/image-1024x768.png 1024w, https:\/\/blocsenresidencia.bcn.cat\/vapordelfil2023\/wp-content\/uploads\/2023\/05\/image-300x225.png 300w, https:\/\/blocsenresidencia.bcn.cat\/vapordelfil2023\/wp-content\/uploads\/2023\/05\/image-768x576.png 768w, https:\/\/blocsenresidencia.bcn.cat\/vapordelfil2023\/wp-content\/uploads\/2023\/05\/image-1536x1152.png 1536w, https:\/\/blocsenresidencia.bcn.cat\/vapordelfil2023\/wp-content\/uploads\/2023\/05\/image.png 1600w\" sizes=\"auto, (max-width: 767px) 89vw, (max-width: 1000px) 54vw, (max-width: 1071px) 543px, 580px\"><\/figure>\n<h3 class=\"wp-block-heading\"><\/h3>\n<p>Ara us explicarem el que veiem i el que no.<\/p>\n<p>Amb Estampa vam descobrir que hi ha animals que veuen coses que nosaltres no veiem.<\/p>\n<p>Per exemple l\u2019abella veu la llum ultraviolada, per\u00f2 no veu el color vermell. El gos t\u00e9 un ventall crom\u00e0tic m\u00e9s redu\u00eft que les persones, l\u2019ull del gos t\u00e9 dificultat per diferenciar entre colors verds i vermells, per\u00f2 poden distingir blaus de vermells o blaus de verds, aix\u00ed, una persona que percep la gespa de color verd, un gos la veuria groga.<\/p>\n<p>Nosaltres vam intentar veure el que no podem veure, vam utilitzar un Geo-radar per veure que hi ha sota el nostre pati. Un Geo-radar \u00e9s un aparell que utilitza ones per veure que hi ha sota terra.<\/p>\n<p>Amb el Gp neo-radar vam fer perfils amb la m\u00e0quina i ens va donar com a resultat aquesta imatge. (assenyala la imatge dels perfils). Tamb\u00e9 vam fer la cambra fosca, que permet veure el que es troba fora de, per exemple, una paret. Enfosquint un espai i deixant que una mica de llum passi, es veur\u00e0 el que hi ha darrere per\u00f2 a la inversa.<\/p>\n<h3 class=\"wp-block-heading\"><strong>Capes<\/strong><\/h3>\n<p>Ara us explicarem el geo radar i les capes del pati.<\/p>\n<p>Qu\u00e8 \u00e9s el geo radar com funciona? El geo radar \u00e9s un aparell electr\u00f2nic sa de fer mour\u00e0 per sobre de la superf\u00edcie, quan el mous per la superf\u00edcie en via unes, ones que quan troba un objecte rebota i torna al geo radar i ho escaneges i es veu des d\u2019una petita pantalleta, serveix per saber que hi ha a sota.<\/p>\n<p>Hi havia tres c\u00e0rrecs un era el de passar el geo radar amb molta cura en \u00a0 recta un altre d\u2019apuntar dades i un altre de fer fotos. Per a qu\u00e8 serveix el geo radar? Serveix perqu\u00e8 amb les dades que extraiem del geo radar podem fer un mapa vertical que ens serveix per saber a quina profunditat hi ha objectes.<\/p>\n<p>Despr\u00e9s d\u2019analitzar els mapes verticals podem fer mapes horitzontals que, ens permeten veure en les diferents capes que hem analitzat amb el geo radar, tamb\u00e9 ens permet veure si l\u2019objecta \u00e9s molt gran, petit, llarg, curt, ample, estret\u2026<\/p>\n<h3 class=\"wp-block-heading\"><strong>Art\/MACBA<\/strong><\/h3>\n<p>Les sigles volen dir Museu d\u2019Art Contemporani de Barcelona<\/p>\n<p>Vam anar al MACBA per inspirar-nos per l\u2019obra final, la qual veureu despr\u00e9s d\u2019aquesta petita explicaci\u00f3. Al llarg de tot el curs hem estat veient moltes obres d\u2019art contemporani per acabar fent l\u2019obra final i per aprendre coses sobre el tema de les capes.<\/p>\n<p>En arribar vam comen\u00e7ar a veure obres (les m\u00e9s importants):<\/p>\n<p>Obra n\u00fam. 1: Enderroc-Aball\u00ed (Artista)<\/p>\n<p>Aquesta obra representa una casa de 5 plantes. La planta m\u00e9s bruta \u00e9s la de sota perqu\u00e8 \u00e9s on la gent dibuixa amb el dit quan passa pel carrer i les altres tenen diferents dissenys dels colors de les parets i del tipus de terra. T\u00e9 molta relaci\u00f3 amb les capes del nostre producte final.<\/p>\n<p>Obra n\u00fam. 2: Nada reiterada- Mar Arza (artista)<\/p>\n<p>S\u00f3n p\u00e0gines foradades penjades de fils. El t\u00edtol del llibre que ha sigut foradat \u00e9s \u2018nada\u2019 i es nota perqu\u00e8 s\u00f3n les paraules que no estan retallades. T\u00e9 relaci\u00f3 amb la nostra obra final perqu\u00e8 els fulls estaven penjats igual que a nada reiterada.<\/p>\n<p>Obra n\u00fam. 3: Baharestan catifa-Tere Recaners (Artista) S\u00f3n uns trossos de cart\u00f3 de 4\u00d74 sobre els quals es pot caminar sense sabates.<\/p>\n<p>S\u00f3n 2 obres de 4\u00d74: en un d\u2019ells hi ha dibuixos una mica estranys i en l\u2019altre coses escrites en urd\u00fa.<\/p>\n<p>Obra n\u00fam. 4: m\u00f2bil home:<\/p>\n<p>\u00c9s una obra en la qual hi ha 2 balles i les coses ens mouen d\u2019un lloc a un altre gr\u00e0cies a cordes de metall.<\/p>\n<p>S\u00f3n coses que pots trobar a una casa. En conclusi\u00f3 l\u2019art \u00e9s art depenent de la persona i de quin sentit li donis.<\/p>\n<h3 class=\"wp-block-heading\"><strong>Instal\u00b7laci\u00f3 \/ Tancament<\/strong><\/h3>\n<p>Moltes gr\u00e0cies per haver-nos escoltat i esperem que h\u00e0giu gaudit d\u2019aquest proc\u00e9s.\u00a0<\/p>\n<p>Volem agrair a la galeria \u00c0ngels Barcelona per haver-nos deixat aquest espai per fer aquesta exposici\u00f3, ens agradaria agrair a la Francesca Pi\u00f1ol per haver col\u00b7laborat amb la nostra obra d\u2019art.<\/p>\n<p>Tamb\u00e9 donem les gr\u00e0cies a estampa que ens ha estat ajudant a fer tot aquest proc\u00e9s i finalment a tothom que pugui haver col\u00b7laborat amb nosaltres.<\/p>\n<p>Teniu alguna pregunta?\u00a0 \u00a0 \u00a0 \u00a0 \u00a0 \u00a0 \u00a0                                                                                  Responem dubtes<\/p>\n<figure class=\"wp-block-image size-large\"><img decoding=\"async\" loading=\"lazy\" width=\"1024\" height=\"683\" src=\"https:\/\/blocsenresidencia.bcn.cat\/vapordelfil2023\/wp-content\/uploads\/2023\/05\/230526_ExpoEnresidencia_Estampa_Institut-Vapordelfil_716-1024x683.jpg\" alt=\"\" class=\"wp-image-653\" srcset=\"https:\/\/blocsenresidencia.bcn.cat\/vapordelfil2023\/wp-content\/uploads\/2023\/05\/230526_ExpoEnresidencia_Estampa_Institut-Vapordelfil_716-1024x683.jpg 1024w, https:\/\/blocsenresidencia.bcn.cat\/vapordelfil2023\/wp-content\/uploads\/2023\/05\/230526_ExpoEnresidencia_Estampa_Institut-Vapordelfil_716-300x200.jpg 300w, https:\/\/blocsenresidencia.bcn.cat\/vapordelfil2023\/wp-content\/uploads\/2023\/05\/230526_ExpoEnresidencia_Estampa_Institut-Vapordelfil_716-768x512.jpg 768w, https:\/\/blocsenresidencia.bcn.cat\/vapordelfil2023\/wp-content\/uploads\/2023\/05\/230526_ExpoEnresidencia_Estampa_Institut-Vapordelfil_716-1536x1024.jpg 1536w, https:\/\/blocsenresidencia.bcn.cat\/vapordelfil2023\/wp-content\/uploads\/2023\/05\/230526_ExpoEnresidencia_Estampa_Institut-Vapordelfil_716-2048x1365.jpg 2048w\" sizes=\"auto, (max-width: 767px) 89vw, (max-width: 1000px) 54vw, (max-width: 1071px) 543px, 580px\"><\/figure>\n<figure class=\"wp-block-image size-large\"><img decoding=\"async\" loading=\"lazy\" width=\"1024\" height=\"683\" src=\"https:\/\/blocsenresidencia.bcn.cat\/vapordelfil2023\/wp-content\/uploads\/2023\/05\/230526_ExpoEnresidencia_Estampa_Institut-Vapordelfil_586-1024x683.jpg\" alt=\"\" class=\"wp-image-657\" srcset=\"https:\/\/blocsenresidencia.bcn.cat\/vapordelfil2023\/wp-content\/uploads\/2023\/05\/230526_ExpoEnresidencia_Estampa_Institut-Vapordelfil_586-1024x683.jpg 1024w, https:\/\/blocsenresidencia.bcn.cat\/vapordelfil2023\/wp-content\/uploads\/2023\/05\/230526_ExpoEnresidencia_Estampa_Institut-Vapordelfil_586-300x200.jpg 300w, https:\/\/blocsenresidencia.bcn.cat\/vapordelfil2023\/wp-content\/uploads\/2023\/05\/230526_ExpoEnresidencia_Estampa_Institut-Vapordelfil_586-768x512.jpg 768w, https:\/\/blocsenresidencia.bcn.cat\/vapordelfil2023\/wp-content\/uploads\/2023\/05\/230526_ExpoEnresidencia_Estampa_Institut-Vapordelfil_586-1536x1024.jpg 1536w, https:\/\/blocsenresidencia.bcn.cat\/vapordelfil2023\/wp-content\/uploads\/2023\/05\/230526_ExpoEnresidencia_Estampa_Institut-Vapordelfil_586-2048x1365.jpg 2048w\" sizes=\"auto, (max-width: 767px) 89vw, (max-width: 1000px) 54vw, (max-width: 1071px) 543px, 580px\"><\/figure>\n<figure class=\"wp-block-image size-large\"><img decoding=\"async\" loading=\"lazy\" width=\"1024\" height=\"683\" src=\"https:\/\/blocsenresidencia.bcn.cat\/vapordelfil2023\/wp-content\/uploads\/2023\/05\/230526_ExpoEnresidencia_Estampa_Institut-Vapordelfil_516-1024x683.jpg\" alt=\"\" class=\"wp-image-659\" srcset=\"https:\/\/blocsenresidencia.bcn.cat\/vapordelfil2023\/wp-content\/uploads\/2023\/05\/230526_ExpoEnresidencia_Estampa_Institut-Vapordelfil_516-1024x683.jpg 1024w, https:\/\/blocsenresidencia.bcn.cat\/vapordelfil2023\/wp-content\/uploads\/2023\/05\/230526_ExpoEnresidencia_Estampa_Institut-Vapordelfil_516-300x200.jpg 300w, https:\/\/blocsenresidencia.bcn.cat\/vapordelfil2023\/wp-content\/uploads\/2023\/05\/230526_ExpoEnresidencia_Estampa_Institut-Vapordelfil_516-768x512.jpg 768w, https:\/\/blocsenresidencia.bcn.cat\/vapordelfil2023\/wp-content\/uploads\/2023\/05\/230526_ExpoEnresidencia_Estampa_Institut-Vapordelfil_516-1536x1024.jpg 1536w, https:\/\/blocsenresidencia.bcn.cat\/vapordelfil2023\/wp-content\/uploads\/2023\/05\/230526_ExpoEnresidencia_Estampa_Institut-Vapordelfil_516-2048x1365.jpg 2048w\" sizes=\"auto, (max-width: 767px) 89vw, (max-width: 1000px) 54vw, (max-width: 1071px) 543px, 580px\"><\/figure>\n<figure class=\"wp-block-image size-large\"><img decoding=\"async\" loading=\"lazy\" width=\"1024\" height=\"683\" src=\"https:\/\/blocsenresidencia.bcn.cat\/vapordelfil2023\/wp-content\/uploads\/2023\/05\/230526_ExpoEnresidencia_Estampa_Institut-Vapordelfil_080-1024x683.jpg\" alt=\"\" class=\"wp-image-663\" srcset=\"https:\/\/blocsenresidencia.bcn.cat\/vapordelfil2023\/wp-content\/uploads\/2023\/05\/230526_ExpoEnresidencia_Estampa_Institut-Vapordelfil_080-1024x683.jpg 1024w, https:\/\/blocsenresidencia.bcn.cat\/vapordelfil2023\/wp-content\/uploads\/2023\/05\/230526_ExpoEnresidencia_Estampa_Institut-Vapordelfil_080-300x200.jpg 300w, https:\/\/blocsenresidencia.bcn.cat\/vapordelfil2023\/wp-content\/uploads\/2023\/05\/230526_ExpoEnresidencia_Estampa_Institut-Vapordelfil_080-768x512.jpg 768w, https:\/\/blocsenresidencia.bcn.cat\/vapordelfil2023\/wp-content\/uploads\/2023\/05\/230526_ExpoEnresidencia_Estampa_Institut-Vapordelfil_080-1536x1024.jpg 1536w, https:\/\/blocsenresidencia.bcn.cat\/vapordelfil2023\/wp-content\/uploads\/2023\/05\/230526_ExpoEnresidencia_Estampa_Institut-Vapordelfil_080-2048x1365.jpg 2048w\" sizes=\"auto, (max-width: 767px) 89vw, (max-width: 1000px) 54vw, (max-width: 1071px) 543px, 580px\"><\/figure>\n<\/div>\n","protected":false},"excerpt":{"rendered":"<p>Des de Estampa EN RESiD\u00c8NCiA BENVINGUDA Hola, benvinguts i benvingudes a la nostra exposici\u00f3 anomenada: Capes de tint. Som un grup d\u2019alumnes d\u20191 deso de l\u2019institut Vapor del fil que aquest any hem estat treballant a resid\u00e8ncia acompanyats i col\u00b7laborant amb estampa i juntament amb les nostres professores.\u00a0\u00a0\u00a0\u00a0\u00a0\u00a0\u00a0\u00a0\u00a0\u00a0\u00a0 Us explicarem la base de la nostra &hellip; <\/p>\n<p class=\"link-more\"><a href=\"https:\/\/blocsenresidencia.bcn.cat\/20222023\/2023\/05\/31\/guio-presentacio-obra-final\/\" class=\"more-link\">Continua llegint <span class=\"screen-reader-text\">\u00abGui\u00f3 presentaci\u00f3 obra final\u00bb<\/span><\/a><\/p>\n","protected":false},"author":5,"featured_media":0,"comment_status":"closed","ping_status":"closed","sticky":false,"template":"","format":"standard","meta":{"footnotes":""},"categories":[1],"tags":[],"class_list":["post-383","post","type-post","status-publish","format-standard","hentry","category-general"],"_links":{"self":[{"href":"https:\/\/blocsenresidencia.bcn.cat\/20222023\/wp-json\/wp\/v2\/posts\/383","targetHints":{"allow":["GET"]}}],"collection":[{"href":"https:\/\/blocsenresidencia.bcn.cat\/20222023\/wp-json\/wp\/v2\/posts"}],"about":[{"href":"https:\/\/blocsenresidencia.bcn.cat\/20222023\/wp-json\/wp\/v2\/types\/post"}],"author":[{"embeddable":true,"href":"https:\/\/blocsenresidencia.bcn.cat\/20222023\/wp-json\/wp\/v2\/users\/5"}],"replies":[{"embeddable":true,"href":"https:\/\/blocsenresidencia.bcn.cat\/20222023\/wp-json\/wp\/v2\/comments?post=383"}],"version-history":[{"count":0,"href":"https:\/\/blocsenresidencia.bcn.cat\/20222023\/wp-json\/wp\/v2\/posts\/383\/revisions"}],"wp:attachment":[{"href":"https:\/\/blocsenresidencia.bcn.cat\/20222023\/wp-json\/wp\/v2\/media?parent=383"}],"wp:term":[{"taxonomy":"category","embeddable":true,"href":"https:\/\/blocsenresidencia.bcn.cat\/20222023\/wp-json\/wp\/v2\/categories?post=383"},{"taxonomy":"post_tag","embeddable":true,"href":"https:\/\/blocsenresidencia.bcn.cat\/20222023\/wp-json\/wp\/v2\/tags?post=383"}],"curies":[{"name":"wp","href":"https:\/\/api.w.org\/{rel}","templated":true}]}}