{"id":384,"date":"2023-05-31T12:59:11","date_gmt":"2023-05-31T10:59:11","guid":{"rendered":"https:\/\/blocsenresidencia.bcn.cat\/20222023\/2023\/05\/31\/teler\/"},"modified":"2023-05-31T12:59:11","modified_gmt":"2023-05-31T10:59:11","slug":"teler","status":"publish","type":"post","link":"https:\/\/blocsenresidencia.bcn.cat\/20222023\/2023\/05\/31\/teler\/","title":{"rendered":"TELER"},"content":{"rendered":"<p>Des de <a href=\"https:\/\/blocsenresidencia.bcn.cat\/vapordelfil2023\/2023\/05\/31\/teler\/\">Estampa EN RESiD\u00c8NCiA<\/a><\/p>\n<div>\n<p>Vam anar al taller de la Francesca Pinyol, \u00e9s un lloc on teixeix tel\u00e9s amb un telar gegant, t\u00e9 dos tipus de telar el manual que ho has de fer tot a m\u00e0 i el digital on nom\u00e9s has de teixir, el manual \u00e9s de fusta i el digital \u00e9s de metall, per teixir has de tindre 2 colors base que normalment \u00e9s el blanc i el negre, a partir de tindre 2 colors base, pots teixir amb els colors que vulguis, pots utilitzar tants colors com vulgui. Vam contactar amb ella mitjan\u00e7ant Estampa, i va ser la creadora del telar que vam exposar en la galeria d\u2019art.<\/p>\n<figure class=\"wp-block-image size-large\"><img loading=\"lazy\" decoding=\"async\" width=\"1024\" height=\"683\" src=\"https:\/\/blocsenresidencia.bcn.cat\/vapordelfil2023\/wp-content\/uploads\/2023\/05\/23_05_16_teler_03-3-1024x683.jpg\" alt=\"\" class=\"wp-image-648\" srcset=\"https:\/\/blocsenresidencia.bcn.cat\/vapordelfil2023\/wp-content\/uploads\/2023\/05\/23_05_16_teler_03-3-1024x683.jpg 1024w, https:\/\/blocsenresidencia.bcn.cat\/vapordelfil2023\/wp-content\/uploads\/2023\/05\/23_05_16_teler_03-3-300x200.jpg 300w, https:\/\/blocsenresidencia.bcn.cat\/vapordelfil2023\/wp-content\/uploads\/2023\/05\/23_05_16_teler_03-3-768x512.jpg 768w, https:\/\/blocsenresidencia.bcn.cat\/vapordelfil2023\/wp-content\/uploads\/2023\/05\/23_05_16_teler_03-3-1536x1024.jpg 1536w, https:\/\/blocsenresidencia.bcn.cat\/vapordelfil2023\/wp-content\/uploads\/2023\/05\/23_05_16_teler_03-3-2048x1365.jpg 2048w\" sizes=\"auto, (max-width: 767px) 89vw, (max-width: 1000px) 54vw, (max-width: 1071px) 543px, 580px\"><\/figure>\n<figure class=\"wp-block-image size-large\"><img decoding=\"async\" loading=\"lazy\" width=\"1024\" height=\"683\" src=\"https:\/\/blocsenresidencia.bcn.cat\/vapordelfil2023\/wp-content\/uploads\/2023\/05\/23_05_16_teler_51-1-1024x683.jpg\" alt=\"\" class=\"wp-image-647\" srcset=\"https:\/\/blocsenresidencia.bcn.cat\/vapordelfil2023\/wp-content\/uploads\/2023\/05\/23_05_16_teler_51-1-1024x683.jpg 1024w, https:\/\/blocsenresidencia.bcn.cat\/vapordelfil2023\/wp-content\/uploads\/2023\/05\/23_05_16_teler_51-1-300x200.jpg 300w, https:\/\/blocsenresidencia.bcn.cat\/vapordelfil2023\/wp-content\/uploads\/2023\/05\/23_05_16_teler_51-1-768x512.jpg 768w, https:\/\/blocsenresidencia.bcn.cat\/vapordelfil2023\/wp-content\/uploads\/2023\/05\/23_05_16_teler_51-1-1536x1024.jpg 1536w\" sizes=\"auto, (max-width: 767px) 89vw, (max-width: 1000px) 54vw, (max-width: 1071px) 543px, 580px\"><\/figure>\n<figure class=\"wp-block-image size-large\"><img decoding=\"async\" loading=\"lazy\" width=\"1024\" height=\"683\" src=\"https:\/\/blocsenresidencia.bcn.cat\/vapordelfil2023\/wp-content\/uploads\/2023\/05\/23_05_16_teler_21-1024x683.jpg\" alt=\"\" class=\"wp-image-646\" srcset=\"https:\/\/blocsenresidencia.bcn.cat\/vapordelfil2023\/wp-content\/uploads\/2023\/05\/23_05_16_teler_21-1024x683.jpg 1024w, https:\/\/blocsenresidencia.bcn.cat\/vapordelfil2023\/wp-content\/uploads\/2023\/05\/23_05_16_teler_21-300x200.jpg 300w, https:\/\/blocsenresidencia.bcn.cat\/vapordelfil2023\/wp-content\/uploads\/2023\/05\/23_05_16_teler_21-768x512.jpg 768w, https:\/\/blocsenresidencia.bcn.cat\/vapordelfil2023\/wp-content\/uploads\/2023\/05\/23_05_16_teler_21-1536x1024.jpg 1536w\" sizes=\"auto, (max-width: 767px) 89vw, (max-width: 1000px) 54vw, (max-width: 1071px) 543px, 580px\"><\/figure>\n<\/div>\n","protected":false},"excerpt":{"rendered":"<p>Des de Estampa EN RESiD\u00c8NCiA Vam anar al taller de la Francesca Pinyol, \u00e9s un lloc on teixeix tel\u00e9s amb un telar gegant, t\u00e9 dos tipus de telar el manual que ho has de fer tot a m\u00e0 i el digital on nom\u00e9s has de teixir, el manual \u00e9s de fusta i el digital \u00e9s &hellip; <\/p>\n<p class=\"link-more\"><a href=\"https:\/\/blocsenresidencia.bcn.cat\/20222023\/2023\/05\/31\/teler\/\" class=\"more-link\">Continua llegint <span class=\"screen-reader-text\">\u00abTELER\u00bb<\/span><\/a><\/p>\n","protected":false},"author":5,"featured_media":0,"comment_status":"closed","ping_status":"closed","sticky":false,"template":"","format":"standard","meta":{"footnotes":""},"categories":[1],"tags":[],"class_list":["post-384","post","type-post","status-publish","format-standard","hentry","category-general"],"_links":{"self":[{"href":"https:\/\/blocsenresidencia.bcn.cat\/20222023\/wp-json\/wp\/v2\/posts\/384","targetHints":{"allow":["GET"]}}],"collection":[{"href":"https:\/\/blocsenresidencia.bcn.cat\/20222023\/wp-json\/wp\/v2\/posts"}],"about":[{"href":"https:\/\/blocsenresidencia.bcn.cat\/20222023\/wp-json\/wp\/v2\/types\/post"}],"author":[{"embeddable":true,"href":"https:\/\/blocsenresidencia.bcn.cat\/20222023\/wp-json\/wp\/v2\/users\/5"}],"replies":[{"embeddable":true,"href":"https:\/\/blocsenresidencia.bcn.cat\/20222023\/wp-json\/wp\/v2\/comments?post=384"}],"version-history":[{"count":0,"href":"https:\/\/blocsenresidencia.bcn.cat\/20222023\/wp-json\/wp\/v2\/posts\/384\/revisions"}],"wp:attachment":[{"href":"https:\/\/blocsenresidencia.bcn.cat\/20222023\/wp-json\/wp\/v2\/media?parent=384"}],"wp:term":[{"taxonomy":"category","embeddable":true,"href":"https:\/\/blocsenresidencia.bcn.cat\/20222023\/wp-json\/wp\/v2\/categories?post=384"},{"taxonomy":"post_tag","embeddable":true,"href":"https:\/\/blocsenresidencia.bcn.cat\/20222023\/wp-json\/wp\/v2\/tags?post=384"}],"curies":[{"name":"wp","href":"https:\/\/api.w.org\/{rel}","templated":true}]}}