{"id":385,"date":"2023-05-31T14:09:48","date_gmt":"2023-05-31T12:09:48","guid":{"rendered":"https:\/\/blocsenresidencia.bcn.cat\/20222023\/2023\/05\/31\/utopies-per-a-un-present-distopic\/"},"modified":"2023-05-31T14:09:48","modified_gmt":"2023-05-31T12:09:48","slug":"utopies-per-a-un-present-distopic","status":"publish","type":"post","link":"https:\/\/blocsenresidencia.bcn.cat\/20222023\/2023\/05\/31\/utopies-per-a-un-present-distopic\/","title":{"rendered":"Utopies per a un present dist\u00f2pic"},"content":{"rendered":"<p>Des de <a href=\"https:\/\/blocsenresidencia.bcn.cat\/conselldecent2023\/2023\/05\/31\/utopies-per-a-un-present-distopic\/\">Oriana Eli\u00e7abe EN RESiD\u00c8NCiA<\/a><\/p>\n<div>\n<p>Desde la creaci\u00f3n colectiva, cada grupo ha decidido un espacio para intervenir y transformar escogiendo diversas pr\u00e1cticas art\u00edsticas, desde la fotograf\u00eda y la instalaci\u00f3n hasta la ilustraci\u00f3n y el dise\u00f1o. Estas intervenciones resignifican los espacios desde las miradas de estos j\u00f3venes que habitan estos sitios y que no responden a sus necesidades. En este sentido, la presentaci\u00f3n final consiste en tres intervenciones en los Jardines de las Tres Chimeneas que, en el contexto de la emergencia clim\u00e1tica, invita a reflexionar a la ciudadan\u00eda sobre el espacio y el momento que vivimos.<\/p>\n<p>Estas intervenciones muestran el presente con iron\u00eda, humor, creatividad y compromiso eco-social. A trav\u00e9s del uso de la ficci\u00f3n, este grupo de alumnos es capaz de mostrarnos la incoherencia de un mundo alienado y alejado de la naturaleza para invitarnos a hacer una pausa y dar paso a la contemplaci\u00f3n, la reflexi\u00f3n y el respeto por nuestro entorno.<\/p>\n<hr class=\"wp-block-separator has-alpha-channel-opacity is-style-dots\">\n<p class=\"has-medium-font-size\"><strong>BROTES<\/strong><\/p>\n<div class=\"wp-block-media-text alignwide is-stacked-on-mobile\">\n<figure class=\"wp-block-media-text__media\"><img decoding=\"async\" loading=\"lazy\" width=\"768\" height=\"1024\" src=\"https:\/\/blocsenresidencia.bcn.cat\/conselldecent2023\/wp-content\/uploads\/2023\/05\/dibuix8-1-768x1024.jpeg\" alt=\"\" class=\"wp-image-201 size-full\" srcset=\"https:\/\/blocsenresidencia.bcn.cat\/conselldecent2023\/wp-content\/uploads\/2023\/05\/dibuix8-1-768x1024.jpeg 768w, https:\/\/blocsenresidencia.bcn.cat\/conselldecent2023\/wp-content\/uploads\/2023\/05\/dibuix8-1-225x300.jpeg 225w, https:\/\/blocsenresidencia.bcn.cat\/conselldecent2023\/wp-content\/uploads\/2023\/05\/dibuix8-1-1152x1536.jpeg 1152w, https:\/\/blocsenresidencia.bcn.cat\/conselldecent2023\/wp-content\/uploads\/2023\/05\/dibuix8-1.jpeg 1536w\" sizes=\"auto, (max-width: 767px) 89vw, (max-width: 1000px) 54vw, (max-width: 1071px) 543px, 580px\"><\/figure>\n<div class=\"wp-block-media-text__content\">\n<p>Como brotes de un \u00e1rbol nacen estas instalaciones en los \u00e1rboles del Parque de las Tres Chimeneas, a trav\u00e9s del uso de la ilustraci\u00f3n y la fotograf\u00eda.<\/p>\n<p>Esta intervenci\u00f3n parte de la sensibilidad del grupo de estudiantes ante varios \u00e1rboles pintados con spray. Los \u00e1rboles tienen vida \u00bfpor qu\u00e9 no prueban sus latas en otro lugar?<\/p>\n<p>Inspirados en el personaje de <em>Sprout<\/em> (Brote, en castellano) del video juego <em>Brown Star<\/em>, este grupo de j\u00f3venes pone rostro y <\/p>\n<\/div>\n<\/div>\n<p>emociones a los \u00e1rboles utilizando la est\u00e9tica de este personaje de ficci\u00f3n e instal\u00e1ndola en diversos \u00e1rboles pintados.<\/p>\n<p><em>Sprout<\/em> llora ante el descuido, sus l\u00e1grimas brotan sobre los colores del \u00e1rbol coloreado.<\/p>\n<\/p>\n<div class=\"wp-block-media-text alignwide is-stacked-on-mobile\">\n<figure class=\"wp-block-media-text__media\"><img decoding=\"async\" loading=\"lazy\" width=\"768\" height=\"1024\" src=\"https:\/\/blocsenresidencia.bcn.cat\/conselldecent2023\/wp-content\/uploads\/2023\/05\/foto7-768x1024.jpeg\" alt=\"\" class=\"wp-image-202 size-full\" srcset=\"https:\/\/blocsenresidencia.bcn.cat\/conselldecent2023\/wp-content\/uploads\/2023\/05\/foto7-768x1024.jpeg 768w, https:\/\/blocsenresidencia.bcn.cat\/conselldecent2023\/wp-content\/uploads\/2023\/05\/foto7-225x300.jpeg 225w, https:\/\/blocsenresidencia.bcn.cat\/conselldecent2023\/wp-content\/uploads\/2023\/05\/foto7-1152x1536.jpeg 1152w, https:\/\/blocsenresidencia.bcn.cat\/conselldecent2023\/wp-content\/uploads\/2023\/05\/foto7.jpeg 1536w\" sizes=\"auto, (max-width: 767px) 89vw, (max-width: 1000px) 54vw, (max-width: 1071px) 543px, 580px\"><\/figure>\n<div class=\"wp-block-media-text__content\">\n<p><strong>Una segunda instalaci\u00f3n<\/strong> est\u00e1 inspirada en la misma premisa. Este grupo de estudiantes usa la fotograf\u00eda para dotar de rostro a estos \u00e1rboles enfadados con las personas que no los tienen en cuenta. La cara humana del \u00e1rbol nos recuerda que las actividades humanas y la falta de conexi\u00f3n con su entorno natural ha tenido un impacto global tal sobre los ecosistemas de nuestro planeta que nos ha llevado a adentrarnos en una nueva era geol\u00f3gica, el Antropoceno.<\/p>\n<\/div>\n<\/div>\n<hr class=\"wp-block-separator has-alpha-channel-opacity is-style-dots\">\n<p class=\"has-medium-font-size\"><strong>VENTANA DE VIENTO<\/strong><\/p>\n<figure class=\"wp-block-image size-large\"><img decoding=\"async\" loading=\"lazy\" width=\"1024\" height=\"768\" src=\"https:\/\/blocsenresidencia.bcn.cat\/conselldecent2023\/wp-content\/uploads\/2023\/05\/mur7-1024x768.jpeg\" alt=\"\" class=\"wp-image-197\" srcset=\"https:\/\/blocsenresidencia.bcn.cat\/conselldecent2023\/wp-content\/uploads\/2023\/05\/mur7-1024x768.jpeg 1024w, https:\/\/blocsenresidencia.bcn.cat\/conselldecent2023\/wp-content\/uploads\/2023\/05\/mur7-300x225.jpeg 300w, https:\/\/blocsenresidencia.bcn.cat\/conselldecent2023\/wp-content\/uploads\/2023\/05\/mur7-768x576.jpeg 768w, https:\/\/blocsenresidencia.bcn.cat\/conselldecent2023\/wp-content\/uploads\/2023\/05\/mur7-1536x1152.jpeg 1536w, https:\/\/blocsenresidencia.bcn.cat\/conselldecent2023\/wp-content\/uploads\/2023\/05\/mur7.jpeg 2048w\" sizes=\"auto, (max-width: 767px) 89vw, (max-width: 1000px) 54vw, (max-width: 1071px) 543px, 580px\"><\/figure>\n<p>Esta intervenci\u00f3n fotogr\u00e1fica invita a agudizar los sentidos, escuchar a las nuevas generaciones, a jugar con el viento y a contemplar fuentes de vida imprescindibles para las personas y otros seres vivos: el aire y el sol.<br \/>A su vez, estas mismas fuentes son capaces de generar energ\u00eda renovable. Utilizarlas de forma responsable sin da\u00f1ar los ecosistemas nos permitir\u00e1 mirar por la ventada hacia un futuro lleno de vida. \u00a1Que la fuerza del viento nos acompa\u00f1e!<\/p>\n<hr class=\"wp-block-separator has-alpha-channel-opacity is-style-dots\">\n<p class=\"has-medium-font-size\"><strong>JAQUE A LA SILLA<\/strong><\/p>\n<div class=\"wp-block-media-text alignwide is-stacked-on-mobile\">\n<figure class=\"wp-block-media-text__media\"><img decoding=\"async\" loading=\"lazy\" width=\"1536\" height=\"2048\" src=\"https:\/\/blocsenresidencia.bcn.cat\/conselldecent2023\/wp-content\/uploads\/2023\/05\/cadira8.jpeg\" alt=\"\" class=\"wp-image-198 size-full\" srcset=\"https:\/\/blocsenresidencia.bcn.cat\/conselldecent2023\/wp-content\/uploads\/2023\/05\/cadira8.jpeg 1536w, https:\/\/blocsenresidencia.bcn.cat\/conselldecent2023\/wp-content\/uploads\/2023\/05\/cadira8-225x300.jpeg 225w, https:\/\/blocsenresidencia.bcn.cat\/conselldecent2023\/wp-content\/uploads\/2023\/05\/cadira8-768x1024.jpeg 768w, https:\/\/blocsenresidencia.bcn.cat\/conselldecent2023\/wp-content\/uploads\/2023\/05\/cadira8-1152x1536.jpeg 1152w\" sizes=\"auto, (max-width: 767px) 89vw, (max-width: 1000px) 54vw, (max-width: 1071px) 543px, 580px\"><\/figure>\n<div class=\"wp-block-media-text__content\">\n<p>Tres sillas marcadas por su uso en un instituto contrastan con una gigante silla de concreto sobre la que est\u00e1n instaladas. Una escalera apoyada en este monumento invita a la audiencia a subir y contemplar un jard\u00edn dise\u00f1ado con plantas que contribuyen a contribuir a mitigar los efectos del cambio clim\u00e1tico absorbiendo di\u00f3xido de carbono, atrayendo a los tan necesarios polarizadores y a las personas que desean salir del trepidante ritmo del sistema de crecimiento continuo. Sentarse, detenerse y contemplar pueden ser hoy considerados actos revolucionarios.<\/p>\n<\/p>\n<\/div>\n<\/div>\n<p>Esta instalaci\u00f3n disparatada nos muestra el absurdo de c\u00f3mo se concibe el arte p\u00fablico, de c\u00f3mo se construyen las ciudades y lo poco que se tiene en cuenta la necesidad de las que las personas que las habitamos.<\/p>\n<p>En una deriva realizada con los y las estudiantes por el Poble Sec\/Raval, este grupo de chicas percibi\u00f3 la falta de espacios verdes en esos espacios que diariamente transitan. Su respuesta fue <em>hackear<\/em> esta obra de arte p\u00fablico para transformarla en otra que contribuya a las necesidades de crear un arte que responda a la vida.<\/p>\n<hr class=\"wp-block-separator has-alpha-channel-opacity is-style-dots\"><\/div>\n","protected":false},"excerpt":{"rendered":"<p>Des de Oriana Eli\u00e7abe EN RESiD\u00c8NCiA Desde la creaci\u00f3n colectiva, cada grupo ha decidido un espacio para intervenir y transformar escogiendo diversas pr\u00e1cticas art\u00edsticas, desde la fotograf\u00eda y la instalaci\u00f3n hasta la ilustraci\u00f3n y el dise\u00f1o. Estas intervenciones resignifican los espacios desde las miradas de estos j\u00f3venes que habitan estos sitios y que no responden &hellip; <\/p>\n<p class=\"link-more\"><a href=\"https:\/\/blocsenresidencia.bcn.cat\/20222023\/2023\/05\/31\/utopies-per-a-un-present-distopic\/\" class=\"more-link\">Continua llegint <span class=\"screen-reader-text\">\u00abUtopies per a un present dist\u00f2pic\u00bb<\/span><\/a><\/p>\n","protected":false},"author":5,"featured_media":0,"comment_status":"closed","ping_status":"closed","sticky":false,"template":"","format":"standard","meta":{"footnotes":""},"categories":[1],"tags":[],"class_list":["post-385","post","type-post","status-publish","format-standard","hentry","category-general"],"_links":{"self":[{"href":"https:\/\/blocsenresidencia.bcn.cat\/20222023\/wp-json\/wp\/v2\/posts\/385","targetHints":{"allow":["GET"]}}],"collection":[{"href":"https:\/\/blocsenresidencia.bcn.cat\/20222023\/wp-json\/wp\/v2\/posts"}],"about":[{"href":"https:\/\/blocsenresidencia.bcn.cat\/20222023\/wp-json\/wp\/v2\/types\/post"}],"author":[{"embeddable":true,"href":"https:\/\/blocsenresidencia.bcn.cat\/20222023\/wp-json\/wp\/v2\/users\/5"}],"replies":[{"embeddable":true,"href":"https:\/\/blocsenresidencia.bcn.cat\/20222023\/wp-json\/wp\/v2\/comments?post=385"}],"version-history":[{"count":0,"href":"https:\/\/blocsenresidencia.bcn.cat\/20222023\/wp-json\/wp\/v2\/posts\/385\/revisions"}],"wp:attachment":[{"href":"https:\/\/blocsenresidencia.bcn.cat\/20222023\/wp-json\/wp\/v2\/media?parent=385"}],"wp:term":[{"taxonomy":"category","embeddable":true,"href":"https:\/\/blocsenresidencia.bcn.cat\/20222023\/wp-json\/wp\/v2\/categories?post=385"},{"taxonomy":"post_tag","embeddable":true,"href":"https:\/\/blocsenresidencia.bcn.cat\/20222023\/wp-json\/wp\/v2\/tags?post=385"}],"curies":[{"name":"wp","href":"https:\/\/api.w.org\/{rel}","templated":true}]}}