{"id":555,"date":"2023-07-10T15:15:18","date_gmt":"2023-07-10T13:15:18","guid":{"rendered":"https:\/\/blocsenresidencia.bcn.cat\/20222023\/2023\/07\/10\/presentacio-final\/"},"modified":"2023-07-10T15:15:18","modified_gmt":"2023-07-10T13:15:18","slug":"presentacio-final","status":"publish","type":"post","link":"https:\/\/blocsenresidencia.bcn.cat\/20222023\/2023\/07\/10\/presentacio-final\/","title":{"rendered":"Presentaci\u00f3 Final"},"content":{"rendered":"<p>Des de <a href=\"https:\/\/blocsenresidencia.bcn.cat\/mariaespinalt2023\/2023\/06\/29\/presentacio-final\/\">Albert Giron\u00e8s EN RESiD\u00c8NCiA<\/a><\/p>\n<div>\n<p>L\u2019exposici\u00f3 va anar molt millor del que pens\u00e0vem, tot i que una pe\u00e7a important va caure mentre l\u2019est\u00e0vem muntant. A l\u2019exposici\u00f3 van venir molts pares, mares i altres professors.<\/p>\n<p>Nosaltres est\u00e0vem nervioses abans per l\u2019exposici\u00f3, per\u00f2 despr\u00e9s est\u00e0vem contentes i orgulloses perqu\u00e8 havia quedat molt bonica. A part de sentir nervis tamb\u00e9 vam sentir angoixa i por, per\u00f2 tamb\u00e9 alegria, felicitat i orgull.<\/p>\n<p><strong>Pol i Matteo<\/strong>: <\/p>\n<p>Hola bona tarda som els integrants del projecte de l\u2019institut ME \u201cEn resid\u00e8ncia\u201d. Avui us venim a presentar el que hem treballat durant tot el curs amb l\u2019Albert Giron\u00e8s, l\u2019artista que ha estat venint tot el curs, incloent coses com el \u201clens flare\u201d i investigant i fent recerca amb la llum. Dit aix\u00f2, ara podeu donar voltes i observar tot amb els vostres ulls.<\/p>\n<p><strong>Ona i Martina Ch i Daniela<\/strong>: <\/p>\n<p>Venim a explicar les fotografies que vam fer amb les c\u00e0meres instant\u00e1neas i ens vam adonar que quan fas la fotografia al sol el sol surt de color negre i el voltant blanc. A m\u00e9s la mateixa fotografia pero en el m\u00f2bil surt molt diferent perqu\u00e8 surt el lens flare, ara la meva companya Daniela us explicar\u00e0 qu\u00e8 \u00e9s el lens flare. Ara explicar\u00e9 m\u00e9s detalladament qu\u00e8 \u00e9s el lens flare. El lens flare es el reflex del sol que es provoca quan xoca amb l\u2019objectiu de la c\u00e0mera, surten unes figures rodones que l\u2019ull hum\u00e0 no pot veure, segurament haureu vist aquestes figures de llum en alguna pel\u00b7l\u00edcula o s\u00e8rie, s\u00f3n bastant comuns en les escenes rom\u00e0ntiques. Tamb\u00e9 ens vam posar un v\u00eddeo a la pissarra del lens flare i el vam dibuixar amb ceres.<\/p>\n<p><strong>Maria<\/strong><strong>, <\/strong><strong>Martina Cr<\/strong>:<\/p>\n<p>Ara us ensenyarem l\u2019\u00faltima activitat que vam fer. Consisteix en un m\u00f2bil format per discos, miralls i lupes. Vam pensar que seria una bona idea utilitzar aquests materials perqu\u00e8 qued\u00e9s tot el terra i les parets de la sala plens de figures formades pels reflexes de la llum. Durant tot aquest curs hem estat treballant la llum i ens va agradar la idea de poder expressar en una obra el tema principal del que hem estat treballant. Aix\u00ed que l\u2019Albert el nostre artista ens va proposar aquesta idea, ens va agradar molt. El proc\u00e9s va tenir certes dificultats perqu\u00e8 va caure i es van trencar alguns miralls, tot i aix\u00f2 va ser un aprenentatge m\u00e9s.<\/p>\n<p><strong>Rebekka i Georgina:<\/strong><\/p>\n<p>L\u2019intervenci\u00f3 als negatius \u00e9s una de les activitats que vam fer que m\u00e9s ens va agradar. El primer dia vam fer unes fotos amb una c\u00e0mera anal\u00f2gica. Un temps despr\u00e9s, l\u2019Albert ens va portar els negatius revelats. Ens els va portar, i amb unes pintures especials i amb uns bastonets per les orelles, els vam pintar. Despr\u00e9s, per segon cop, l\u2019Albert va revelar els negatius. Al pintar-los ho vam fer a la finestra, i era molt important no tocar-los perqu\u00e8 qualsevol taca es quedava marcada. Tamb\u00e9 escollir colors va ser molt dif\u00edcil perqu\u00e8 estaven invertits, ja que els colors serien al reves. Per \u00faltim l\u2019Albert va passar tots els nostres negatius a l\u2019ordinador, perqu\u00e8 els mir\u00e9ssim.<\/p>\n<p><strong>Sandra i Kawtar:<\/strong> <\/p>\n<p>Ara us explicarem el dibuix sense mirar, aquesta activitat van ser una de les primeres activitats que vam fer amb l\u2019artista Albert. : Consisteix en dibuixar una persona o un objecte, mirar al objecte al que est\u00e1s dibuixant pero no pots mirar el dibuix.Quan hem fet l\u2019exposici\u00f3 amb els professors van dibuixar sense mirar i aquests son alguns exemples. Els dibuixos sortien descol\u00b7locats i molt graciosos ja que alguns no tenien cap sentit.\u00a0<\/p>\n<p><strong>Pol i Matteo:<\/strong> <\/p>\n<p>Aqu\u00ed acaba la nostra explicaci\u00f3 d\u2019aquesta exposici\u00f3. Ara vosaltres si voleu podeu fer una ullada a tot el que hi ha aqu\u00ed. Ens agradaria agrair a l\u2019Albert Giron\u00e8s i a l\u2019Agn\u00e8s tota la feina que han fet i tot l\u2019acompanyament aquest curs, aix\u00ed com al Consorci d\u2019Educaci\u00f3 de Barcelona i a Can Felipa per proporcionar-nos aquest espai.<\/p>\n<p>Gr\u00e0cies per venir.<\/p>\n<figure class=\"wp-block-image\"><img loading=\"lazy\" width=\"1024\" height=\"682\" decoding=\"async\" src=\"https:\/\/blocsenresidencia.bcn.cat\/20222023\/wp-content\/uploads\/2023\/06\/230522_Presentacio_CanFelipa111-2-1024x682.jpg\" alt=\"\" class=\"wp-image-536\" srcset=\"https:\/\/blocsenresidencia.bcn.cat\/20222023\/wp-content\/uploads\/2023\/06\/230522_Presentacio_CanFelipa111-2-1024x682.jpg 1024w, https:\/\/blocsenresidencia.bcn.cat\/20222023\/wp-content\/uploads\/2023\/06\/230522_Presentacio_CanFelipa111-2-300x200.jpg 300w, https:\/\/blocsenresidencia.bcn.cat\/20222023\/wp-content\/uploads\/2023\/06\/230522_Presentacio_CanFelipa111-2-768x512.jpg 768w, https:\/\/blocsenresidencia.bcn.cat\/20222023\/wp-content\/uploads\/2023\/06\/230522_Presentacio_CanFelipa111-2.jpg 1181w\" sizes=\"auto, (max-width: 767px) 89vw, (max-width: 1000px) 54vw, (max-width: 1071px) 543px, 580px\" \/><\/figure>\n<figure class=\"wp-block-gallery has-nested-images columns-default is-cropped wp-block-gallery-1 is-layout-flex\">\n<figure class=\"wp-block-image size-large\"><img decoding=\"async\" loading=\"lazy\" width=\"1024\" height=\"683\" data-id=\"226\" src=\"https:\/\/blocsenresidencia.bcn.cat\/mariaespinalt2023\/wp-content\/uploads\/2023\/06\/230522_Presentacio_CanFelipa066-1024x683.jpg\" alt=\"\" class=\"wp-image-226\" srcset=\"https:\/\/blocsenresidencia.bcn.cat\/mariaespinalt2023\/wp-content\/uploads\/2023\/06\/230522_Presentacio_CanFelipa066-1024x683.jpg 1024w, https:\/\/blocsenresidencia.bcn.cat\/mariaespinalt2023\/wp-content\/uploads\/2023\/06\/230522_Presentacio_CanFelipa066-300x200.jpg 300w, https:\/\/blocsenresidencia.bcn.cat\/mariaespinalt2023\/wp-content\/uploads\/2023\/06\/230522_Presentacio_CanFelipa066-768x512.jpg 768w, https:\/\/blocsenresidencia.bcn.cat\/mariaespinalt2023\/wp-content\/uploads\/2023\/06\/230522_Presentacio_CanFelipa066-1536x1024.jpg 1536w, https:\/\/blocsenresidencia.bcn.cat\/mariaespinalt2023\/wp-content\/uploads\/2023\/06\/230522_Presentacio_CanFelipa066.jpg 1800w\" sizes=\"auto, (max-width: 767px) 89vw, (max-width: 1000px) 54vw, (max-width: 1071px) 543px, 580px\"><\/figure>\n<figure class=\"wp-block-image size-large\"><img decoding=\"async\" loading=\"lazy\" width=\"1024\" height=\"682\" data-id=\"216\" src=\"https:\/\/blocsenresidencia.bcn.cat\/mariaespinalt2023\/wp-content\/uploads\/2023\/06\/230522_Presentacio_CanFelipa068-1024x682.jpg\" alt=\"\" class=\"wp-image-216\" srcset=\"https:\/\/blocsenresidencia.bcn.cat\/mariaespinalt2023\/wp-content\/uploads\/2023\/06\/230522_Presentacio_CanFelipa068-1024x682.jpg 1024w, https:\/\/blocsenresidencia.bcn.cat\/mariaespinalt2023\/wp-content\/uploads\/2023\/06\/230522_Presentacio_CanFelipa068-300x200.jpg 300w, https:\/\/blocsenresidencia.bcn.cat\/mariaespinalt2023\/wp-content\/uploads\/2023\/06\/230522_Presentacio_CanFelipa068-768x512.jpg 768w, https:\/\/blocsenresidencia.bcn.cat\/mariaespinalt2023\/wp-content\/uploads\/2023\/06\/230522_Presentacio_CanFelipa068.jpg 1181w\" sizes=\"auto, (max-width: 767px) 89vw, (max-width: 1000px) 54vw, (max-width: 1071px) 543px, 580px\"><\/figure>\n<figure class=\"wp-block-image size-large\"><img decoding=\"async\" loading=\"lazy\" width=\"1024\" height=\"683\" data-id=\"222\" src=\"https:\/\/blocsenresidencia.bcn.cat\/mariaespinalt2023\/wp-content\/uploads\/2023\/06\/230522_Presentacio_CanFelipa167-1024x683.jpg\" alt=\"\" class=\"wp-image-222\" srcset=\"https:\/\/blocsenresidencia.bcn.cat\/mariaespinalt2023\/wp-content\/uploads\/2023\/06\/230522_Presentacio_CanFelipa167-1024x683.jpg 1024w, https:\/\/blocsenresidencia.bcn.cat\/mariaespinalt2023\/wp-content\/uploads\/2023\/06\/230522_Presentacio_CanFelipa167-300x200.jpg 300w, https:\/\/blocsenresidencia.bcn.cat\/mariaespinalt2023\/wp-content\/uploads\/2023\/06\/230522_Presentacio_CanFelipa167-768x512.jpg 768w, https:\/\/blocsenresidencia.bcn.cat\/mariaespinalt2023\/wp-content\/uploads\/2023\/06\/230522_Presentacio_CanFelipa167-1536x1024.jpg 1536w, https:\/\/blocsenresidencia.bcn.cat\/mariaespinalt2023\/wp-content\/uploads\/2023\/06\/230522_Presentacio_CanFelipa167.jpg 1800w\" sizes=\"auto, (max-width: 767px) 89vw, (max-width: 1000px) 54vw, (max-width: 1071px) 543px, 580px\"><\/figure>\n<figure class=\"wp-block-image size-large\"><img decoding=\"async\" loading=\"lazy\" width=\"1024\" height=\"683\" data-id=\"225\" src=\"https:\/\/blocsenresidencia.bcn.cat\/mariaespinalt2023\/wp-content\/uploads\/2023\/06\/230522_Presentacio_CanFelipa202-1024x683.jpg\" alt=\"\" class=\"wp-image-225\" srcset=\"https:\/\/blocsenresidencia.bcn.cat\/mariaespinalt2023\/wp-content\/uploads\/2023\/06\/230522_Presentacio_CanFelipa202-1024x683.jpg 1024w, https:\/\/blocsenresidencia.bcn.cat\/mariaespinalt2023\/wp-content\/uploads\/2023\/06\/230522_Presentacio_CanFelipa202-300x200.jpg 300w, https:\/\/blocsenresidencia.bcn.cat\/mariaespinalt2023\/wp-content\/uploads\/2023\/06\/230522_Presentacio_CanFelipa202-768x512.jpg 768w, https:\/\/blocsenresidencia.bcn.cat\/mariaespinalt2023\/wp-content\/uploads\/2023\/06\/230522_Presentacio_CanFelipa202-1536x1024.jpg 1536w, https:\/\/blocsenresidencia.bcn.cat\/mariaespinalt2023\/wp-content\/uploads\/2023\/06\/230522_Presentacio_CanFelipa202.jpg 1800w\" sizes=\"auto, (max-width: 767px) 89vw, (max-width: 1000px) 54vw, (max-width: 1071px) 543px, 580px\"><\/figure>\n<figure class=\"wp-block-image size-large\"><img decoding=\"async\" loading=\"lazy\" width=\"1024\" height=\"683\" data-id=\"224\" src=\"https:\/\/blocsenresidencia.bcn.cat\/mariaespinalt2023\/wp-content\/uploads\/2023\/06\/230522_Presentacio_CanFelipa217-1024x683.jpg\" alt=\"\" class=\"wp-image-224\" srcset=\"https:\/\/blocsenresidencia.bcn.cat\/mariaespinalt2023\/wp-content\/uploads\/2023\/06\/230522_Presentacio_CanFelipa217-1024x683.jpg 1024w, https:\/\/blocsenresidencia.bcn.cat\/mariaespinalt2023\/wp-content\/uploads\/2023\/06\/230522_Presentacio_CanFelipa217-300x200.jpg 300w, https:\/\/blocsenresidencia.bcn.cat\/mariaespinalt2023\/wp-content\/uploads\/2023\/06\/230522_Presentacio_CanFelipa217-768x512.jpg 768w, https:\/\/blocsenresidencia.bcn.cat\/mariaespinalt2023\/wp-content\/uploads\/2023\/06\/230522_Presentacio_CanFelipa217-1536x1024.jpg 1536w, https:\/\/blocsenresidencia.bcn.cat\/mariaespinalt2023\/wp-content\/uploads\/2023\/06\/230522_Presentacio_CanFelipa217.jpg 1800w\" sizes=\"auto, (max-width: 767px) 89vw, (max-width: 1000px) 54vw, (max-width: 1071px) 543px, 580px\"><\/figure>\n<figure class=\"wp-block-image size-large\"><img decoding=\"async\" loading=\"lazy\" width=\"1024\" height=\"683\" data-id=\"223\" src=\"https:\/\/blocsenresidencia.bcn.cat\/mariaespinalt2023\/wp-content\/uploads\/2023\/06\/230522_Presentacio_CanFelipa246-1024x683.jpg\" alt=\"\" class=\"wp-image-223\" srcset=\"https:\/\/blocsenresidencia.bcn.cat\/mariaespinalt2023\/wp-content\/uploads\/2023\/06\/230522_Presentacio_CanFelipa246-1024x683.jpg 1024w, https:\/\/blocsenresidencia.bcn.cat\/mariaespinalt2023\/wp-content\/uploads\/2023\/06\/230522_Presentacio_CanFelipa246-300x200.jpg 300w, https:\/\/blocsenresidencia.bcn.cat\/mariaespinalt2023\/wp-content\/uploads\/2023\/06\/230522_Presentacio_CanFelipa246-768x512.jpg 768w, https:\/\/blocsenresidencia.bcn.cat\/mariaespinalt2023\/wp-content\/uploads\/2023\/06\/230522_Presentacio_CanFelipa246-1536x1024.jpg 1536w, https:\/\/blocsenresidencia.bcn.cat\/mariaespinalt2023\/wp-content\/uploads\/2023\/06\/230522_Presentacio_CanFelipa246.jpg 1800w\" sizes=\"auto, (max-width: 767px) 89vw, (max-width: 1000px) 54vw, (max-width: 1071px) 543px, 580px\"><\/figure>\n<figure class=\"wp-block-image size-large\"><img decoding=\"async\" loading=\"lazy\" width=\"1024\" height=\"682\" data-id=\"220\" src=\"https:\/\/blocsenresidencia.bcn.cat\/mariaespinalt2023\/wp-content\/uploads\/2023\/06\/230522_Presentacio_CanFelipa056-1024x682.jpg\" alt=\"\" class=\"wp-image-220\" srcset=\"https:\/\/blocsenresidencia.bcn.cat\/mariaespinalt2023\/wp-content\/uploads\/2023\/06\/230522_Presentacio_CanFelipa056-1024x682.jpg 1024w, https:\/\/blocsenresidencia.bcn.cat\/mariaespinalt2023\/wp-content\/uploads\/2023\/06\/230522_Presentacio_CanFelipa056-300x200.jpg 300w, https:\/\/blocsenresidencia.bcn.cat\/mariaespinalt2023\/wp-content\/uploads\/2023\/06\/230522_Presentacio_CanFelipa056-768x512.jpg 768w, https:\/\/blocsenresidencia.bcn.cat\/mariaespinalt2023\/wp-content\/uploads\/2023\/06\/230522_Presentacio_CanFelipa056.jpg 1181w\" sizes=\"auto, (max-width: 767px) 89vw, (max-width: 1000px) 54vw, (max-width: 1071px) 543px, 580px\"><\/figure>\n<figure class=\"wp-block-image size-large\"><img decoding=\"async\" loading=\"lazy\" width=\"1024\" height=\"682\" data-id=\"218\" src=\"https:\/\/blocsenresidencia.bcn.cat\/mariaespinalt2023\/wp-content\/uploads\/2023\/06\/230522_Presentacio_CanFelipa034-1024x682.jpg\" alt=\"\" class=\"wp-image-218\" srcset=\"https:\/\/blocsenresidencia.bcn.cat\/mariaespinalt2023\/wp-content\/uploads\/2023\/06\/230522_Presentacio_CanFelipa034-1024x682.jpg 1024w, https:\/\/blocsenresidencia.bcn.cat\/mariaespinalt2023\/wp-content\/uploads\/2023\/06\/230522_Presentacio_CanFelipa034-300x200.jpg 300w, https:\/\/blocsenresidencia.bcn.cat\/mariaespinalt2023\/wp-content\/uploads\/2023\/06\/230522_Presentacio_CanFelipa034-768x512.jpg 768w, https:\/\/blocsenresidencia.bcn.cat\/mariaespinalt2023\/wp-content\/uploads\/2023\/06\/230522_Presentacio_CanFelipa034.jpg 1181w\" sizes=\"auto, (max-width: 767px) 89vw, (max-width: 1000px) 54vw, (max-width: 1071px) 543px, 580px\"><\/figure>\n<figure class=\"wp-block-image size-large\"><img decoding=\"async\" loading=\"lazy\" width=\"1024\" height=\"683\" data-id=\"215\" src=\"https:\/\/blocsenresidencia.bcn.cat\/mariaespinalt2023\/wp-content\/uploads\/2023\/06\/230522_Presentacio_CanFelipa_EspaiBuit02-1024x683.jpg\" alt=\"\" class=\"wp-image-215\" srcset=\"https:\/\/blocsenresidencia.bcn.cat\/mariaespinalt2023\/wp-content\/uploads\/2023\/06\/230522_Presentacio_CanFelipa_EspaiBuit02-1024x683.jpg 1024w, https:\/\/blocsenresidencia.bcn.cat\/mariaespinalt2023\/wp-content\/uploads\/2023\/06\/230522_Presentacio_CanFelipa_EspaiBuit02-300x200.jpg 300w, https:\/\/blocsenresidencia.bcn.cat\/mariaespinalt2023\/wp-content\/uploads\/2023\/06\/230522_Presentacio_CanFelipa_EspaiBuit02-768x512.jpg 768w, https:\/\/blocsenresidencia.bcn.cat\/mariaespinalt2023\/wp-content\/uploads\/2023\/06\/230522_Presentacio_CanFelipa_EspaiBuit02-1536x1024.jpg 1536w, https:\/\/blocsenresidencia.bcn.cat\/mariaespinalt2023\/wp-content\/uploads\/2023\/06\/230522_Presentacio_CanFelipa_EspaiBuit02.jpg 1800w\" sizes=\"auto, (max-width: 767px) 89vw, (max-width: 1000px) 54vw, (max-width: 1071px) 543px, 580px\"><\/figure>\n<\/figure>\n<figure class=\"wp-block-image size-large\"><img decoding=\"async\" loading=\"lazy\" width=\"1024\" height=\"683\" src=\"https:\/\/blocsenresidencia.bcn.cat\/mariaespinalt2023\/wp-content\/uploads\/2023\/06\/230522_Presentacio_CanFelipa_EspaiBuit07-1-1024x683.jpg\" alt=\"\" class=\"wp-image-227\" srcset=\"https:\/\/blocsenresidencia.bcn.cat\/mariaespinalt2023\/wp-content\/uploads\/2023\/06\/230522_Presentacio_CanFelipa_EspaiBuit07-1-1024x683.jpg 1024w, https:\/\/blocsenresidencia.bcn.cat\/mariaespinalt2023\/wp-content\/uploads\/2023\/06\/230522_Presentacio_CanFelipa_EspaiBuit07-1-300x200.jpg 300w, https:\/\/blocsenresidencia.bcn.cat\/mariaespinalt2023\/wp-content\/uploads\/2023\/06\/230522_Presentacio_CanFelipa_EspaiBuit07-1-768x512.jpg 768w, https:\/\/blocsenresidencia.bcn.cat\/mariaespinalt2023\/wp-content\/uploads\/2023\/06\/230522_Presentacio_CanFelipa_EspaiBuit07-1-1536x1024.jpg 1536w, https:\/\/blocsenresidencia.bcn.cat\/mariaespinalt2023\/wp-content\/uploads\/2023\/06\/230522_Presentacio_CanFelipa_EspaiBuit07-1.jpg 1800w\" sizes=\"auto, (max-width: 767px) 89vw, (max-width: 1000px) 54vw, (max-width: 1071px) 543px, 580px\"><\/figure>\n<\/div>\n","protected":false},"excerpt":{"rendered":"<p>Des de Albert Giron\u00e8s EN RESiD\u00c8NCiA L\u2019exposici\u00f3 va anar molt millor del que pens\u00e0vem, tot i que una pe\u00e7a important va caure mentre l\u2019est\u00e0vem muntant. A l\u2019exposici\u00f3 van venir molts pares, mares i altres professors. Nosaltres est\u00e0vem nervioses abans per l\u2019exposici\u00f3, per\u00f2 despr\u00e9s est\u00e0vem contentes i orgulloses perqu\u00e8 havia quedat molt bonica. A part de &hellip; <\/p>\n<p class=\"link-more\"><a href=\"https:\/\/blocsenresidencia.bcn.cat\/20222023\/2023\/07\/10\/presentacio-final\/\" class=\"more-link\">Continua llegint <span class=\"screen-reader-text\">\u00abPresentaci\u00f3 Final\u00bb<\/span><\/a><\/p>\n","protected":false},"author":5,"featured_media":0,"comment_status":"closed","ping_status":"closed","sticky":false,"template":"","format":"standard","meta":{"footnotes":""},"categories":[1],"tags":[],"class_list":["post-555","post","type-post","status-publish","format-standard","hentry","category-general"],"_links":{"self":[{"href":"https:\/\/blocsenresidencia.bcn.cat\/20222023\/wp-json\/wp\/v2\/posts\/555","targetHints":{"allow":["GET"]}}],"collection":[{"href":"https:\/\/blocsenresidencia.bcn.cat\/20222023\/wp-json\/wp\/v2\/posts"}],"about":[{"href":"https:\/\/blocsenresidencia.bcn.cat\/20222023\/wp-json\/wp\/v2\/types\/post"}],"author":[{"embeddable":true,"href":"https:\/\/blocsenresidencia.bcn.cat\/20222023\/wp-json\/wp\/v2\/users\/5"}],"replies":[{"embeddable":true,"href":"https:\/\/blocsenresidencia.bcn.cat\/20222023\/wp-json\/wp\/v2\/comments?post=555"}],"version-history":[{"count":0,"href":"https:\/\/blocsenresidencia.bcn.cat\/20222023\/wp-json\/wp\/v2\/posts\/555\/revisions"}],"wp:attachment":[{"href":"https:\/\/blocsenresidencia.bcn.cat\/20222023\/wp-json\/wp\/v2\/media?parent=555"}],"wp:term":[{"taxonomy":"category","embeddable":true,"href":"https:\/\/blocsenresidencia.bcn.cat\/20222023\/wp-json\/wp\/v2\/categories?post=555"},{"taxonomy":"post_tag","embeddable":true,"href":"https:\/\/blocsenresidencia.bcn.cat\/20222023\/wp-json\/wp\/v2\/tags?post=555"}],"curies":[{"name":"wp","href":"https:\/\/api.w.org\/{rel}","templated":true}]}}