{"id":561,"date":"2023-07-18T17:06:33","date_gmt":"2023-07-18T15:06:33","guid":{"rendered":"https:\/\/blocsenresidencia.bcn.cat\/20222023\/2023\/07\/18\/la-publicacio-que-recull-el-proces\/"},"modified":"2023-07-18T17:06:33","modified_gmt":"2023-07-18T15:06:33","slug":"la-publicacio-que-recull-el-proces","status":"publish","type":"post","link":"https:\/\/blocsenresidencia.bcn.cat\/20222023\/2023\/07\/18\/la-publicacio-que-recull-el-proces\/","title":{"rendered":"La publicaci\u00f3 que recull el proc\u00e9s"},"content":{"rendered":"<p>Des de <a href=\"https:\/\/blocsenresidencia.bcn.cat\/sants2023\/2023\/07\/18\/la-publicacio-que-recull-el-proces\/\">P\u00eda Sommer EN RESiD\u00c8NCiA<\/a><\/p>\n<div>\n<p>Compartim aqu\u00ed<strong><a rel=\"noreferrer noopener\" href=\"https:\/\/blocsenresidencia.bcn.cat\/sants2023\/wp-content\/uploads\/2023\/07\/CATALEG-SOM-PAISATGE_CAT.pdf\" target=\"_blank\"> la publicaci\u00f3<\/a><\/strong> que recull el proc\u00e9s i que tamb\u00e9 est\u00e0 present a la sala d\u2019exposicions. <\/p>\n<p>Fins l\u201911 de setembre!<\/p>\n<figure class=\"wp-block-gallery has-nested-images columns-default is-cropped wp-block-gallery-1 is-layout-flex\"><\/figure>\n<\/div>\n","protected":false},"excerpt":{"rendered":"<p>Des de P\u00eda Sommer EN RESiD\u00c8NCiA Compartim aqu\u00ed la publicaci\u00f3 que recull el proc\u00e9s i que tamb\u00e9 est\u00e0 present a la sala d\u2019exposicions. Fins l\u201911 de setembre!<\/p>\n","protected":false},"author":5,"featured_media":0,"comment_status":"closed","ping_status":"closed","sticky":false,"template":"","format":"standard","meta":{"footnotes":""},"categories":[1],"tags":[],"class_list":["post-561","post","type-post","status-publish","format-standard","hentry","category-general"],"_links":{"self":[{"href":"https:\/\/blocsenresidencia.bcn.cat\/20222023\/wp-json\/wp\/v2\/posts\/561","targetHints":{"allow":["GET"]}}],"collection":[{"href":"https:\/\/blocsenresidencia.bcn.cat\/20222023\/wp-json\/wp\/v2\/posts"}],"about":[{"href":"https:\/\/blocsenresidencia.bcn.cat\/20222023\/wp-json\/wp\/v2\/types\/post"}],"author":[{"embeddable":true,"href":"https:\/\/blocsenresidencia.bcn.cat\/20222023\/wp-json\/wp\/v2\/users\/5"}],"replies":[{"embeddable":true,"href":"https:\/\/blocsenresidencia.bcn.cat\/20222023\/wp-json\/wp\/v2\/comments?post=561"}],"version-history":[{"count":0,"href":"https:\/\/blocsenresidencia.bcn.cat\/20222023\/wp-json\/wp\/v2\/posts\/561\/revisions"}],"wp:attachment":[{"href":"https:\/\/blocsenresidencia.bcn.cat\/20222023\/wp-json\/wp\/v2\/media?parent=561"}],"wp:term":[{"taxonomy":"category","embeddable":true,"href":"https:\/\/blocsenresidencia.bcn.cat\/20222023\/wp-json\/wp\/v2\/categories?post=561"},{"taxonomy":"post_tag","embeddable":true,"href":"https:\/\/blocsenresidencia.bcn.cat\/20222023\/wp-json\/wp\/v2\/tags?post=561"}],"curies":[{"name":"wp","href":"https:\/\/api.w.org\/{rel}","templated":true}]}}