{"id":1031,"date":"2024-03-23T19:51:15","date_gmt":"2024-03-23T17:51:15","guid":{"rendered":"https:\/\/blocsenresidencia.bcn.cat\/20232024\/2024\/03\/23\/art-textil-recerca-dobres-i-artistes-contemporanies\/"},"modified":"2024-03-23T19:51:15","modified_gmt":"2024-03-23T17:51:15","slug":"art-textil-recerca-dobres-i-artistes-contemporanies","status":"publish","type":"post","link":"https:\/\/blocsenresidencia.bcn.cat\/20232024\/2024\/03\/23\/art-textil-recerca-dobres-i-artistes-contemporanies\/","title":{"rendered":"Art t\u00e8xtil. Recerca d\u2019obres i artistes contempor\u00e0nies"},"content":{"rendered":"<p>Des de <a href=\"https:\/\/blocsenresidencia.bcn.cat\/moli2024\/art-textil-recerca-dobres-i-artistes-contemporanies\/\">Mariona Ca\u00f1adas i Pedro Mur\u00faa EN RESiD\u00c8NCiA a l&#8217;Institut Escola El Mol\u00ed<\/a><\/p>\n<div>\n<figure class=\"wp-block-gallery has-nested-images columns-default is-cropped wp-block-gallery-5 is-layout-flex wp-block-gallery-is-layout-flex\">\n<figure class=\"wp-block-image size-large\"><img loading=\"lazy\" decoding=\"async\" width=\"484\" height=\"630\" data-id=\"987\" src=\"https:\/\/blocsenresidencia.bcn.cat\/moli2024\/wp-content\/uploads\/2024\/03\/14a-12.jpg\" alt=\"\" class=\"wp-image-987\" srcset=\"https:\/\/blocsenresidencia.bcn.cat\/moli2024\/wp-content\/uploads\/2024\/03\/14a-12.jpg 484w, https:\/\/blocsenresidencia.bcn.cat\/moli2024\/wp-content\/uploads\/2024\/03\/14a-12-230x300.jpg 230w\" sizes=\"auto, (max-width: 484px) 100vw, 484px\"><\/figure>\n<figure class=\"wp-block-image size-large\"><img loading=\"lazy\" decoding=\"async\" width=\"821\" height=\"812\" data-id=\"979\" src=\"https:\/\/blocsenresidencia.bcn.cat\/moli2024\/wp-content\/uploads\/2024\/03\/14a-9.jpg\" alt=\"\" class=\"wp-image-979\" srcset=\"https:\/\/blocsenresidencia.bcn.cat\/moli2024\/wp-content\/uploads\/2024\/03\/14a-9.jpg 821w, https:\/\/blocsenresidencia.bcn.cat\/moli2024\/wp-content\/uploads\/2024\/03\/14a-9-300x297.jpg 300w, https:\/\/blocsenresidencia.bcn.cat\/moli2024\/wp-content\/uploads\/2024\/03\/14a-9-768x760.jpg 768w, https:\/\/blocsenresidencia.bcn.cat\/moli2024\/wp-content\/uploads\/2024\/03\/14a-9-100x100.jpg 100w\" sizes=\"auto, (max-width: 767px) 89vw, (max-width: 1000px) 54vw, (max-width: 1071px) 543px, 580px\"><\/figure>\n<\/figure>\n<figure class=\"wp-block-image size-full\"><img loading=\"lazy\" decoding=\"async\" width=\"964\" height=\"520\" src=\"https:\/\/blocsenresidencia.bcn.cat\/moli2024\/wp-content\/uploads\/2024\/03\/Annie-Albers-1.jpg\" alt=\"\" class=\"wp-image-1072\" srcset=\"https:\/\/blocsenresidencia.bcn.cat\/moli2024\/wp-content\/uploads\/2024\/03\/Annie-Albers-1.jpg 964w, https:\/\/blocsenresidencia.bcn.cat\/moli2024\/wp-content\/uploads\/2024\/03\/Annie-Albers-1-300x162.jpg 300w, https:\/\/blocsenresidencia.bcn.cat\/moli2024\/wp-content\/uploads\/2024\/03\/Annie-Albers-1-768x414.jpg 768w\" sizes=\"auto, (max-width: 767px) 89vw, (max-width: 1000px) 54vw, (max-width: 1071px) 543px, 580px\"><\/figure>\n<p>Annie Albers<\/p>\n<figure class=\"wp-block-gallery has-nested-images columns-default is-cropped wp-block-gallery-6 is-layout-flex wp-block-gallery-is-layout-flex\">\n<figure class=\"wp-block-image size-large\"><img loading=\"lazy\" decoding=\"async\" width=\"1024\" height=\"390\" data-id=\"931\" src=\"https:\/\/blocsenresidencia.bcn.cat\/moli2024\/wp-content\/uploads\/2024\/03\/anne_lindberg-1024x390.jpg\" alt=\"\" class=\"wp-image-931\" srcset=\"https:\/\/blocsenresidencia.bcn.cat\/moli2024\/wp-content\/uploads\/2024\/03\/anne_lindberg-1024x390.jpg 1024w, https:\/\/blocsenresidencia.bcn.cat\/moli2024\/wp-content\/uploads\/2024\/03\/anne_lindberg-300x114.jpg 300w, https:\/\/blocsenresidencia.bcn.cat\/moli2024\/wp-content\/uploads\/2024\/03\/anne_lindberg-768x292.jpg 768w, https:\/\/blocsenresidencia.bcn.cat\/moli2024\/wp-content\/uploads\/2024\/03\/anne_lindberg.jpg 1292w\" sizes=\"auto, (max-width: 767px) 89vw, (max-width: 1000px) 54vw, (max-width: 1071px) 543px, 580px\"><\/figure>\n<\/figure>\n<p>Anne Lindberg<\/p>\n<figure class=\"wp-block-image size-large\"><img loading=\"lazy\" decoding=\"async\" width=\"1024\" height=\"578\" src=\"https:\/\/blocsenresidencia.bcn.cat\/moli2024\/wp-content\/uploads\/2024\/03\/Sheila_Hicks_2-1024x578.jpg\" alt=\"\" class=\"wp-image-952\" srcset=\"https:\/\/blocsenresidencia.bcn.cat\/moli2024\/wp-content\/uploads\/2024\/03\/Sheila_Hicks_2-1024x578.jpg 1024w, https:\/\/blocsenresidencia.bcn.cat\/moli2024\/wp-content\/uploads\/2024\/03\/Sheila_Hicks_2-300x169.jpg 300w, https:\/\/blocsenresidencia.bcn.cat\/moli2024\/wp-content\/uploads\/2024\/03\/Sheila_Hicks_2-768x433.jpg 768w, https:\/\/blocsenresidencia.bcn.cat\/moli2024\/wp-content\/uploads\/2024\/03\/Sheila_Hicks_2.jpg 1342w\" sizes=\"auto, (max-width: 767px) 89vw, (max-width: 1000px) 54vw, (max-width: 1071px) 543px, 580px\"><\/figure>\n<figure class=\"wp-block-image size-large\"><img loading=\"lazy\" decoding=\"async\" width=\"1024\" height=\"571\" src=\"https:\/\/blocsenresidencia.bcn.cat\/moli2024\/wp-content\/uploads\/2024\/03\/Sheila_Hicks_1-1024x571.jpg\" alt=\"\" class=\"wp-image-1019\" srcset=\"https:\/\/blocsenresidencia.bcn.cat\/moli2024\/wp-content\/uploads\/2024\/03\/Sheila_Hicks_1-1024x571.jpg 1024w, https:\/\/blocsenresidencia.bcn.cat\/moli2024\/wp-content\/uploads\/2024\/03\/Sheila_Hicks_1-300x167.jpg 300w, https:\/\/blocsenresidencia.bcn.cat\/moli2024\/wp-content\/uploads\/2024\/03\/Sheila_Hicks_1-768x429.jpg 768w, https:\/\/blocsenresidencia.bcn.cat\/moli2024\/wp-content\/uploads\/2024\/03\/Sheila_Hicks_1.jpg 1344w\" sizes=\"auto, (max-width: 767px) 89vw, (max-width: 1000px) 54vw, (max-width: 1071px) 543px, 580px\"><\/figure>\n<p>Instal\u00b7lacions de Sheila Hicks <\/p>\n<figure class=\"wp-block-gallery has-nested-images columns-default is-cropped wp-block-gallery-7 is-layout-flex wp-block-gallery-is-layout-flex\">\n<figure class=\"wp-block-image size-full\"><img loading=\"lazy\" decoding=\"async\" width=\"687\" height=\"460\" data-id=\"1026\" src=\"https:\/\/blocsenresidencia.bcn.cat\/moli2024\/wp-content\/uploads\/2024\/03\/14a-13h.jpg\" alt=\"\" class=\"wp-image-1026\" srcset=\"https:\/\/blocsenresidencia.bcn.cat\/moli2024\/wp-content\/uploads\/2024\/03\/14a-13h.jpg 687w, https:\/\/blocsenresidencia.bcn.cat\/moli2024\/wp-content\/uploads\/2024\/03\/14a-13h-300x201.jpg 300w\" sizes=\"auto, (max-width: 687px) 100vw, 687px\"><\/figure>\n<\/figure>\n<figure class=\"wp-block-gallery has-nested-images columns-default is-cropped wp-block-gallery-8 is-layout-flex wp-block-gallery-is-layout-flex\">\n<figure class=\"wp-block-image size-large\"><img loading=\"lazy\" decoding=\"async\" width=\"1024\" height=\"683\" data-id=\"953\" src=\"https:\/\/blocsenresidencia.bcn.cat\/moli2024\/wp-content\/uploads\/2024\/03\/Teresa-Lanceta_teixir-com-a-codi-obert_2.jpg\" alt=\"\" class=\"wp-image-953\" srcset=\"https:\/\/blocsenresidencia.bcn.cat\/moli2024\/wp-content\/uploads\/2024\/03\/Teresa-Lanceta_teixir-com-a-codi-obert_2.jpg 1024w, https:\/\/blocsenresidencia.bcn.cat\/moli2024\/wp-content\/uploads\/2024\/03\/Teresa-Lanceta_teixir-com-a-codi-obert_2-300x200.jpg 300w, https:\/\/blocsenresidencia.bcn.cat\/moli2024\/wp-content\/uploads\/2024\/03\/Teresa-Lanceta_teixir-com-a-codi-obert_2-768x512.jpg 768w\" sizes=\"auto, (max-width: 767px) 89vw, (max-width: 1000px) 54vw, (max-width: 1071px) 543px, 580px\"><\/figure>\n<\/figure>\n<p>Obres Teresa Lanceta  a l\u2019exposici\u00f3 \u2018<a href=\"https:\/\/www.youtube.com\/watch?v=4C1l1YObvVo\" data-type=\"link\" data-id=\"https:\/\/www.youtube.com\/watch?v=4C1l1YObvVo\">Teixir com a codi obert\u2019<\/a><\/p>\n<figure class=\"wp-block-gallery has-nested-images columns-default is-cropped wp-block-gallery-9 is-layout-flex wp-block-gallery-is-layout-flex\">\n<figure class=\"wp-block-image size-large\"><img loading=\"lazy\" decoding=\"async\" width=\"627\" height=\"449\" data-id=\"1024\" src=\"https:\/\/blocsenresidencia.bcn.cat\/moli2024\/wp-content\/uploads\/2024\/03\/14a-4h.jpg\" alt=\"\" class=\"wp-image-1024\" srcset=\"https:\/\/blocsenresidencia.bcn.cat\/moli2024\/wp-content\/uploads\/2024\/03\/14a-4h.jpg 627w, https:\/\/blocsenresidencia.bcn.cat\/moli2024\/wp-content\/uploads\/2024\/03\/14a-4h-300x215.jpg 300w\" sizes=\"auto, (max-width: 627px) 100vw, 627px\"><\/figure>\n<\/figure>\n<figure class=\"wp-block-gallery has-nested-images columns-default is-cropped wp-block-gallery-10 is-layout-flex wp-block-gallery-is-layout-flex\">\n<figure class=\"wp-block-image size-large\"><img loading=\"lazy\" decoding=\"async\" width=\"1024\" height=\"663\" data-id=\"1028\" src=\"https:\/\/blocsenresidencia.bcn.cat\/moli2024\/wp-content\/uploads\/2024\/03\/ulla.jpg\" alt=\"\" class=\"wp-image-1028\" srcset=\"https:\/\/blocsenresidencia.bcn.cat\/moli2024\/wp-content\/uploads\/2024\/03\/ulla.jpg 1024w, https:\/\/blocsenresidencia.bcn.cat\/moli2024\/wp-content\/uploads\/2024\/03\/ulla-300x194.jpg 300w, https:\/\/blocsenresidencia.bcn.cat\/moli2024\/wp-content\/uploads\/2024\/03\/ulla-768x497.jpg 768w\" sizes=\"auto, (max-width: 767px) 89vw, (max-width: 1000px) 54vw, (max-width: 1071px) 543px, 580px\"><\/figure>\n<figure class=\"wp-block-image size-full\"><img loading=\"lazy\" decoding=\"async\" width=\"344\" height=\"220\" data-id=\"1032\" src=\"https:\/\/blocsenresidencia.bcn.cat\/moli2024\/wp-content\/uploads\/2024\/03\/14a-4hp.jpg\" alt=\"\" class=\"wp-image-1032\" srcset=\"https:\/\/blocsenresidencia.bcn.cat\/moli2024\/wp-content\/uploads\/2024\/03\/14a-4hp.jpg 344w, https:\/\/blocsenresidencia.bcn.cat\/moli2024\/wp-content\/uploads\/2024\/03\/14a-4hp-300x192.jpg 300w\" sizes=\"auto, (max-width: 344px) 100vw, 344px\"><\/figure>\n<\/figure>\n<p>Ens ha interessat molt l\u2019obra Das Was Ist (2020) d\u2019Ulla von Brandenburg. \u00c9s una instal\u00b7laci\u00f3 formada per una s\u00e8rie de teles pintades amb una obertura circular a cadascuna d\u2019elles, disposades una darrere l\u2019altra, en paral\u00b7lel.  En el documental \u2018\u00c0rt t\u00e8xtil\u2019 hem vist com els visitants caminaven entre les teles penjades i, en veure\u2019s entre les obertures circulars, les persones formen part d\u2019aquesta instal\u00b7laci\u00f3.<\/p>\n<\/p>\n<figure class=\"wp-block-gallery has-nested-images columns-default is-cropped wp-block-gallery-11 is-layout-flex wp-block-gallery-is-layout-flex\">\n<figure class=\"wp-block-image size-large\"><img loading=\"lazy\" decoding=\"async\" width=\"513\" height=\"644\" data-id=\"965\" src=\"https:\/\/blocsenresidencia.bcn.cat\/moli2024\/wp-content\/uploads\/2024\/03\/14a-11.jpg\" alt=\"\" class=\"wp-image-965\" srcset=\"https:\/\/blocsenresidencia.bcn.cat\/moli2024\/wp-content\/uploads\/2024\/03\/14a-11.jpg 513w, https:\/\/blocsenresidencia.bcn.cat\/moli2024\/wp-content\/uploads\/2024\/03\/14a-11-239x300.jpg 239w\" sizes=\"auto, (max-width: 513px) 100vw, 513px\"><\/figure>\n<figure class=\"wp-block-image size-large\"><img loading=\"lazy\" decoding=\"async\" width=\"550\" height=\"625\" data-id=\"963\" src=\"https:\/\/blocsenresidencia.bcn.cat\/moli2024\/wp-content\/uploads\/2024\/03\/14a-10.jpg\" alt=\"\" class=\"wp-image-963\" srcset=\"https:\/\/blocsenresidencia.bcn.cat\/moli2024\/wp-content\/uploads\/2024\/03\/14a-10.jpg 550w, https:\/\/blocsenresidencia.bcn.cat\/moli2024\/wp-content\/uploads\/2024\/03\/14a-10-264x300.jpg 264w\" sizes=\"auto, (max-width: 550px) 100vw, 550px\"><\/figure>\n<\/figure>\n<p>Quina forma podria prendre una estructura en un espai com el MACBA?<\/p>\n<figure class=\"wp-block-image size-full\"><img loading=\"lazy\" decoding=\"async\" width=\"641\" height=\"449\" src=\"https:\/\/blocsenresidencia.bcn.cat\/moli2024\/wp-content\/uploads\/2024\/03\/14a-5-2.jpg\" alt=\"\" class=\"wp-image-1063\" srcset=\"https:\/\/blocsenresidencia.bcn.cat\/moli2024\/wp-content\/uploads\/2024\/03\/14a-5-2.jpg 641w, https:\/\/blocsenresidencia.bcn.cat\/moli2024\/wp-content\/uploads\/2024\/03\/14a-5-2-300x210.jpg 300w\" sizes=\"auto, (max-width: 641px) 100vw, 641px\"><\/figure>\n<figure class=\"wp-block-gallery has-nested-images columns-default is-cropped wp-block-gallery-12 is-layout-flex wp-block-gallery-is-layout-flex\">\n<figure class=\"wp-block-image size-large\"><img loading=\"lazy\" decoding=\"async\" width=\"1024\" height=\"561\" data-id=\"1004\" src=\"https:\/\/blocsenresidencia.bcn.cat\/moli2024\/wp-content\/uploads\/2024\/03\/shindo-1-1024x561.jpg\" alt=\"\" class=\"wp-image-1004\" srcset=\"https:\/\/blocsenresidencia.bcn.cat\/moli2024\/wp-content\/uploads\/2024\/03\/shindo-1-1024x561.jpg 1024w, https:\/\/blocsenresidencia.bcn.cat\/moli2024\/wp-content\/uploads\/2024\/03\/shindo-1-300x164.jpg 300w, https:\/\/blocsenresidencia.bcn.cat\/moli2024\/wp-content\/uploads\/2024\/03\/shindo-1-768x421.jpg 768w, https:\/\/blocsenresidencia.bcn.cat\/moli2024\/wp-content\/uploads\/2024\/03\/shindo-1.jpg 1233w\" sizes=\"auto, (max-width: 767px) 89vw, (max-width: 1000px) 54vw, (max-width: 1071px) 543px, 580px\"><\/figure>\n<figure class=\"wp-block-image size-large\"><img loading=\"lazy\" decoding=\"async\" width=\"1024\" height=\"679\" data-id=\"1002\" src=\"https:\/\/blocsenresidencia.bcn.cat\/moli2024\/wp-content\/uploads\/2024\/03\/Lanceta-1-1024x679.jpg\" alt=\"\" class=\"wp-image-1002\" srcset=\"https:\/\/blocsenresidencia.bcn.cat\/moli2024\/wp-content\/uploads\/2024\/03\/Lanceta-1-1024x679.jpg 1024w, https:\/\/blocsenresidencia.bcn.cat\/moli2024\/wp-content\/uploads\/2024\/03\/Lanceta-1-300x199.jpg 300w, https:\/\/blocsenresidencia.bcn.cat\/moli2024\/wp-content\/uploads\/2024\/03\/Lanceta-1-768x509.jpg 768w, https:\/\/blocsenresidencia.bcn.cat\/moli2024\/wp-content\/uploads\/2024\/03\/Lanceta-1.jpg 1275w\" sizes=\"auto, (max-width: 767px) 89vw, (max-width: 1000px) 54vw, (max-width: 1071px) 543px, 580px\"><\/figure>\n<\/figure>\n<p>Dibuixem pensem  les nostres pr\u00f2pies instal\u00b7lacions i estructures<\/p>\n<figure class=\"wp-block-gallery has-nested-images columns-default is-cropped wp-block-gallery-13 is-layout-flex wp-block-gallery-is-layout-flex\">\n<figure class=\"wp-block-image size-large\"><img loading=\"lazy\" decoding=\"async\" width=\"687\" height=\"460\" data-id=\"1026\" src=\"https:\/\/blocsenresidencia.bcn.cat\/moli2024\/wp-content\/uploads\/2024\/03\/14a-13h.jpg\" alt=\"\" class=\"wp-image-1026\" srcset=\"https:\/\/blocsenresidencia.bcn.cat\/moli2024\/wp-content\/uploads\/2024\/03\/14a-13h.jpg 687w, https:\/\/blocsenresidencia.bcn.cat\/moli2024\/wp-content\/uploads\/2024\/03\/14a-13h-300x201.jpg 300w\" sizes=\"auto, (max-width: 687px) 100vw, 687px\"><\/figure>\n<figure class=\"wp-block-image size-large\"><img loading=\"lazy\" decoding=\"async\" width=\"638\" height=\"450\" data-id=\"1027\" src=\"https:\/\/blocsenresidencia.bcn.cat\/moli2024\/wp-content\/uploads\/2024\/03\/14a-7h.jpg\" alt=\"\" class=\"wp-image-1027\" srcset=\"https:\/\/blocsenresidencia.bcn.cat\/moli2024\/wp-content\/uploads\/2024\/03\/14a-7h.jpg 638w, https:\/\/blocsenresidencia.bcn.cat\/moli2024\/wp-content\/uploads\/2024\/03\/14a-7h-300x212.jpg 300w\" sizes=\"auto, (max-width: 638px) 100vw, 638px\"><\/figure>\n<\/figure>\n<figure class=\"wp-block-image size-full is-resized\"><img loading=\"lazy\" decoding=\"async\" width=\"643\" height=\"452\" src=\"https:\/\/blocsenresidencia.bcn.cat\/moli2024\/wp-content\/uploads\/2024\/03\/14a-6-2-rotated.jpg\" alt=\"\" class=\"wp-image-1030\" style=\"width:674px;height:auto\" srcset=\"https:\/\/blocsenresidencia.bcn.cat\/moli2024\/wp-content\/uploads\/2024\/03\/14a-6-2-rotated.jpg 643w, https:\/\/blocsenresidencia.bcn.cat\/moli2024\/wp-content\/uploads\/2024\/03\/14a-6-2-300x211.jpg 300w\" sizes=\"auto, (max-width: 643px) 100vw, 643px\"><\/figure>\n<\/p>\n<\/div>\n","protected":false},"excerpt":{"rendered":"<p>Des de Mariona Ca\u00f1adas i Pedro Mur\u00faa EN RESiD\u00c8NCiA a l&#8217;Institut Escola El Mol\u00ed Annie Albers Anne Lindberg Instal\u00b7lacions de Sheila Hicks Obres Teresa Lanceta a l\u2019exposici\u00f3 \u2018Teixir com a codi obert\u2019 Ens ha interessat molt l\u2019obra Das Was Ist (2020) d\u2019Ulla von Brandenburg. \u00c9s una instal\u00b7laci\u00f3 formada per una s\u00e8rie de teles pintades amb &hellip; <\/p>\n<p class=\"link-more\"><a href=\"https:\/\/blocsenresidencia.bcn.cat\/20232024\/2024\/03\/23\/art-textil-recerca-dobres-i-artistes-contemporanies\/\" class=\"more-link\">Continua llegint <span class=\"screen-reader-text\">\u00abArt t\u00e8xtil. Recerca d\u2019obres i artistes contempor\u00e0nies\u00bb<\/span><\/a><\/p>\n","protected":false},"author":5,"featured_media":0,"comment_status":"closed","ping_status":"closed","sticky":false,"template":"","format":"standard","meta":{"footnotes":""},"categories":[1],"tags":[],"class_list":["post-1031","post","type-post","status-publish","format-standard","hentry","category-general"],"_links":{"self":[{"href":"https:\/\/blocsenresidencia.bcn.cat\/20232024\/wp-json\/wp\/v2\/posts\/1031","targetHints":{"allow":["GET"]}}],"collection":[{"href":"https:\/\/blocsenresidencia.bcn.cat\/20232024\/wp-json\/wp\/v2\/posts"}],"about":[{"href":"https:\/\/blocsenresidencia.bcn.cat\/20232024\/wp-json\/wp\/v2\/types\/post"}],"author":[{"embeddable":true,"href":"https:\/\/blocsenresidencia.bcn.cat\/20232024\/wp-json\/wp\/v2\/users\/5"}],"replies":[{"embeddable":true,"href":"https:\/\/blocsenresidencia.bcn.cat\/20232024\/wp-json\/wp\/v2\/comments?post=1031"}],"version-history":[{"count":0,"href":"https:\/\/blocsenresidencia.bcn.cat\/20232024\/wp-json\/wp\/v2\/posts\/1031\/revisions"}],"wp:attachment":[{"href":"https:\/\/blocsenresidencia.bcn.cat\/20232024\/wp-json\/wp\/v2\/media?parent=1031"}],"wp:term":[{"taxonomy":"category","embeddable":true,"href":"https:\/\/blocsenresidencia.bcn.cat\/20232024\/wp-json\/wp\/v2\/categories?post=1031"},{"taxonomy":"post_tag","embeddable":true,"href":"https:\/\/blocsenresidencia.bcn.cat\/20232024\/wp-json\/wp\/v2\/tags?post=1031"}],"curies":[{"name":"wp","href":"https:\/\/api.w.org\/{rel}","templated":true}]}}