{"id":1066,"date":"2024-04-24T15:01:02","date_gmt":"2024-04-24T13:01:02","guid":{"rendered":"https:\/\/blocsenresidencia.bcn.cat\/20232024\/2024\/04\/24\/bloc-10-dabril-del-2024\/"},"modified":"2024-04-24T15:01:02","modified_gmt":"2024-04-24T13:01:02","slug":"bloc-10-dabril-del-2024","status":"publish","type":"post","link":"https:\/\/blocsenresidencia.bcn.cat\/20232024\/2024\/04\/24\/bloc-10-dabril-del-2024\/","title":{"rendered":"Bloc 10 d\u2019abril del 2024"},"content":{"rendered":"<p>Des de <a href=\"https:\/\/blocsenresidencia.bcn.cat\/salvatpapasseit2024\/bloc-10-dabril-del-2024\/\">Alfredo Costa-Monteiro EN RESiD\u00c8NCiA a l&#8217;Institut Joan Salvat Papasseit<\/a><\/p>\n<div>\n<p>El dia 10 d\u2019abril de 2024 vam escoltar un audio millorat de l\u2019\u00faltima sessi\u00f3 del dia 3\/4\/2024 i vam dividir la classe en dos grups, uns quants alumnes van marxar amb el Pau i la resta ens vam quedar amb l\u2019Alfredo.<\/p>\n<p>Els que van marxar amb el Pau van fer diferents treballs amb l\u2019ordinador. Un company va posar a l\u2019Audacity tres audios que tenia enregistrats, i els va anar\u00a0retallant i movent per les pistes del programa. Un altre company va enregistrar sons i va editar una foto per ficar-ho tot a un programa anomenat <em>CapCut<\/em>, un altre programa que la majoria no coneixem i que no sabem com funciona.\u00a0<\/p>\n<p>Els que ens vam quedar amb l\u2019Alfredo ens vam organitzar en dos grups: llums i so. Dos alumnes hav\u00edem de fer ombres amb el retroprojector i una llanterna, ens anavem organitzant per no fer-ho a la vegada ja que la llum del retroprojector \u00e9s molt potent i no deixava veure l\u2019ombra de la llanterna. La resta d\u2019alumnes feien so amb una guitarra el\u00e8ctrica preparada, ukeleles, piano i el micr\u00f2fon. Vam fer diverses proves, i amb les llums en organitzavem b\u00e9, per\u00f2 amb els instruments la majoria de temps s\u2019escoltava m\u00e9s un instrument que altre, i l\u2019Alfredo va posar el repte de que no podien sonar m\u00e9s de dos instruments a la vegada.<\/p>\n<p><strong><em>FOTOS:<\/em><\/strong><img decoding=\"async\" src=\"https:\/\/lh7-us.googleusercontent.com\/jF7Nirpkf8ScsdnQetWCWGth0awbofnBMIj0tr9rhGA6Z0JqoFbMWggMtoxqh9ufxZaibYtTQTqRR0NaD0kt1KBeAAmJ1b6q-Ka8g0_ODf6qT8Y-bAaMF-3QoRSjNhn3_B5UfjnC90FnHCsluSm-YFg\" width=\"418.1832061068702\" height=\"346.1262902274172\"><\/p>\n<p><strong><em>ALUMNES ENREGISTRANT SONS\u00a0<\/em><\/strong><img decoding=\"async\" src=\"https:\/\/lh7-us.googleusercontent.com\/PzWfgORa7nAQYT77ZNRaLINFFzsCBHef3-z8t1sX8hGSkFvmnAG5IRoMLAsA7Wo5AUipO_TjgDq7yhmwIYlAAZ7P5XT13MlhpvCV755MTd7bGbH7MtuNDZcBZD8240XgGp8Ln7NBD-Ohi-cyfBiN2TQ\" width=\"673.5491803278688\" height=\"451\"><\/p>\n<p><strong><em>\u00a0\u00a0\u00a0\u00a0\u00a0\u00a0\u00a0\u00a0\u00a0\u00a0\u00a0\u00a0\u00a0\u00a0\u00a0\u00a0\u00a0\u00a0AMB EN PAU<\/em><\/strong><\/p>\n<p><strong><em>VIDEOS:<\/em><\/strong><\/p>\n<p><a href=\"https:\/\/drive.google.com\/file\/d\/1XRt5pCGwlT9sTnnei_BUrJ5QZPzyP7f6\/view?usp=classroom_web&amp;authuser=0\">https:\/\/drive.google.com\/file\/d\/1XRt5pCGwlT9sTnnei_BUrJ5QZPzyP7f6\/view?usp=classroom_web&amp;authuser=0<\/a><\/p>\n<p><a href=\"https:\/\/drive.google.com\/file\/d\/117XlqA9POdRm4SdKZSby5xBsvDnpLjgD\/view?usp=classroom_web&amp;authuser=0\">https:\/\/drive.google.com\/file\/d\/117XlqA9POdRm4SdKZSby5xBsvDnpLjgD\/view?usp=classroom_web&amp;authuser=0<\/a><\/p>\n<\/div>\n","protected":false},"excerpt":{"rendered":"<p>Des de Alfredo Costa-Monteiro EN RESiD\u00c8NCiA a l&#8217;Institut Joan Salvat Papasseit El dia 10 d\u2019abril de 2024 vam escoltar un audio millorat de l\u2019\u00faltima sessi\u00f3 del dia 3\/4\/2024 i vam dividir la classe en dos grups, uns quants alumnes van marxar amb el Pau i la resta ens vam quedar amb l\u2019Alfredo. Els que van &hellip; <\/p>\n<p class=\"link-more\"><a href=\"https:\/\/blocsenresidencia.bcn.cat\/20232024\/2024\/04\/24\/bloc-10-dabril-del-2024\/\" class=\"more-link\">Continua llegint <span class=\"screen-reader-text\">\u00abBloc 10 d\u2019abril del 2024\u00bb<\/span><\/a><\/p>\n","protected":false},"author":5,"featured_media":0,"comment_status":"closed","ping_status":"closed","sticky":false,"template":"","format":"standard","meta":{"footnotes":""},"categories":[1],"tags":[],"class_list":["post-1066","post","type-post","status-publish","format-standard","hentry","category-general"],"_links":{"self":[{"href":"https:\/\/blocsenresidencia.bcn.cat\/20232024\/wp-json\/wp\/v2\/posts\/1066","targetHints":{"allow":["GET"]}}],"collection":[{"href":"https:\/\/blocsenresidencia.bcn.cat\/20232024\/wp-json\/wp\/v2\/posts"}],"about":[{"href":"https:\/\/blocsenresidencia.bcn.cat\/20232024\/wp-json\/wp\/v2\/types\/post"}],"author":[{"embeddable":true,"href":"https:\/\/blocsenresidencia.bcn.cat\/20232024\/wp-json\/wp\/v2\/users\/5"}],"replies":[{"embeddable":true,"href":"https:\/\/blocsenresidencia.bcn.cat\/20232024\/wp-json\/wp\/v2\/comments?post=1066"}],"version-history":[{"count":0,"href":"https:\/\/blocsenresidencia.bcn.cat\/20232024\/wp-json\/wp\/v2\/posts\/1066\/revisions"}],"wp:attachment":[{"href":"https:\/\/blocsenresidencia.bcn.cat\/20232024\/wp-json\/wp\/v2\/media?parent=1066"}],"wp:term":[{"taxonomy":"category","embeddable":true,"href":"https:\/\/blocsenresidencia.bcn.cat\/20232024\/wp-json\/wp\/v2\/categories?post=1066"},{"taxonomy":"post_tag","embeddable":true,"href":"https:\/\/blocsenresidencia.bcn.cat\/20232024\/wp-json\/wp\/v2\/tags?post=1066"}],"curies":[{"name":"wp","href":"https:\/\/api.w.org\/{rel}","templated":true}]}}