{"id":1068,"date":"2024-04-29T17:43:22","date_gmt":"2024-04-29T15:43:22","guid":{"rendered":"https:\/\/blocsenresidencia.bcn.cat\/20232024\/2024\/04\/29\/assaig-a-la-caldera\/"},"modified":"2024-04-29T17:43:22","modified_gmt":"2024-04-29T15:43:22","slug":"assaig-a-la-caldera","status":"publish","type":"post","link":"https:\/\/blocsenresidencia.bcn.cat\/20232024\/2024\/04\/29\/assaig-a-la-caldera\/","title":{"rendered":"Assaig a \u201cLa Caldera\u201d"},"content":{"rendered":"<p>Des de <a href=\"https:\/\/blocsenresidencia.bcn.cat\/turoroquetes2024\/assaig-a-la-caldera\/\">Itxaso Corral i Lara Brown EN RESiD\u00c8NCiA a l&#8217;Institut Escola Tur\u00f3 de Roquetes<\/a><\/p>\n<div>\n<p>El passat dimarts 16 d\u2019abril vam anar a La Caldera per assajar. Tenim la primera part de l\u2019actuaci\u00f3 m\u00e9s o menys feta. Avui a la classe hem estat veient un v\u00eddeo de qu\u00e8 vam fer i ens est\u00e0 agradant molt com est\u00e0 quedant. Tenim moltes ganes que sigui el dia de l\u2019actuaci\u00f3, perqu\u00e8 pugueu veure-ho!<\/p>\n<div class=\"wp-block-image\">\n<figure class=\"aligncenter size-large is-resized\"><img fetchpriority=\"high\" decoding=\"async\" width=\"1024\" height=\"768\" src=\"https:\/\/blocsenresidencia.bcn.cat\/turoroquetes2024\/wp-content\/uploads\/2024\/04\/image_50337537-1024x768.jpg\" alt=\"\" class=\"wp-image-332\" style=\"width:653px;height:auto\" srcset=\"https:\/\/blocsenresidencia.bcn.cat\/turoroquetes2024\/wp-content\/uploads\/2024\/04\/image_50337537-1024x768.jpg 1024w, https:\/\/blocsenresidencia.bcn.cat\/turoroquetes2024\/wp-content\/uploads\/2024\/04\/image_50337537-300x225.jpg 300w, https:\/\/blocsenresidencia.bcn.cat\/turoroquetes2024\/wp-content\/uploads\/2024\/04\/image_50337537-768x576.jpg 768w, https:\/\/blocsenresidencia.bcn.cat\/turoroquetes2024\/wp-content\/uploads\/2024\/04\/image_50337537-1536x1152.jpg 1536w, https:\/\/blocsenresidencia.bcn.cat\/turoroquetes2024\/wp-content\/uploads\/2024\/04\/image_50337537-2048x1536.jpg 2048w\" sizes=\"(max-width: 767px) 89vw, (max-width: 1000px) 54vw, (max-width: 1071px) 543px, 580px\"><figcaption class=\"wp-element-caption\">Un moment de l\u2019assaig del passat dimarts<\/figcaption><\/figure>\n<\/div>\n<\/div>\n","protected":false},"excerpt":{"rendered":"<p>Des de Itxaso Corral i Lara Brown EN RESiD\u00c8NCiA a l&#8217;Institut Escola Tur\u00f3 de Roquetes El passat dimarts 16 d\u2019abril vam anar a La Caldera per assajar. Tenim la primera part de l\u2019actuaci\u00f3 m\u00e9s o menys feta. Avui a la classe hem estat veient un v\u00eddeo de qu\u00e8 vam fer i ens est\u00e0 agradant molt &hellip; <\/p>\n<p class=\"link-more\"><a href=\"https:\/\/blocsenresidencia.bcn.cat\/20232024\/2024\/04\/29\/assaig-a-la-caldera\/\" class=\"more-link\">Continua llegint <span class=\"screen-reader-text\">\u00abAssaig a \u201cLa Caldera\u201d\u00bb<\/span><\/a><\/p>\n","protected":false},"author":5,"featured_media":0,"comment_status":"closed","ping_status":"closed","sticky":false,"template":"","format":"standard","meta":{"footnotes":""},"categories":[1],"tags":[],"class_list":["post-1068","post","type-post","status-publish","format-standard","hentry","category-general"],"_links":{"self":[{"href":"https:\/\/blocsenresidencia.bcn.cat\/20232024\/wp-json\/wp\/v2\/posts\/1068","targetHints":{"allow":["GET"]}}],"collection":[{"href":"https:\/\/blocsenresidencia.bcn.cat\/20232024\/wp-json\/wp\/v2\/posts"}],"about":[{"href":"https:\/\/blocsenresidencia.bcn.cat\/20232024\/wp-json\/wp\/v2\/types\/post"}],"author":[{"embeddable":true,"href":"https:\/\/blocsenresidencia.bcn.cat\/20232024\/wp-json\/wp\/v2\/users\/5"}],"replies":[{"embeddable":true,"href":"https:\/\/blocsenresidencia.bcn.cat\/20232024\/wp-json\/wp\/v2\/comments?post=1068"}],"version-history":[{"count":0,"href":"https:\/\/blocsenresidencia.bcn.cat\/20232024\/wp-json\/wp\/v2\/posts\/1068\/revisions"}],"wp:attachment":[{"href":"https:\/\/blocsenresidencia.bcn.cat\/20232024\/wp-json\/wp\/v2\/media?parent=1068"}],"wp:term":[{"taxonomy":"category","embeddable":true,"href":"https:\/\/blocsenresidencia.bcn.cat\/20232024\/wp-json\/wp\/v2\/categories?post=1068"},{"taxonomy":"post_tag","embeddable":true,"href":"https:\/\/blocsenresidencia.bcn.cat\/20232024\/wp-json\/wp\/v2\/tags?post=1068"}],"curies":[{"name":"wp","href":"https:\/\/api.w.org\/{rel}","templated":true}]}}