{"id":1132,"date":"2024-06-18T14:40:12","date_gmt":"2024-06-18T12:40:12","guid":{"rendered":"https:\/\/blocsenresidencia.bcn.cat\/20232024\/2024\/06\/18\/exposicio\/"},"modified":"2024-06-18T14:40:12","modified_gmt":"2024-06-18T12:40:12","slug":"exposicio","status":"publish","type":"post","link":"https:\/\/blocsenresidencia.bcn.cat\/20232024\/2024\/06\/18\/exposicio\/","title":{"rendered":"Exposici\u00f3"},"content":{"rendered":"<p>Des de <a href=\"https:\/\/blocsenresidencia.bcn.cat\/infantaisabelarago2024\/exposicio\/\">Marina Rubio EN RESiD\u00c8NCiA a l&#8217;Institut Infanta Isabel d&#8217;Arag\u00f3<\/a><\/p>\n<div>\n<p>La inauguraci\u00f3 va ser un \u00e8xit aix\u00ed com la forma en la qual van quedar totes les peces i elements presentats en l\u2019exposici\u00f3.<br \/>Nom\u00e9s us mostrem una petita mostra del que vam fer i exposar, aix\u00ed com de l\u2019assaig general que van realitzar els nostres companys mitja hora abans de l\u2019acte.<\/p>\n<figure class=\"wp-block-gallery has-nested-images columns-default is-cropped wp-block-gallery-1 is-layout-flex wp-block-gallery-is-layout-flex\">\n<figure class=\"wp-block-image size-large\"><img fetchpriority=\"high\" decoding=\"async\" width=\"1024\" height=\"576\" data-id=\"486\" src=\"https:\/\/blocsenresidencia.bcn.cat\/infantaisabelarago2024\/wp-content\/uploads\/2024\/06\/29850924-75EE-4602-95C7-AE862FA5B569-1024x576.jpg\" alt=\"\" class=\"wp-image-486\" srcset=\"https:\/\/blocsenresidencia.bcn.cat\/infantaisabelarago2024\/wp-content\/uploads\/2024\/06\/29850924-75EE-4602-95C7-AE862FA5B569-1024x576.jpg 1024w, https:\/\/blocsenresidencia.bcn.cat\/infantaisabelarago2024\/wp-content\/uploads\/2024\/06\/29850924-75EE-4602-95C7-AE862FA5B569-300x169.jpg 300w, https:\/\/blocsenresidencia.bcn.cat\/infantaisabelarago2024\/wp-content\/uploads\/2024\/06\/29850924-75EE-4602-95C7-AE862FA5B569-768x432.jpg 768w, https:\/\/blocsenresidencia.bcn.cat\/infantaisabelarago2024\/wp-content\/uploads\/2024\/06\/29850924-75EE-4602-95C7-AE862FA5B569-1536x864.jpg 1536w, https:\/\/blocsenresidencia.bcn.cat\/infantaisabelarago2024\/wp-content\/uploads\/2024\/06\/29850924-75EE-4602-95C7-AE862FA5B569-2048x1152.jpg 2048w\" sizes=\"(max-width: 767px) 89vw, (max-width: 1000px) 54vw, (max-width: 1071px) 543px, 580px\"><\/figure>\n<figure class=\"wp-block-image size-large\"><img loading=\"lazy\" decoding=\"async\" width=\"911\" height=\"1024\" data-id=\"491\" src=\"https:\/\/blocsenresidencia.bcn.cat\/infantaisabelarago2024\/wp-content\/uploads\/2024\/06\/24_06_05_MarinaRubio_EnR_IInfantaIsabel-1-911x1024.jpg\" alt=\"\" class=\"wp-image-491\" srcset=\"https:\/\/blocsenresidencia.bcn.cat\/infantaisabelarago2024\/wp-content\/uploads\/2024\/06\/24_06_05_MarinaRubio_EnR_IInfantaIsabel-1-911x1024.jpg 911w, https:\/\/blocsenresidencia.bcn.cat\/infantaisabelarago2024\/wp-content\/uploads\/2024\/06\/24_06_05_MarinaRubio_EnR_IInfantaIsabel-1-267x300.jpg 267w, https:\/\/blocsenresidencia.bcn.cat\/infantaisabelarago2024\/wp-content\/uploads\/2024\/06\/24_06_05_MarinaRubio_EnR_IInfantaIsabel-1-768x864.jpg 768w, https:\/\/blocsenresidencia.bcn.cat\/infantaisabelarago2024\/wp-content\/uploads\/2024\/06\/24_06_05_MarinaRubio_EnR_IInfantaIsabel-1.jpg 1182w\" sizes=\"auto, (max-width: 767px) 89vw, (max-width: 1000px) 54vw, (max-width: 1071px) 543px, 580px\"><\/figure>\n<figure class=\"wp-block-image size-large\"><img loading=\"lazy\" decoding=\"async\" width=\"1024\" height=\"576\" data-id=\"492\" src=\"https:\/\/blocsenresidencia.bcn.cat\/infantaisabelarago2024\/wp-content\/uploads\/2024\/06\/785591ca-3796-4a0f-a4c3-e96b6fb20ed1-1024x576.jpg\" alt=\"\" class=\"wp-image-492\" srcset=\"https:\/\/blocsenresidencia.bcn.cat\/infantaisabelarago2024\/wp-content\/uploads\/2024\/06\/785591ca-3796-4a0f-a4c3-e96b6fb20ed1-1024x576.jpg 1024w, https:\/\/blocsenresidencia.bcn.cat\/infantaisabelarago2024\/wp-content\/uploads\/2024\/06\/785591ca-3796-4a0f-a4c3-e96b6fb20ed1-300x169.jpg 300w, https:\/\/blocsenresidencia.bcn.cat\/infantaisabelarago2024\/wp-content\/uploads\/2024\/06\/785591ca-3796-4a0f-a4c3-e96b6fb20ed1-768x432.jpg 768w, https:\/\/blocsenresidencia.bcn.cat\/infantaisabelarago2024\/wp-content\/uploads\/2024\/06\/785591ca-3796-4a0f-a4c3-e96b6fb20ed1-1536x864.jpg 1536w, https:\/\/blocsenresidencia.bcn.cat\/infantaisabelarago2024\/wp-content\/uploads\/2024\/06\/785591ca-3796-4a0f-a4c3-e96b6fb20ed1.jpg 1600w\" sizes=\"auto, (max-width: 767px) 89vw, (max-width: 1000px) 54vw, (max-width: 1071px) 543px, 580px\"><\/figure>\n<\/figure>\n<figure class=\"wp-block-video\"><video controls muted src=\"https:\/\/blocsenresidencia.bcn.cat\/infantaisabelarago2024\/wp-content\/uploads\/2024\/06\/video4.mov\"><\/video><\/figure>\n<\/div>\n","protected":false},"excerpt":{"rendered":"<p>Des de Marina Rubio EN RESiD\u00c8NCiA a l&#8217;Institut Infanta Isabel d&#8217;Arag\u00f3 La inauguraci\u00f3 va ser un \u00e8xit aix\u00ed com la forma en la qual van quedar totes les peces i elements presentats en l\u2019exposici\u00f3.Nom\u00e9s us mostrem una petita mostra del que vam fer i exposar, aix\u00ed com de l\u2019assaig general que van realitzar els nostres &hellip; <\/p>\n<p class=\"link-more\"><a href=\"https:\/\/blocsenresidencia.bcn.cat\/20232024\/2024\/06\/18\/exposicio\/\" class=\"more-link\">Continua llegint <span class=\"screen-reader-text\">\u00abExposici\u00f3\u00bb<\/span><\/a><\/p>\n","protected":false},"author":5,"featured_media":0,"comment_status":"closed","ping_status":"closed","sticky":false,"template":"","format":"standard","meta":{"footnotes":""},"categories":[1],"tags":[],"class_list":["post-1132","post","type-post","status-publish","format-standard","hentry","category-general"],"_links":{"self":[{"href":"https:\/\/blocsenresidencia.bcn.cat\/20232024\/wp-json\/wp\/v2\/posts\/1132","targetHints":{"allow":["GET"]}}],"collection":[{"href":"https:\/\/blocsenresidencia.bcn.cat\/20232024\/wp-json\/wp\/v2\/posts"}],"about":[{"href":"https:\/\/blocsenresidencia.bcn.cat\/20232024\/wp-json\/wp\/v2\/types\/post"}],"author":[{"embeddable":true,"href":"https:\/\/blocsenresidencia.bcn.cat\/20232024\/wp-json\/wp\/v2\/users\/5"}],"replies":[{"embeddable":true,"href":"https:\/\/blocsenresidencia.bcn.cat\/20232024\/wp-json\/wp\/v2\/comments?post=1132"}],"version-history":[{"count":0,"href":"https:\/\/blocsenresidencia.bcn.cat\/20232024\/wp-json\/wp\/v2\/posts\/1132\/revisions"}],"wp:attachment":[{"href":"https:\/\/blocsenresidencia.bcn.cat\/20232024\/wp-json\/wp\/v2\/media?parent=1132"}],"wp:term":[{"taxonomy":"category","embeddable":true,"href":"https:\/\/blocsenresidencia.bcn.cat\/20232024\/wp-json\/wp\/v2\/categories?post=1132"},{"taxonomy":"post_tag","embeddable":true,"href":"https:\/\/blocsenresidencia.bcn.cat\/20232024\/wp-json\/wp\/v2\/tags?post=1132"}],"curies":[{"name":"wp","href":"https:\/\/api.w.org\/{rel}","templated":true}]}}