{"id":1139,"date":"2024-06-25T16:24:55","date_gmt":"2024-06-25T14:24:55","guid":{"rendered":"https:\/\/blocsenresidencia.bcn.cat\/20232024\/2024\/06\/25\/presentacio-el-conte-a-dins\/"},"modified":"2024-06-25T16:24:55","modified_gmt":"2024-06-25T14:24:55","slug":"presentacio-el-conte-a-dins","status":"publish","type":"post","link":"https:\/\/blocsenresidencia.bcn.cat\/20232024\/2024\/06\/25\/presentacio-el-conte-a-dins\/","title":{"rendered":"Presentaci\u00f3 \u2018El Conte a dins\u2019"},"content":{"rendered":"<p>Des de <a href=\"https:\/\/blocsenresidencia.bcn.cat\/trinitatnova2024\/presentacio-el-conte-a-dins\/\">Pato Mena EN RESiD\u00c8NCiA a l&#8217;Institut Trinitat Nova<\/a><\/p>\n<div>\n<p>La presentaci\u00f3 del projecte \u2018El conte a dins\u2019 s\u2019ha realitzat el dijous 13 de juny a la tarda a l\u2019Espai 3 Ulls de l\u2019Institut Escola Trinitat Nova. El grup d\u2019alumnes, juntament amb en Pato Mena i les professores, presenten i comparteixen el proc\u00e9s de creaci\u00f3. Primenament, les alumnes fan una presentaci\u00f3 a l\u2019Espai 3 Ulls acompanyats d\u2019unes diapositives amb imatges del proc\u00e9s de creaci\u00f3 i la instal\u00b7laci\u00f3 de l\u2019obra final. A continuaci\u00f3, les alumnes han condu\u00eft el p\u00fablic a la biblioteca Trinitat Nova perqu\u00e8 puguin veure la instal\u00b7laci\u00f3 i les aplicacions directament. A la presentaci\u00f3 han vingut familiars i amics dels alumnes i del Pato Mena, i tamb\u00e9 responsables del programa i persones vinculades amb la cultura. Ha estat una presentaci\u00f3 molt especial i emotiva, en que les alumnes han anat llegint i comentant els contes que han treballat per petits grups a les persones assistents.<\/p>\n<p>Aquesta instal\u00b7laci\u00f3, amb petites variacions s\u2019ha instal\u00b7lat tamb\u00e9 a les altres tres biblioteques de la Xarxa: Xavier Benguerel, Trinitat Vella-Jos\u00e9 Barbero i Jaume Fuster, i es podr\u00e0 consultar fins a finals de setembre 2024.<\/p>\n<div class=\"wp-block-columns is-layout-flex wp-container-core-columns-is-layout-1 wp-block-columns-is-layout-flex\">\n<div class=\"wp-block-column is-layout-flow wp-block-column-is-layout-flow\" style=\"flex-basis:100%\">\n<figure class=\"wp-block-gallery has-nested-images columns-default is-cropped wp-block-gallery-1 is-layout-flex wp-block-gallery-is-layout-flex\">\n<figure class=\"wp-block-image size-large\"><img fetchpriority=\"high\" decoding=\"async\" width=\"1024\" height=\"768\" src=\"https:\/\/blocsenresidencia.bcn.cat\/trinitatnova2024\/wp-content\/uploads\/2024\/06\/24_06_13_ElConteADins_TrinitatNova-1024x768.jpg\" alt=\"\" class=\"wp-image-442\" srcset=\"https:\/\/blocsenresidencia.bcn.cat\/trinitatnova2024\/wp-content\/uploads\/2024\/06\/24_06_13_ElConteADins_TrinitatNova-1024x768.jpg 1024w, https:\/\/blocsenresidencia.bcn.cat\/trinitatnova2024\/wp-content\/uploads\/2024\/06\/24_06_13_ElConteADins_TrinitatNova-300x225.jpg 300w, https:\/\/blocsenresidencia.bcn.cat\/trinitatnova2024\/wp-content\/uploads\/2024\/06\/24_06_13_ElConteADins_TrinitatNova-768x576.jpg 768w, https:\/\/blocsenresidencia.bcn.cat\/trinitatnova2024\/wp-content\/uploads\/2024\/06\/24_06_13_ElConteADins_TrinitatNova-1536x1152.jpg 1536w, https:\/\/blocsenresidencia.bcn.cat\/trinitatnova2024\/wp-content\/uploads\/2024\/06\/24_06_13_ElConteADins_TrinitatNova-2048x1536.jpg 2048w\" sizes=\"(max-width: 767px) 89vw, (max-width: 1000px) 54vw, (max-width: 1071px) 543px, 580px\"><\/figure>\n<figure class=\"wp-block-image size-large\"><img loading=\"lazy\" decoding=\"async\" width=\"1024\" height=\"768\" src=\"https:\/\/blocsenresidencia.bcn.cat\/trinitatnova2024\/wp-content\/uploads\/2024\/06\/24_Installacions-biblioteques_32-1-1024x768.jpeg\" alt=\"\" class=\"wp-image-440\" srcset=\"https:\/\/blocsenresidencia.bcn.cat\/trinitatnova2024\/wp-content\/uploads\/2024\/06\/24_Installacions-biblioteques_32-1-1024x768.jpeg 1024w, https:\/\/blocsenresidencia.bcn.cat\/trinitatnova2024\/wp-content\/uploads\/2024\/06\/24_Installacions-biblioteques_32-1-300x225.jpeg 300w, https:\/\/blocsenresidencia.bcn.cat\/trinitatnova2024\/wp-content\/uploads\/2024\/06\/24_Installacions-biblioteques_32-1-768x576.jpeg 768w, https:\/\/blocsenresidencia.bcn.cat\/trinitatnova2024\/wp-content\/uploads\/2024\/06\/24_Installacions-biblioteques_32-1-1536x1152.jpeg 1536w, https:\/\/blocsenresidencia.bcn.cat\/trinitatnova2024\/wp-content\/uploads\/2024\/06\/24_Installacions-biblioteques_32-1.jpeg 2016w\" sizes=\"auto, (max-width: 767px) 89vw, (max-width: 1000px) 54vw, (max-width: 1071px) 543px, 580px\"><\/figure>\n<\/figure>\n<\/div>\n<\/div>\n<figure class=\"wp-block-gallery has-nested-images columns-default is-cropped wp-block-gallery-2 is-layout-flex wp-block-gallery-is-layout-flex\">\n<figure class=\"wp-block-image size-large\"><img loading=\"lazy\" decoding=\"async\" width=\"1024\" height=\"768\" data-id=\"441\" src=\"https:\/\/blocsenresidencia.bcn.cat\/trinitatnova2024\/wp-content\/uploads\/2024\/06\/24_Installacions-biblioteques_34-1024x768.jpeg\" alt=\"\" class=\"wp-image-441\" srcset=\"https:\/\/blocsenresidencia.bcn.cat\/trinitatnova2024\/wp-content\/uploads\/2024\/06\/24_Installacions-biblioteques_34-1024x768.jpeg 1024w, https:\/\/blocsenresidencia.bcn.cat\/trinitatnova2024\/wp-content\/uploads\/2024\/06\/24_Installacions-biblioteques_34-300x225.jpeg 300w, https:\/\/blocsenresidencia.bcn.cat\/trinitatnova2024\/wp-content\/uploads\/2024\/06\/24_Installacions-biblioteques_34-768x576.jpeg 768w, https:\/\/blocsenresidencia.bcn.cat\/trinitatnova2024\/wp-content\/uploads\/2024\/06\/24_Installacions-biblioteques_34-1536x1152.jpeg 1536w, https:\/\/blocsenresidencia.bcn.cat\/trinitatnova2024\/wp-content\/uploads\/2024\/06\/24_Installacions-biblioteques_34.jpeg 1600w\" sizes=\"auto, (max-width: 767px) 89vw, (max-width: 1000px) 54vw, (max-width: 1071px) 543px, 580px\"><\/figure>\n<\/figure>\n<\/div>\n","protected":false},"excerpt":{"rendered":"<p>Des de Pato Mena EN RESiD\u00c8NCiA a l&#8217;Institut Trinitat Nova La presentaci\u00f3 del projecte \u2018El conte a dins\u2019 s\u2019ha realitzat el dijous 13 de juny a la tarda a l\u2019Espai 3 Ulls de l\u2019Institut Escola Trinitat Nova. El grup d\u2019alumnes, juntament amb en Pato Mena i les professores, presenten i comparteixen el proc\u00e9s de creaci\u00f3. &hellip; <\/p>\n<p class=\"link-more\"><a href=\"https:\/\/blocsenresidencia.bcn.cat\/20232024\/2024\/06\/25\/presentacio-el-conte-a-dins\/\" class=\"more-link\">Continua llegint <span class=\"screen-reader-text\">\u00abPresentaci\u00f3 \u2018El Conte a dins\u2019\u00bb<\/span><\/a><\/p>\n","protected":false},"author":5,"featured_media":0,"comment_status":"closed","ping_status":"closed","sticky":false,"template":"","format":"standard","meta":{"footnotes":""},"categories":[1],"tags":[],"class_list":["post-1139","post","type-post","status-publish","format-standard","hentry","category-general"],"_links":{"self":[{"href":"https:\/\/blocsenresidencia.bcn.cat\/20232024\/wp-json\/wp\/v2\/posts\/1139","targetHints":{"allow":["GET"]}}],"collection":[{"href":"https:\/\/blocsenresidencia.bcn.cat\/20232024\/wp-json\/wp\/v2\/posts"}],"about":[{"href":"https:\/\/blocsenresidencia.bcn.cat\/20232024\/wp-json\/wp\/v2\/types\/post"}],"author":[{"embeddable":true,"href":"https:\/\/blocsenresidencia.bcn.cat\/20232024\/wp-json\/wp\/v2\/users\/5"}],"replies":[{"embeddable":true,"href":"https:\/\/blocsenresidencia.bcn.cat\/20232024\/wp-json\/wp\/v2\/comments?post=1139"}],"version-history":[{"count":0,"href":"https:\/\/blocsenresidencia.bcn.cat\/20232024\/wp-json\/wp\/v2\/posts\/1139\/revisions"}],"wp:attachment":[{"href":"https:\/\/blocsenresidencia.bcn.cat\/20232024\/wp-json\/wp\/v2\/media?parent=1139"}],"wp:term":[{"taxonomy":"category","embeddable":true,"href":"https:\/\/blocsenresidencia.bcn.cat\/20232024\/wp-json\/wp\/v2\/categories?post=1139"},{"taxonomy":"post_tag","embeddable":true,"href":"https:\/\/blocsenresidencia.bcn.cat\/20232024\/wp-json\/wp\/v2\/tags?post=1139"}],"curies":[{"name":"wp","href":"https:\/\/api.w.org\/{rel}","templated":true}]}}