{"id":1140,"date":"2024-06-26T14:08:21","date_gmt":"2024-06-26T12:08:21","guid":{"rendered":"https:\/\/blocsenresidencia.bcn.cat\/20232024\/2024\/06\/26\/presentacio-de-laula-portatil\/"},"modified":"2024-06-26T14:08:21","modified_gmt":"2024-06-26T12:08:21","slug":"presentacio-de-laula-portatil","status":"publish","type":"post","link":"https:\/\/blocsenresidencia.bcn.cat\/20232024\/2024\/06\/26\/presentacio-de-laula-portatil\/","title":{"rendered":"Presentaci\u00f3 de l\u2019Aula port\u00e0til"},"content":{"rendered":"<p>Des de <a href=\"https:\/\/blocsenresidencia.bcn.cat\/noubarris2024\/presentacio-de-laula-portatil-a-la-fabra-i-coats\/\">Biel Llin\u00e0s Teatre EN RESiD\u00c8NCiA a l&#8217;Institut Nou Barris<\/a><\/p>\n<div>\n<p>El projecte s\u2019ha presentat el dimarts 11 de juny a la tarda a la Fabra i Coats, en el marc de la trobada de l\u2019Orxata d\u2019EN RESiD\u00c8NCiA, juntament amb la presentaci\u00f3 del grup de l\u2019Institut Sagrera Sant Andreu acompanyat per la Tatiana Donoso. El grup d\u2019alumnes, juntament amb en Biel Llin\u00e0s i les dues professores, han presentat i compartit el proc\u00e9s de creaci\u00f3. La presentaci\u00f3 es composa de l\u2019aula port\u00e0til estesa a terra, amb les llibretes de les alumnes exposades a sobre, i una projecci\u00f3 en gran de les fotografies del proc\u00e9s, aix\u00ed com una taula amb les publicacions que recullen el material del proc\u00e9s, perqu\u00e8 el p\u00fablic les consulti i en pugui agafar. Entre dues columnes al fons de la sala, s\u2019exposen els fulls d\u2019una de les publicacions sencera, que despr\u00e9s de la presentaci\u00f3 poden consultar els assistents.<\/p>\n<p>A la presentaci\u00f3 han vingut familiars i amics dels alumnes i d\u2019en Biel, aix\u00ed com responsables del programa i persones vinculades amb la cultura, i tamb\u00e9 l\u2019Isidre Ramos de l\u2019associaci\u00f3 de ve\u00efns de La Prosperitat. Ha estat una presentaci\u00f3 molt agradable i profitosa, en la qual hem pogut intercanviar impressions amb l\u2019altre grup d\u2019EN RESiD\u00c8NCiA que presentava el seu projecte, i ha estat especialment interessant poder compartir les reflexions a partir d\u2019un proc\u00e9s tan experiencial com aquest.<\/p>\n<p><img fetchpriority=\"high\" decoding=\"async\" class=\"aligncenter size-large wp-image-532\" src=\"https:\/\/blocsenresidencia.bcn.cat\/noubarris2024\/wp-content\/uploads\/2024\/06\/240611_Presentacio-Final_60-1024x683.jpg\" alt=\"\" width=\"525\" height=\"350\" srcset=\"https:\/\/blocsenresidencia.bcn.cat\/noubarris2024\/wp-content\/uploads\/2024\/06\/240611_Presentacio-Final_60-1024x683.jpg 1024w, https:\/\/blocsenresidencia.bcn.cat\/noubarris2024\/wp-content\/uploads\/2024\/06\/240611_Presentacio-Final_60-300x200.jpg 300w, https:\/\/blocsenresidencia.bcn.cat\/noubarris2024\/wp-content\/uploads\/2024\/06\/240611_Presentacio-Final_60-768x512.jpg 768w, https:\/\/blocsenresidencia.bcn.cat\/noubarris2024\/wp-content\/uploads\/2024\/06\/240611_Presentacio-Final_60-1536x1024.jpg 1536w, https:\/\/blocsenresidencia.bcn.cat\/noubarris2024\/wp-content\/uploads\/2024\/06\/240611_Presentacio-Final_60-2048x1365.jpg 2048w\" sizes=\"(max-width: 525px) 100vw, 525px\"><\/p>\n<p><a href=\"https:\/\/blocsenresidencia.bcn.cat\/noubarris2024\/presentacio-de-laula-portatil-a-la-fabra-i-coats\/240611_presentacio-final_01-3\/\"><img loading=\"lazy\" decoding=\"async\" width=\"525\" height=\"350\" src=\"https:\/\/blocsenresidencia.bcn.cat\/noubarris2024\/wp-content\/uploads\/2024\/06\/240611_Presentacio-Final_01-2-1024x683.jpg\" class=\"attachment-large size-large\" alt=\"\" srcset=\"https:\/\/blocsenresidencia.bcn.cat\/noubarris2024\/wp-content\/uploads\/2024\/06\/240611_Presentacio-Final_01-2-1024x683.jpg 1024w, https:\/\/blocsenresidencia.bcn.cat\/noubarris2024\/wp-content\/uploads\/2024\/06\/240611_Presentacio-Final_01-2-300x200.jpg 300w, https:\/\/blocsenresidencia.bcn.cat\/noubarris2024\/wp-content\/uploads\/2024\/06\/240611_Presentacio-Final_01-2-768x512.jpg 768w, https:\/\/blocsenresidencia.bcn.cat\/noubarris2024\/wp-content\/uploads\/2024\/06\/240611_Presentacio-Final_01-2-1536x1024.jpg 1536w, https:\/\/blocsenresidencia.bcn.cat\/noubarris2024\/wp-content\/uploads\/2024\/06\/240611_Presentacio-Final_01-2-2048x1365.jpg 2048w\" sizes=\"auto, 100vw\"><\/a><br \/>\n<a href=\"https:\/\/blocsenresidencia.bcn.cat\/noubarris2024\/presentacio-de-laula-portatil-a-la-fabra-i-coats\/240611_presentacio-final_92-2\/\"><img loading=\"lazy\" decoding=\"async\" width=\"525\" height=\"350\" src=\"https:\/\/blocsenresidencia.bcn.cat\/noubarris2024\/wp-content\/uploads\/2024\/06\/240611_Presentacio-Final_92-1-1024x683.jpg\" class=\"attachment-large size-large\" alt=\"\" srcset=\"https:\/\/blocsenresidencia.bcn.cat\/noubarris2024\/wp-content\/uploads\/2024\/06\/240611_Presentacio-Final_92-1-1024x683.jpg 1024w, https:\/\/blocsenresidencia.bcn.cat\/noubarris2024\/wp-content\/uploads\/2024\/06\/240611_Presentacio-Final_92-1-300x200.jpg 300w, https:\/\/blocsenresidencia.bcn.cat\/noubarris2024\/wp-content\/uploads\/2024\/06\/240611_Presentacio-Final_92-1-768x512.jpg 768w, https:\/\/blocsenresidencia.bcn.cat\/noubarris2024\/wp-content\/uploads\/2024\/06\/240611_Presentacio-Final_92-1-1536x1024.jpg 1536w, https:\/\/blocsenresidencia.bcn.cat\/noubarris2024\/wp-content\/uploads\/2024\/06\/240611_Presentacio-Final_92-1-2048x1365.jpg 2048w\" sizes=\"auto, 100vw\"><\/a><br \/>\n<a href=\"https:\/\/blocsenresidencia.bcn.cat\/noubarris2024\/presentacio-de-laula-portatil-a-la-fabra-i-coats\/240611_presentacio-final_77\/\"><img loading=\"lazy\" decoding=\"async\" width=\"525\" height=\"350\" src=\"https:\/\/blocsenresidencia.bcn.cat\/noubarris2024\/wp-content\/uploads\/2024\/06\/240611_Presentacio-Final_77-1024x683.jpg\" class=\"attachment-large size-large\" alt=\"\" srcset=\"https:\/\/blocsenresidencia.bcn.cat\/noubarris2024\/wp-content\/uploads\/2024\/06\/240611_Presentacio-Final_77-1024x683.jpg 1024w, https:\/\/blocsenresidencia.bcn.cat\/noubarris2024\/wp-content\/uploads\/2024\/06\/240611_Presentacio-Final_77-300x200.jpg 300w, https:\/\/blocsenresidencia.bcn.cat\/noubarris2024\/wp-content\/uploads\/2024\/06\/240611_Presentacio-Final_77-768x512.jpg 768w, https:\/\/blocsenresidencia.bcn.cat\/noubarris2024\/wp-content\/uploads\/2024\/06\/240611_Presentacio-Final_77-1536x1024.jpg 1536w, https:\/\/blocsenresidencia.bcn.cat\/noubarris2024\/wp-content\/uploads\/2024\/06\/240611_Presentacio-Final_77-2048x1365.jpg 2048w\" sizes=\"auto, 100vw\"><\/a><br \/>\n<a href=\"https:\/\/blocsenresidencia.bcn.cat\/noubarris2024\/presentacio-de-laula-portatil-a-la-fabra-i-coats\/240611_presentacio-final_68\/\"><img loading=\"lazy\" decoding=\"async\" width=\"525\" height=\"350\" src=\"https:\/\/blocsenresidencia.bcn.cat\/noubarris2024\/wp-content\/uploads\/2024\/06\/240611_Presentacio-Final_68-1024x683.jpg\" class=\"attachment-large size-large\" alt=\"\" srcset=\"https:\/\/blocsenresidencia.bcn.cat\/noubarris2024\/wp-content\/uploads\/2024\/06\/240611_Presentacio-Final_68-1024x683.jpg 1024w, https:\/\/blocsenresidencia.bcn.cat\/noubarris2024\/wp-content\/uploads\/2024\/06\/240611_Presentacio-Final_68-300x200.jpg 300w, https:\/\/blocsenresidencia.bcn.cat\/noubarris2024\/wp-content\/uploads\/2024\/06\/240611_Presentacio-Final_68-768x512.jpg 768w, https:\/\/blocsenresidencia.bcn.cat\/noubarris2024\/wp-content\/uploads\/2024\/06\/240611_Presentacio-Final_68-1536x1024.jpg 1536w, https:\/\/blocsenresidencia.bcn.cat\/noubarris2024\/wp-content\/uploads\/2024\/06\/240611_Presentacio-Final_68-2048x1365.jpg 2048w\" sizes=\"auto, 100vw\"><\/a><br \/>\n<a href=\"https:\/\/blocsenresidencia.bcn.cat\/noubarris2024\/presentacio-de-laula-portatil-a-la-fabra-i-coats\/240611_presentacio-final_60-2\/\"><img loading=\"lazy\" decoding=\"async\" width=\"525\" height=\"350\" src=\"https:\/\/blocsenresidencia.bcn.cat\/noubarris2024\/wp-content\/uploads\/2024\/06\/240611_Presentacio-Final_60-1-1024x683.jpg\" class=\"attachment-large size-large\" alt=\"\" srcset=\"https:\/\/blocsenresidencia.bcn.cat\/noubarris2024\/wp-content\/uploads\/2024\/06\/240611_Presentacio-Final_60-1-1024x683.jpg 1024w, https:\/\/blocsenresidencia.bcn.cat\/noubarris2024\/wp-content\/uploads\/2024\/06\/240611_Presentacio-Final_60-1-300x200.jpg 300w, https:\/\/blocsenresidencia.bcn.cat\/noubarris2024\/wp-content\/uploads\/2024\/06\/240611_Presentacio-Final_60-1-768x512.jpg 768w, https:\/\/blocsenresidencia.bcn.cat\/noubarris2024\/wp-content\/uploads\/2024\/06\/240611_Presentacio-Final_60-1-1536x1024.jpg 1536w, https:\/\/blocsenresidencia.bcn.cat\/noubarris2024\/wp-content\/uploads\/2024\/06\/240611_Presentacio-Final_60-1-2048x1365.jpg 2048w\" sizes=\"auto, 100vw\"><\/a><br \/>\n<a href=\"https:\/\/blocsenresidencia.bcn.cat\/noubarris2024\/presentacio-de-laula-portatil-a-la-fabra-i-coats\/240611_presentacio-final_26-3\/\"><img loading=\"lazy\" decoding=\"async\" width=\"525\" height=\"350\" src=\"https:\/\/blocsenresidencia.bcn.cat\/noubarris2024\/wp-content\/uploads\/2024\/06\/240611_Presentacio-Final_26-2-1024x683.jpg\" class=\"attachment-large size-large\" alt=\"\" srcset=\"https:\/\/blocsenresidencia.bcn.cat\/noubarris2024\/wp-content\/uploads\/2024\/06\/240611_Presentacio-Final_26-2-1024x683.jpg 1024w, https:\/\/blocsenresidencia.bcn.cat\/noubarris2024\/wp-content\/uploads\/2024\/06\/240611_Presentacio-Final_26-2-300x200.jpg 300w, https:\/\/blocsenresidencia.bcn.cat\/noubarris2024\/wp-content\/uploads\/2024\/06\/240611_Presentacio-Final_26-2-768x512.jpg 768w, https:\/\/blocsenresidencia.bcn.cat\/noubarris2024\/wp-content\/uploads\/2024\/06\/240611_Presentacio-Final_26-2-1536x1024.jpg 1536w, https:\/\/blocsenresidencia.bcn.cat\/noubarris2024\/wp-content\/uploads\/2024\/06\/240611_Presentacio-Final_26-2-2048x1365.jpg 2048w\" sizes=\"auto, 100vw\"><\/a><\/p>\n<p>\u00a0<\/p>\n<\/div>\n","protected":false},"excerpt":{"rendered":"<p>Des de Biel Llin\u00e0s Teatre EN RESiD\u00c8NCiA a l&#8217;Institut Nou Barris El projecte s\u2019ha presentat el dimarts 11 de juny a la tarda a la Fabra i Coats, en el marc de la trobada de l\u2019Orxata d\u2019EN RESiD\u00c8NCiA, juntament amb la presentaci\u00f3 del grup de l\u2019Institut Sagrera Sant Andreu acompanyat per la Tatiana Donoso. El &hellip; <\/p>\n<p class=\"link-more\"><a href=\"https:\/\/blocsenresidencia.bcn.cat\/20232024\/2024\/06\/26\/presentacio-de-laula-portatil\/\" class=\"more-link\">Continua llegint <span class=\"screen-reader-text\">\u00abPresentaci\u00f3 de l\u2019Aula port\u00e0til\u00bb<\/span><\/a><\/p>\n","protected":false},"author":5,"featured_media":0,"comment_status":"closed","ping_status":"closed","sticky":false,"template":"","format":"standard","meta":{"footnotes":""},"categories":[1],"tags":[],"class_list":["post-1140","post","type-post","status-publish","format-standard","hentry","category-general"],"_links":{"self":[{"href":"https:\/\/blocsenresidencia.bcn.cat\/20232024\/wp-json\/wp\/v2\/posts\/1140","targetHints":{"allow":["GET"]}}],"collection":[{"href":"https:\/\/blocsenresidencia.bcn.cat\/20232024\/wp-json\/wp\/v2\/posts"}],"about":[{"href":"https:\/\/blocsenresidencia.bcn.cat\/20232024\/wp-json\/wp\/v2\/types\/post"}],"author":[{"embeddable":true,"href":"https:\/\/blocsenresidencia.bcn.cat\/20232024\/wp-json\/wp\/v2\/users\/5"}],"replies":[{"embeddable":true,"href":"https:\/\/blocsenresidencia.bcn.cat\/20232024\/wp-json\/wp\/v2\/comments?post=1140"}],"version-history":[{"count":0,"href":"https:\/\/blocsenresidencia.bcn.cat\/20232024\/wp-json\/wp\/v2\/posts\/1140\/revisions"}],"wp:attachment":[{"href":"https:\/\/blocsenresidencia.bcn.cat\/20232024\/wp-json\/wp\/v2\/media?parent=1140"}],"wp:term":[{"taxonomy":"category","embeddable":true,"href":"https:\/\/blocsenresidencia.bcn.cat\/20232024\/wp-json\/wp\/v2\/categories?post=1140"},{"taxonomy":"post_tag","embeddable":true,"href":"https:\/\/blocsenresidencia.bcn.cat\/20232024\/wp-json\/wp\/v2\/tags?post=1140"}],"curies":[{"name":"wp","href":"https:\/\/api.w.org\/{rel}","templated":true}]}}