{"id":833,"date":"2023-10-24T13:27:15","date_gmt":"2023-10-24T11:27:15","guid":{"rendered":"https:\/\/blocsenresidencia.bcn.cat\/20232024\/2023\/10\/24\/el-dia-19-octubre-varem-comencar-la-residencia-a-linstitut-amb-ala-mediacion-i-treball-de-2-sessions-de-transductores-amb-un-grup-de-3r-eso-dimarts-mati-1015-a-1215-aprox-i-el\/"},"modified":"2023-10-24T13:27:15","modified_gmt":"2023-10-24T11:27:15","slug":"el-dia-19-octubre-varem-comencar-la-residencia-a-linstitut-amb-ala-mediacion-i-treball-de-2-sessions-de-transductores-amb-un-grup-de-3r-eso-dimarts-mati-1015-a-1215-aprox-i-el","status":"publish","type":"post","link":"https:\/\/blocsenresidencia.bcn.cat\/20232024\/2023\/10\/24\/el-dia-19-octubre-varem-comencar-la-residencia-a-linstitut-amb-ala-mediacion-i-treball-de-2-sessions-de-transductores-amb-un-grup-de-3r-eso-dimarts-mati-1015-a-1215-aprox-i-el\/","title":{"rendered":"El dia 19 octubre v\u00e0rem comen\u00e7ar la Resid\u00e8ncia a l\u2019Institut, amb ala mediaci\u00f3n i treball de 2 sessions de Transductores amb  un grup de \u00a03r ESO dimarts mat\u00ed 10:15\u00a0 a 12,15 aprox i el seu referent,  l\u2019Elies."},"content":{"rendered":"<p>Des de <a href=\"https:\/\/blocsenresidencia.bcn.cat\/montjuic2024\/el-dia-19-octubre-varem-comencar-la-residencia-a-linstitut-amb-ala-mediacion-i-treball-de-2-sessions-de-transductores-amb-un-grup-de-3r-eso-dimarts-mati-1015-a-1215-aprox-i-el-seu-re\/\">Carla Rovira EN RESiD\u00c8NCiA a l&#8217;Institut Montju\u00efc<\/a><\/p>\n<div>\n<p>El primer dia, 19 setembre, v\u00e0rem veure algunes peces de l\u2019Artista, Carla Rovira, i d\u2019altres col\u00b7lectius per poder parlar de formes diverses de les arts vives i de formats i tem\u00e0tiques possibles: teatre en moviment, arts del carrer, teatre f\u00f2rum, dansa i performance, etc. V\u00e0rem terminar la sessi\u00f3 amb un petit exercici de din\u00e0miques de teatre per veure si el grup es coordinava des de la veu i la paraula.<\/p>\n<p>El dia 26 varem diversos exercicis de grup, i la segona part la v\u00e0rem dedicar a generar una minihist\u00f2ria, escena de l\u2019experi\u00e8ncia de migraci\u00f3 pe grups de treball: varen sortir hist\u00f2ries d\u2019avis, de migracions des de Llatinoameric\u00e0, i fins i tot hist\u00f2ries des de R\u00fassia.<\/p>\n<p>El tercer dia el grup va compartir hist\u00f2ries d\u2019esdeveniments, accidents i marques, ja acompanyats amb la Carla. Despr\u00e9s varen fer un exercici de trobar ferides i marques a l\u2019edifici de l\u2019institut i inventar-se una possible hist\u00f2ria o escena. Ben aviat, us explicarem m\u00e9s coses d\u2019aquestes activitats i altres<\/p>\n<p>Compartim amb vosaltres algunes fotos:<\/p>\n<figure class=\"wp-block-gallery has-nested-images columns-default is-cropped wp-block-gallery-1 is-layout-flex wp-block-gallery-is-layout-flex\">\n<figure class=\"wp-block-image size-large\"><img decoding=\"async\" fetchpriority=\"high\" width=\"1024\" height=\"684\" data-id=\"302\" src=\"https:\/\/blocsenresidencia.bcn.cat\/montjuic2024\/wp-content\/uploads\/2023\/10\/en-residencia-blog-2-1024x684.jpg\" alt=\"\" class=\"wp-image-302\" srcset=\"https:\/\/blocsenresidencia.bcn.cat\/montjuic2024\/wp-content\/uploads\/2023\/10\/en-residencia-blog-2-1024x684.jpg 1024w, https:\/\/blocsenresidencia.bcn.cat\/montjuic2024\/wp-content\/uploads\/2023\/10\/en-residencia-blog-2-300x200.jpg 300w, https:\/\/blocsenresidencia.bcn.cat\/montjuic2024\/wp-content\/uploads\/2023\/10\/en-residencia-blog-2-768x513.jpg 768w, https:\/\/blocsenresidencia.bcn.cat\/montjuic2024\/wp-content\/uploads\/2023\/10\/en-residencia-blog-2-1536x1027.jpg 1536w, https:\/\/blocsenresidencia.bcn.cat\/montjuic2024\/wp-content\/uploads\/2023\/10\/en-residencia-blog-2.jpg 1616w\" sizes=\"(max-width: 767px) 89vw, (max-width: 1000px) 54vw, (max-width: 1071px) 543px, 580px\"><\/figure>\n<figure class=\"wp-block-image size-large\"><img loading=\"lazy\" decoding=\"async\" width=\"1024\" height=\"684\" data-id=\"303\" src=\"https:\/\/blocsenresidencia.bcn.cat\/montjuic2024\/wp-content\/uploads\/2023\/10\/en-resindencia-blog-1024x684.jpg\" alt=\"\" class=\"wp-image-303\" srcset=\"https:\/\/blocsenresidencia.bcn.cat\/montjuic2024\/wp-content\/uploads\/2023\/10\/en-resindencia-blog-1024x684.jpg 1024w, https:\/\/blocsenresidencia.bcn.cat\/montjuic2024\/wp-content\/uploads\/2023\/10\/en-resindencia-blog-300x200.jpg 300w, https:\/\/blocsenresidencia.bcn.cat\/montjuic2024\/wp-content\/uploads\/2023\/10\/en-resindencia-blog-768x513.jpg 768w, https:\/\/blocsenresidencia.bcn.cat\/montjuic2024\/wp-content\/uploads\/2023\/10\/en-resindencia-blog-1536x1027.jpg 1536w, https:\/\/blocsenresidencia.bcn.cat\/montjuic2024\/wp-content\/uploads\/2023\/10\/en-resindencia-blog.jpg 1616w\" sizes=\"auto, (max-width: 767px) 89vw, (max-width: 1000px) 54vw, (max-width: 1071px) 543px, 580px\"><\/figure>\n<\/figure>\n<figure class=\"wp-block-gallery has-nested-images columns-default is-cropped wp-block-gallery-3 is-layout-flex wp-block-gallery-is-layout-flex\">\n<figure class=\"wp-block-image size-large\"><img loading=\"lazy\" decoding=\"async\" width=\"1024\" height=\"684\" data-id=\"304\" src=\"https:\/\/blocsenresidencia.bcn.cat\/montjuic2024\/wp-content\/uploads\/2023\/10\/en-res-blog-3-1024x684.jpg\" alt=\"\" class=\"wp-image-304\" srcset=\"https:\/\/blocsenresidencia.bcn.cat\/montjuic2024\/wp-content\/uploads\/2023\/10\/en-res-blog-3-1024x684.jpg 1024w, https:\/\/blocsenresidencia.bcn.cat\/montjuic2024\/wp-content\/uploads\/2023\/10\/en-res-blog-3-300x200.jpg 300w, https:\/\/blocsenresidencia.bcn.cat\/montjuic2024\/wp-content\/uploads\/2023\/10\/en-res-blog-3-768x513.jpg 768w, https:\/\/blocsenresidencia.bcn.cat\/montjuic2024\/wp-content\/uploads\/2023\/10\/en-res-blog-3-1536x1027.jpg 1536w, https:\/\/blocsenresidencia.bcn.cat\/montjuic2024\/wp-content\/uploads\/2023\/10\/en-res-blog-3.jpg 1616w\" sizes=\"auto, (max-width: 767px) 89vw, (max-width: 1000px) 54vw, (max-width: 1071px) 543px, 580px\"><\/figure>\n<\/figure>\n<\/p>\n<\/p>\n<p>El <\/p>\n<\/div>\n","protected":false},"excerpt":{"rendered":"<p>Des de Carla Rovira EN RESiD\u00c8NCiA a l&#8217;Institut Montju\u00efc El primer dia, 19 setembre, v\u00e0rem veure algunes peces de l\u2019Artista, Carla Rovira, i d\u2019altres col\u00b7lectius per poder parlar de formes diverses de les arts vives i de formats i tem\u00e0tiques possibles: teatre en moviment, arts del carrer, teatre f\u00f2rum, dansa i performance, etc. V\u00e0rem terminar &hellip; <\/p>\n<p class=\"link-more\"><a href=\"https:\/\/blocsenresidencia.bcn.cat\/20232024\/2023\/10\/24\/el-dia-19-octubre-varem-comencar-la-residencia-a-linstitut-amb-ala-mediacion-i-treball-de-2-sessions-de-transductores-amb-un-grup-de-3r-eso-dimarts-mati-1015-a-1215-aprox-i-el\/\" class=\"more-link\">Continua llegint <span class=\"screen-reader-text\">\u00abEl dia 19 octubre v\u00e0rem comen\u00e7ar la Resid\u00e8ncia a l\u2019Institut, amb ala mediaci\u00f3n i treball de 2 sessions de Transductores amb  un grup de \u00a03r ESO dimarts mat\u00ed 10:15\u00a0 a 12,15 aprox i el seu referent,  l\u2019Elies.\u00bb<\/span><\/a><\/p>\n","protected":false},"author":5,"featured_media":0,"comment_status":"closed","ping_status":"closed","sticky":false,"template":"","format":"standard","meta":{"footnotes":""},"categories":[1],"tags":[],"class_list":["post-833","post","type-post","status-publish","format-standard","hentry","category-general"],"_links":{"self":[{"href":"https:\/\/blocsenresidencia.bcn.cat\/20232024\/wp-json\/wp\/v2\/posts\/833","targetHints":{"allow":["GET"]}}],"collection":[{"href":"https:\/\/blocsenresidencia.bcn.cat\/20232024\/wp-json\/wp\/v2\/posts"}],"about":[{"href":"https:\/\/blocsenresidencia.bcn.cat\/20232024\/wp-json\/wp\/v2\/types\/post"}],"author":[{"embeddable":true,"href":"https:\/\/blocsenresidencia.bcn.cat\/20232024\/wp-json\/wp\/v2\/users\/5"}],"replies":[{"embeddable":true,"href":"https:\/\/blocsenresidencia.bcn.cat\/20232024\/wp-json\/wp\/v2\/comments?post=833"}],"version-history":[{"count":0,"href":"https:\/\/blocsenresidencia.bcn.cat\/20232024\/wp-json\/wp\/v2\/posts\/833\/revisions"}],"wp:attachment":[{"href":"https:\/\/blocsenresidencia.bcn.cat\/20232024\/wp-json\/wp\/v2\/media?parent=833"}],"wp:term":[{"taxonomy":"category","embeddable":true,"href":"https:\/\/blocsenresidencia.bcn.cat\/20232024\/wp-json\/wp\/v2\/categories?post=833"},{"taxonomy":"post_tag","embeddable":true,"href":"https:\/\/blocsenresidencia.bcn.cat\/20232024\/wp-json\/wp\/v2\/tags?post=833"}],"curies":[{"name":"wp","href":"https:\/\/api.w.org\/{rel}","templated":true}]}}