{"id":835,"date":"2023-10-30T07:51:06","date_gmt":"2023-10-30T05:51:06","guid":{"rendered":"https:\/\/blocsenresidencia.bcn.cat\/20232024\/2023\/10\/30\/presentacio-i-proposta-a-distancia\/"},"modified":"2023-10-30T07:51:06","modified_gmt":"2023-10-30T05:51:06","slug":"presentacio-i-proposta-a-distancia","status":"publish","type":"post","link":"https:\/\/blocsenresidencia.bcn.cat\/20232024\/2023\/10\/30\/presentacio-i-proposta-a-distancia\/","title":{"rendered":"Presentaci\u00f3 i proposta a dist\u00e0ncia"},"content":{"rendered":"<p>Des de <a href=\"https:\/\/blocsenresidencia.bcn.cat\/moli2024\/presentacio-i-proposta-a-distancia\/\">Mariona Ca\u00f1adas i Pedro Mur\u00faa EN RESiD\u00c8NCiA a l&#8217;Institut Escola El Mol\u00ed<\/a><\/p>\n<div>\n<div class=\"wp-block-image\">\n<figure class=\"alignleft size-large is-resized\"><img decoding=\"async\" loading=\"lazy\" width=\"662\" height=\"1024\" src=\"https:\/\/blocsenresidencia.bcn.cat\/moli2024\/wp-content\/uploads\/2023\/10\/Captura-de-Pantalla-2023-10-29-a-las-15.18.25-662x1024.png\" alt=\"\" class=\"wp-image-318\" style=\"aspect-ratio:0.646484375;width:229px;height:auto\" srcset=\"https:\/\/blocsenresidencia.bcn.cat\/moli2024\/wp-content\/uploads\/2023\/10\/Captura-de-Pantalla-2023-10-29-a-las-15.18.25-662x1024.png 662w, https:\/\/blocsenresidencia.bcn.cat\/moli2024\/wp-content\/uploads\/2023\/10\/Captura-de-Pantalla-2023-10-29-a-las-15.18.25-194x300.png 194w, https:\/\/blocsenresidencia.bcn.cat\/moli2024\/wp-content\/uploads\/2023\/10\/Captura-de-Pantalla-2023-10-29-a-las-15.18.25-768x1187.png 768w, https:\/\/blocsenresidencia.bcn.cat\/moli2024\/wp-content\/uploads\/2023\/10\/Captura-de-Pantalla-2023-10-29-a-las-15.18.25.png 952w\" sizes=\"auto, (max-width: 662px) 100vw, 662px\"><\/figure>\n<\/div>\n<p>Durant el mes de setembre la Mariona i Pedro Mur\u00faa estan treballant en un projecte art\u00edstic a les ru\u00efnes de S\u00edbari, a Cal\u00e0bria, It\u00e0lia. Per tal de con\u00e8ixer-nos millor abans que tornin a Barcelona, ens han enviat dos v\u00eddeos. Aix\u00ed ens han explicat algunes coses sobre ells i la seva manera d\u2019entendre l\u2019art, sobre el que estan fent i el que els interessa.<\/p>\n<p><strong>\u201cEl que ens agrada el llenguatge art\u00edstic \u00e9s que ens ajuda a veure el m\u00f3n des d\u2019una altra perspectiva. (\u2026) A trav\u00e9s de l\u2019art nosaltres ens relacionem amb el m\u00f3n.\u201d  <\/strong>_Mariona<\/p>\n<p><strong>\u201cNosaltres treballem molt amb el t\u00e8xtil i l\u2019escultura i aquest any farem un projecte art\u00edstic conjuntament amb vosaltres.\u201d <\/strong>_Pedro<\/p>\n<p><strong>Proposta a dist\u00e0ncia<\/strong><\/p>\n<p>A banda de presentar-se i parlar-nos del seu treball art\u00edstic, la Mariona i el Pedro ens han proposat que fem una acci\u00f3 art\u00edstica. Per a explicar-nos-la ells mateixos l\u2019han realitzat la a S\u00edbari i ens n\u2019han enviat aquestes imatges.  Es tracta d\u2019una <strong>Acci\u00f3 Fora de lloc<\/strong>.<\/p>\n<figure class=\"wp-block-gallery has-nested-images columns-default is-cropped wp-block-gallery-40 is-layout-flex wp-block-gallery-is-layout-flex\">\n<figure class=\"wp-block-image size-large\"><img decoding=\"async\" loading=\"lazy\" width=\"768\" height=\"1024\" data-id=\"313\" src=\"https:\/\/blocsenresidencia.bcn.cat\/moli2024\/wp-content\/uploads\/2023\/10\/Espai-fotografiat-768x1024.jpg\" alt=\"\" class=\"wp-image-313\" srcset=\"https:\/\/blocsenresidencia.bcn.cat\/moli2024\/wp-content\/uploads\/2023\/10\/Espai-fotografiat-768x1024.jpg 768w, https:\/\/blocsenresidencia.bcn.cat\/moli2024\/wp-content\/uploads\/2023\/10\/Espai-fotografiat-225x300.jpg 225w, https:\/\/blocsenresidencia.bcn.cat\/moli2024\/wp-content\/uploads\/2023\/10\/Espai-fotografiat-1152x1536.jpg 1152w, https:\/\/blocsenresidencia.bcn.cat\/moli2024\/wp-content\/uploads\/2023\/10\/Espai-fotografiat-1536x2048.jpg 1536w, https:\/\/blocsenresidencia.bcn.cat\/moli2024\/wp-content\/uploads\/2023\/10\/Espai-fotografiat-scaled.jpg 1920w\" sizes=\"auto, (max-width: 767px) 89vw, (max-width: 1000px) 54vw, (max-width: 1071px) 543px, 580px\"><\/figure>\n<figure class=\"wp-block-image size-large\"><img decoding=\"async\" loading=\"lazy\" width=\"768\" height=\"1024\" data-id=\"314\" src=\"https:\/\/blocsenresidencia.bcn.cat\/moli2024\/wp-content\/uploads\/2023\/10\/Accio-fora-de-lloc-Pedro-768x1024.jpg\" alt=\"\" class=\"wp-image-314\" srcset=\"https:\/\/blocsenresidencia.bcn.cat\/moli2024\/wp-content\/uploads\/2023\/10\/Accio-fora-de-lloc-Pedro-768x1024.jpg 768w, https:\/\/blocsenresidencia.bcn.cat\/moli2024\/wp-content\/uploads\/2023\/10\/Accio-fora-de-lloc-Pedro-225x300.jpg 225w, https:\/\/blocsenresidencia.bcn.cat\/moli2024\/wp-content\/uploads\/2023\/10\/Accio-fora-de-lloc-Pedro-1152x1536.jpg 1152w, https:\/\/blocsenresidencia.bcn.cat\/moli2024\/wp-content\/uploads\/2023\/10\/Accio-fora-de-lloc-Pedro-1536x2048.jpg 1536w, https:\/\/blocsenresidencia.bcn.cat\/moli2024\/wp-content\/uploads\/2023\/10\/Accio-fora-de-lloc-Pedro-scaled.jpg 1920w\" sizes=\"auto, (max-width: 767px) 89vw, (max-width: 1000px) 54vw, (max-width: 1071px) 543px, 580px\"><\/figure>\n<figure class=\"wp-block-image size-large\"><img decoding=\"async\" loading=\"lazy\" width=\"768\" height=\"1024\" data-id=\"315\" src=\"https:\/\/blocsenresidencia.bcn.cat\/moli2024\/wp-content\/uploads\/2023\/10\/Accio-fora-de-lloc-Mariona-768x1024.jpg\" alt=\"\" class=\"wp-image-315\" srcset=\"https:\/\/blocsenresidencia.bcn.cat\/moli2024\/wp-content\/uploads\/2023\/10\/Accio-fora-de-lloc-Mariona-768x1024.jpg 768w, https:\/\/blocsenresidencia.bcn.cat\/moli2024\/wp-content\/uploads\/2023\/10\/Accio-fora-de-lloc-Mariona-225x300.jpg 225w, https:\/\/blocsenresidencia.bcn.cat\/moli2024\/wp-content\/uploads\/2023\/10\/Accio-fora-de-lloc-Mariona-1152x1536.jpg 1152w, https:\/\/blocsenresidencia.bcn.cat\/moli2024\/wp-content\/uploads\/2023\/10\/Accio-fora-de-lloc-Mariona-1536x2048.jpg 1536w, https:\/\/blocsenresidencia.bcn.cat\/moli2024\/wp-content\/uploads\/2023\/10\/Accio-fora-de-lloc-Mariona-scaled.jpg 1920w\" sizes=\"auto, (max-width: 767px) 89vw, (max-width: 1000px) 54vw, (max-width: 1071px) 543px, 580px\"><\/figure>\n<\/figure>\n<p>Ara ens toca a nosaltres buscar un espai del nostre l\u2019Institut i fer-hi una acci\u00f3 Fora de lloc!<\/p>\n<\/p>\n<\/p>\n<\/div>\n","protected":false},"excerpt":{"rendered":"<p>Des de Mariona Ca\u00f1adas i Pedro Mur\u00faa EN RESiD\u00c8NCiA a l&#8217;Institut Escola El Mol\u00ed Durant el mes de setembre la Mariona i Pedro Mur\u00faa estan treballant en un projecte art\u00edstic a les ru\u00efnes de S\u00edbari, a Cal\u00e0bria, It\u00e0lia. Per tal de con\u00e8ixer-nos millor abans que tornin a Barcelona, ens han enviat dos v\u00eddeos. Aix\u00ed ens &hellip; <\/p>\n<p class=\"link-more\"><a href=\"https:\/\/blocsenresidencia.bcn.cat\/20232024\/2023\/10\/30\/presentacio-i-proposta-a-distancia\/\" class=\"more-link\">Continua llegint <span class=\"screen-reader-text\">\u00abPresentaci\u00f3 i proposta a dist\u00e0ncia\u00bb<\/span><\/a><\/p>\n","protected":false},"author":5,"featured_media":0,"comment_status":"closed","ping_status":"closed","sticky":false,"template":"","format":"standard","meta":{"footnotes":""},"categories":[1],"tags":[],"class_list":["post-835","post","type-post","status-publish","format-standard","hentry","category-general"],"_links":{"self":[{"href":"https:\/\/blocsenresidencia.bcn.cat\/20232024\/wp-json\/wp\/v2\/posts\/835","targetHints":{"allow":["GET"]}}],"collection":[{"href":"https:\/\/blocsenresidencia.bcn.cat\/20232024\/wp-json\/wp\/v2\/posts"}],"about":[{"href":"https:\/\/blocsenresidencia.bcn.cat\/20232024\/wp-json\/wp\/v2\/types\/post"}],"author":[{"embeddable":true,"href":"https:\/\/blocsenresidencia.bcn.cat\/20232024\/wp-json\/wp\/v2\/users\/5"}],"replies":[{"embeddable":true,"href":"https:\/\/blocsenresidencia.bcn.cat\/20232024\/wp-json\/wp\/v2\/comments?post=835"}],"version-history":[{"count":0,"href":"https:\/\/blocsenresidencia.bcn.cat\/20232024\/wp-json\/wp\/v2\/posts\/835\/revisions"}],"wp:attachment":[{"href":"https:\/\/blocsenresidencia.bcn.cat\/20232024\/wp-json\/wp\/v2\/media?parent=835"}],"wp:term":[{"taxonomy":"category","embeddable":true,"href":"https:\/\/blocsenresidencia.bcn.cat\/20232024\/wp-json\/wp\/v2\/categories?post=835"},{"taxonomy":"post_tag","embeddable":true,"href":"https:\/\/blocsenresidencia.bcn.cat\/20232024\/wp-json\/wp\/v2\/tags?post=835"}],"curies":[{"name":"wp","href":"https:\/\/api.w.org\/{rel}","templated":true}]}}