{"id":871,"date":"2023-11-27T09:45:57","date_gmt":"2023-11-27T07:45:57","guid":{"rendered":"https:\/\/blocsenresidencia.bcn.cat\/20232024\/2023\/11\/27\/creacio-de-personatge-els-nostres-pares\/"},"modified":"2023-11-27T09:45:57","modified_gmt":"2023-11-27T07:45:57","slug":"creacio-de-personatge-els-nostres-pares","status":"publish","type":"post","link":"https:\/\/blocsenresidencia.bcn.cat\/20232024\/2023\/11\/27\/creacio-de-personatge-els-nostres-pares\/","title":{"rendered":"Creaci\u00f3 de personatge: Els nostres pares"},"content":{"rendered":"<p>Des de <a href=\"https:\/\/blocsenresidencia.bcn.cat\/eixample2024\/creacio-de-personatge-els-nostres-pares\/\">Juana Dolores EN RESiD\u00c8NCiA a l&#8217;Institut Escola Eixample<\/a><\/p>\n<div>\n<p>A la darrera sessi\u00f3 vem fer una activitat molt xula.<\/p>\n<p>Primer vam comen\u00e7ar amb acabar de preparar la nostre presentaci\u00f3 sobre EL NOSTRE PARE, despr\u00e9s vem baixar al sal\u00f3 d\u2019actes i vam fer escalfaments, cap a les 10 vem comen\u00e7a a fer les presentacions ens va costar bastant i era com que no hav\u00edem definit\u00a0 entes lo que teniem que fer, com que no ho tenim clar per\u00f2 no va ser fins l\u2019\u00faltima persona que ho va fer que ho va interpretar molt b\u00e9.<\/p>\n<p>Aquesta sessi\u00f3 ha sigut molt divertida.<\/p>\n<p>(Enzo)<\/p>\n<p>La sessi\u00f3 7 va ser la continuaci\u00f3 de la darrera perqu\u00e8 despr\u00e9s de pensar, observar com actuaven els nostres pares. La primera hora de classe vam estar repassant i corregint una mica com actuaven els nostres pares i gestos, caracter\u00edstics d\u2019ells, els professors ens ajudaven i donaven exemples sobre com poder fer-ho com la marta que ens deia una mica coses que li passava amb el seu fill. Despr\u00e9s vam baixar a la sala d\u2019actes per comen\u00e7ar amb les actuacions, pujaven a escena i ens hav\u00edem de presentar i dir com pens\u00e0vem que ens port\u00e0vem amb ells (interpretant el nostre pare), m\u00e9s tard els professors seguien fent una s\u00e8rie de preguntes com si fos una reuni\u00f3 de pares i hav\u00edem de jugar un pare enfadat. Cada actuaci\u00f3 va ser millor que l\u2019anterior gr\u00e0cies a totes les correccions dels professors\u2026Per\u00f2 no va poder sortir tothom, ja que no hi havia temps. Jo que no vaig poder sortir al principi no sabia molt com anava a imitar el meu pare, ja tenia una idea, per\u00f2 no estava segur del tot i em vaig posar una mica nervi\u00f3s. Potser van ser massa actuacions, per\u00f2 cap al final ja comen\u00e7ava a cansar-me una mica.<\/p>\n<p>(Paolo)<\/p>\n<\/p>\n<p>En ese dia teniamos que venir vestido como el padre o madre que hayas elegido de tus padres e interpretarlos.<\/p>\n<p>Yo ya ten\u00eda mentalizado que era m\u00e1s como copiarle o interpretar como si fuera mi padre pero luego en escenario nos hicieron hacernos pasar por nuestros padres conversando con el tutor y pues no me lo esperaba asi entonces ya no lo ten\u00eda planeado, lleg\u00f3 mi turno y pues no sabia que decir y solo me presente y luego la Joana la vi molesta y dijo que ya estaba prohibido dejar de hablar hasta que ellos lo digan y ah\u00ed me puse mas perdido, luego explico que tenia que interpretar haciendo que en vez que me preguntaran a m\u00ed, tendr\u00eda que hacer como si tuviese un problema y entonces empec\u00e9 a improvisar pero sent\u00eda que no me gustaba hacerlo.<\/p>\n<p>(John)<\/p>\n<\/div>\n","protected":false},"excerpt":{"rendered":"<p>Des de Juana Dolores EN RESiD\u00c8NCiA a l&#8217;Institut Escola Eixample A la darrera sessi\u00f3 vem fer una activitat molt xula. Primer vam comen\u00e7ar amb acabar de preparar la nostre presentaci\u00f3 sobre EL NOSTRE PARE, despr\u00e9s vem baixar al sal\u00f3 d\u2019actes i vam fer escalfaments, cap a les 10 vem comen\u00e7a a fer les presentacions ens &hellip; <\/p>\n<p class=\"link-more\"><a href=\"https:\/\/blocsenresidencia.bcn.cat\/20232024\/2023\/11\/27\/creacio-de-personatge-els-nostres-pares\/\" class=\"more-link\">Continua llegint <span class=\"screen-reader-text\">\u00abCreaci\u00f3 de personatge: Els nostres pares\u00bb<\/span><\/a><\/p>\n","protected":false},"author":5,"featured_media":0,"comment_status":"closed","ping_status":"closed","sticky":false,"template":"","format":"standard","meta":{"footnotes":""},"categories":[1],"tags":[],"class_list":["post-871","post","type-post","status-publish","format-standard","hentry","category-general"],"_links":{"self":[{"href":"https:\/\/blocsenresidencia.bcn.cat\/20232024\/wp-json\/wp\/v2\/posts\/871","targetHints":{"allow":["GET"]}}],"collection":[{"href":"https:\/\/blocsenresidencia.bcn.cat\/20232024\/wp-json\/wp\/v2\/posts"}],"about":[{"href":"https:\/\/blocsenresidencia.bcn.cat\/20232024\/wp-json\/wp\/v2\/types\/post"}],"author":[{"embeddable":true,"href":"https:\/\/blocsenresidencia.bcn.cat\/20232024\/wp-json\/wp\/v2\/users\/5"}],"replies":[{"embeddable":true,"href":"https:\/\/blocsenresidencia.bcn.cat\/20232024\/wp-json\/wp\/v2\/comments?post=871"}],"version-history":[{"count":0,"href":"https:\/\/blocsenresidencia.bcn.cat\/20232024\/wp-json\/wp\/v2\/posts\/871\/revisions"}],"wp:attachment":[{"href":"https:\/\/blocsenresidencia.bcn.cat\/20232024\/wp-json\/wp\/v2\/media?parent=871"}],"wp:term":[{"taxonomy":"category","embeddable":true,"href":"https:\/\/blocsenresidencia.bcn.cat\/20232024\/wp-json\/wp\/v2\/categories?post=871"},{"taxonomy":"post_tag","embeddable":true,"href":"https:\/\/blocsenresidencia.bcn.cat\/20232024\/wp-json\/wp\/v2\/tags?post=871"}],"curies":[{"name":"wp","href":"https:\/\/api.w.org\/{rel}","templated":true}]}}