{"id":956,"date":"2024-01-27T19:49:35","date_gmt":"2024-01-27T17:49:35","guid":{"rendered":"https:\/\/blocsenresidencia.bcn.cat\/20232024\/2024\/01\/27\/el-meu-espai-de-confort\/"},"modified":"2024-01-27T19:49:35","modified_gmt":"2024-01-27T17:49:35","slug":"el-meu-espai-de-confort","status":"publish","type":"post","link":"https:\/\/blocsenresidencia.bcn.cat\/20232024\/2024\/01\/27\/el-meu-espai-de-confort\/","title":{"rendered":"El Meu espai de confort\u2026"},"content":{"rendered":"<p>Des de <a href=\"https:\/\/blocsenresidencia.bcn.cat\/barribesos2024\/el-meu-espai-de-confort\/\">Oriol Morales i Pujolar EN RESiD\u00c8NCiA a l&#8217;Institut Barri Bes\u00f3s<\/a><\/p>\n<div>\n<p>I aqu\u00ed en teniu d\u2019altres\u2026<\/p>\n<p><strong><em>\u00a0\u00a0MY SAFE PLACE<\/em><\/strong><\/p>\n<p>Dir\u00eda que tengo dos espacios seguros, uno estar con mis seres queridos y el otro, como dir\u00eda mi madre, mi cueva, mi habitaci\u00f3n. All\u00ed paso la mayoria del tiempo, me gusta porque siempre tuve la habitaci\u00f3n compartida con mi hermano, de peque\u00f1os<\/p>\n<p>y ahora tengo mi propio espacio, la habitaci\u00f3n es cuadrada y peque\u00f1a pero con espacio suficiente. Me gusta bailar y all\u00e1 es donde practico y perfecciono mis movimientos, tambi\u00e9n veo pel\u00edculas, series y videos de youtube, hago los deberes y de lo que m\u00e1s me gusta comer y dormir.<\/p>\n<figure class=\"wp-block-image size-full\"><img fetchpriority=\"high\" decoding=\"async\" width=\"1024\" height=\"680\" src=\"https:\/\/blocsenresidencia.bcn.cat\/barribesos2024\/wp-content\/uploads\/2024\/01\/Leslie.jpg\" alt=\"\" class=\"wp-image-367\" srcset=\"https:\/\/blocsenresidencia.bcn.cat\/barribesos2024\/wp-content\/uploads\/2024\/01\/Leslie.jpg 1024w, https:\/\/blocsenresidencia.bcn.cat\/barribesos2024\/wp-content\/uploads\/2024\/01\/Leslie-300x199.jpg 300w, https:\/\/blocsenresidencia.bcn.cat\/barribesos2024\/wp-content\/uploads\/2024\/01\/Leslie-768x510.jpg 768w\" sizes=\"(max-width: 767px) 89vw, (max-width: 1000px) 54vw, (max-width: 1071px) 543px, 580px\"><\/figure>\n<p><strong><em>MI LUGAR IDEAL<\/em><\/strong><\/p>\n<p>Mi lugar ideal es mi habitaci\u00f3n es muy normal, es rectangular de color gris, tengo una cama, un armario, una tele y un tocador.<\/p>\n<p>Para mi, mi habitaci\u00f3n es como mi vida, lo hago todo ah\u00ed como, juego, escucho m\u00fasica, duermo, mucho y muchas m\u00e1s cosas.<\/p>\n<p>Me siento muy segura en mi habitaci\u00f3n, me encanta estar sola y apartada.\u00a0<\/p>\n<figure class=\"wp-block-image size-full\"><img loading=\"lazy\" decoding=\"async\" width=\"664\" height=\"1000\" src=\"https:\/\/blocsenresidencia.bcn.cat\/barribesos2024\/wp-content\/uploads\/2024\/01\/Saray.jpg\" alt=\"\" class=\"wp-image-368\" srcset=\"https:\/\/blocsenresidencia.bcn.cat\/barribesos2024\/wp-content\/uploads\/2024\/01\/Saray.jpg 664w, https:\/\/blocsenresidencia.bcn.cat\/barribesos2024\/wp-content\/uploads\/2024\/01\/Saray-199x300.jpg 199w\" sizes=\"auto, (max-width: 664px) 100vw, 664px\"><\/figure>\n<p><strong>ESPACIO SEGURO<\/strong><\/p>\n<p>Mi lugar seguro son muchos lugares, pero si tuviera que escoger uno, ser\u00eda mi habitaci\u00f3n, porque cuando entro estoy sola.\u00a0<\/p>\n<p>S\u00ed que entran, pero es para dejar algo o decirme algo, etc\u2026<\/p>\n<p>Mi habitaci\u00f3n es cuadrada y es de color celeste. All\u00ed puedo hacer mis cosas sin que me molesten, tocar el teclado, estar con el m\u00f3vil, cuando vienen amigas puedo jugar dentro, sin que me molesten algunos, y, lo m\u00e1s importante ,es que est\u00e1 mi cama, donde puedo dormir y hacer mi siesta de la tarde. Tambi\u00e9n me gusta mucho tener una ventana al lado de la cama y me gusta, ya que veo c\u00f3mo entra el sol y adem\u00e1s tengo un enchufe para el cargador all\u00ed al lado.<\/p>\n<figure class=\"wp-block-image size-large\"><img loading=\"lazy\" decoding=\"async\" width=\"1024\" height=\"1024\" src=\"https:\/\/blocsenresidencia.bcn.cat\/barribesos2024\/wp-content\/uploads\/2024\/01\/Maday-1024x1024.jpg\" alt=\"\" class=\"wp-image-369\" srcset=\"https:\/\/blocsenresidencia.bcn.cat\/barribesos2024\/wp-content\/uploads\/2024\/01\/Maday-1024x1024.jpg 1024w, https:\/\/blocsenresidencia.bcn.cat\/barribesos2024\/wp-content\/uploads\/2024\/01\/Maday-300x300.jpg 300w, https:\/\/blocsenresidencia.bcn.cat\/barribesos2024\/wp-content\/uploads\/2024\/01\/Maday-150x150.jpg 150w, https:\/\/blocsenresidencia.bcn.cat\/barribesos2024\/wp-content\/uploads\/2024\/01\/Maday-768x768.jpg 768w, https:\/\/blocsenresidencia.bcn.cat\/barribesos2024\/wp-content\/uploads\/2024\/01\/Maday-1536x1536.jpg 1536w, https:\/\/blocsenresidencia.bcn.cat\/barribesos2024\/wp-content\/uploads\/2024\/01\/Maday-100x100.jpg 100w, https:\/\/blocsenresidencia.bcn.cat\/barribesos2024\/wp-content\/uploads\/2024\/01\/Maday.jpg 1600w\" sizes=\"auto, (max-width: 767px) 89vw, (max-width: 1000px) 54vw, (max-width: 1071px) 543px, 580px\"><\/figure>\n<\/p>\n<p>El nostre lloc ideal, la nostra cova dels secrets\u2026<\/p>\n<p>Jordi S\u00e1nchez.<\/p>\n<p>Professor.<\/p>\n<p>INS. BARRI BES\u00d2S.<\/p>\n<\/div>\n","protected":false},"excerpt":{"rendered":"<p>Des de Oriol Morales i Pujolar EN RESiD\u00c8NCiA a l&#8217;Institut Barri Bes\u00f3s I aqu\u00ed en teniu d\u2019altres\u2026 \u00a0\u00a0MY SAFE PLACE Dir\u00eda que tengo dos espacios seguros, uno estar con mis seres queridos y el otro, como dir\u00eda mi madre, mi cueva, mi habitaci\u00f3n. All\u00ed paso la mayoria del tiempo, me gusta porque siempre tuve la &hellip; <\/p>\n<p class=\"link-more\"><a href=\"https:\/\/blocsenresidencia.bcn.cat\/20232024\/2024\/01\/27\/el-meu-espai-de-confort\/\" class=\"more-link\">Continua llegint <span class=\"screen-reader-text\">\u00abEl Meu espai de confort\u2026\u00bb<\/span><\/a><\/p>\n","protected":false},"author":5,"featured_media":0,"comment_status":"closed","ping_status":"closed","sticky":false,"template":"","format":"standard","meta":{"footnotes":""},"categories":[1],"tags":[],"class_list":["post-956","post","type-post","status-publish","format-standard","hentry","category-general"],"_links":{"self":[{"href":"https:\/\/blocsenresidencia.bcn.cat\/20232024\/wp-json\/wp\/v2\/posts\/956","targetHints":{"allow":["GET"]}}],"collection":[{"href":"https:\/\/blocsenresidencia.bcn.cat\/20232024\/wp-json\/wp\/v2\/posts"}],"about":[{"href":"https:\/\/blocsenresidencia.bcn.cat\/20232024\/wp-json\/wp\/v2\/types\/post"}],"author":[{"embeddable":true,"href":"https:\/\/blocsenresidencia.bcn.cat\/20232024\/wp-json\/wp\/v2\/users\/5"}],"replies":[{"embeddable":true,"href":"https:\/\/blocsenresidencia.bcn.cat\/20232024\/wp-json\/wp\/v2\/comments?post=956"}],"version-history":[{"count":0,"href":"https:\/\/blocsenresidencia.bcn.cat\/20232024\/wp-json\/wp\/v2\/posts\/956\/revisions"}],"wp:attachment":[{"href":"https:\/\/blocsenresidencia.bcn.cat\/20232024\/wp-json\/wp\/v2\/media?parent=956"}],"wp:term":[{"taxonomy":"category","embeddable":true,"href":"https:\/\/blocsenresidencia.bcn.cat\/20232024\/wp-json\/wp\/v2\/categories?post=956"},{"taxonomy":"post_tag","embeddable":true,"href":"https:\/\/blocsenresidencia.bcn.cat\/20232024\/wp-json\/wp\/v2\/tags?post=956"}],"curies":[{"name":"wp","href":"https:\/\/api.w.org\/{rel}","templated":true}]}}