{"id":965,"date":"2024-01-31T15:44:52","date_gmt":"2024-01-31T13:44:52","guid":{"rendered":"https:\/\/blocsenresidencia.bcn.cat\/20232024\/2024\/01\/31\/preparacio-del-fang\/"},"modified":"2024-01-31T15:44:52","modified_gmt":"2024-01-31T13:44:52","slug":"preparacio-del-fang","status":"publish","type":"post","link":"https:\/\/blocsenresidencia.bcn.cat\/20232024\/2024\/01\/31\/preparacio-del-fang\/","title":{"rendered":"Preparaci\u00f3 del fang"},"content":{"rendered":"<p>Des de <a href=\"https:\/\/blocsenresidencia.bcn.cat\/infantaisabelarago2024\/preparacio-del-fang\/\">Marina Rubio EN RESiD\u00c8NCiA a l&#8217;Institut Infanta Isabel d&#8217;Arag\u00f3<\/a><\/p>\n<div>\n<p>Per poder fer la nostra pe\u00e7a el primer pas era preparar el fang. Per tant, vam fer el procediment d\u2019amassar en petits blocs perqu\u00e8 qued\u00e9s m\u00e9s compacte i que no qued\u00e9s aire en la massa. Una vegada que estigu\u00e9s amassat el vam posar en un marc de fusta per guanyar la forma quadrada caracter\u00edstica de les rajoles. El vam deixar assecar una mica uns dies perqu\u00e8 guanyes una mica de consist\u00e8ncia i poder procedir a fer la nostra obra.<\/p>\n<figure class=\"wp-block-gallery has-nested-images columns-default is-cropped wp-block-gallery-1 is-layout-flex wp-block-gallery-is-layout-flex\">\n<figure class=\"wp-block-image size-large\"><img fetchpriority=\"high\" decoding=\"async\" width=\"768\" height=\"1024\" data-id=\"362\" src=\"https:\/\/blocsenresidencia.bcn.cat\/infantaisabelarago2024\/wp-content\/uploads\/2024\/01\/IMG_1665-1-768x1024.jpg\" alt=\"\" class=\"wp-image-362\" srcset=\"https:\/\/blocsenresidencia.bcn.cat\/infantaisabelarago2024\/wp-content\/uploads\/2024\/01\/IMG_1665-1-768x1024.jpg 768w, https:\/\/blocsenresidencia.bcn.cat\/infantaisabelarago2024\/wp-content\/uploads\/2024\/01\/IMG_1665-1-225x300.jpg 225w, https:\/\/blocsenresidencia.bcn.cat\/infantaisabelarago2024\/wp-content\/uploads\/2024\/01\/IMG_1665-1-1152x1536.jpg 1152w, https:\/\/blocsenresidencia.bcn.cat\/infantaisabelarago2024\/wp-content\/uploads\/2024\/01\/IMG_1665-1-1536x2048.jpg 1536w, https:\/\/blocsenresidencia.bcn.cat\/infantaisabelarago2024\/wp-content\/uploads\/2024\/01\/IMG_1665-1-scaled.jpg 1920w\" sizes=\"(max-width: 767px) 89vw, (max-width: 1000px) 54vw, (max-width: 1071px) 543px, 580px\"><\/figure>\n<figure class=\"wp-block-image size-large\"><img loading=\"lazy\" decoding=\"async\" width=\"768\" height=\"1024\" data-id=\"363\" src=\"https:\/\/blocsenresidencia.bcn.cat\/infantaisabelarago2024\/wp-content\/uploads\/2024\/01\/IMG_1970-768x1024.jpg\" alt=\"\" class=\"wp-image-363\" srcset=\"https:\/\/blocsenresidencia.bcn.cat\/infantaisabelarago2024\/wp-content\/uploads\/2024\/01\/IMG_1970-768x1024.jpg 768w, https:\/\/blocsenresidencia.bcn.cat\/infantaisabelarago2024\/wp-content\/uploads\/2024\/01\/IMG_1970-225x300.jpg 225w, https:\/\/blocsenresidencia.bcn.cat\/infantaisabelarago2024\/wp-content\/uploads\/2024\/01\/IMG_1970-1152x1536.jpg 1152w, https:\/\/blocsenresidencia.bcn.cat\/infantaisabelarago2024\/wp-content\/uploads\/2024\/01\/IMG_1970-1536x2048.jpg 1536w, https:\/\/blocsenresidencia.bcn.cat\/infantaisabelarago2024\/wp-content\/uploads\/2024\/01\/IMG_1970-scaled.jpg 1920w\" sizes=\"auto, (max-width: 767px) 89vw, (max-width: 1000px) 54vw, (max-width: 1071px) 543px, 580px\"><\/figure>\n<\/figure>\n<figure class=\"wp-block-gallery has-nested-images columns-default is-cropped wp-block-gallery-2 is-layout-flex wp-block-gallery-is-layout-flex\"><\/figure>\n<figure class=\"wp-block-video\"><video controls src=\"https:\/\/blocsenresidencia.bcn.cat\/infantaisabelarago2024\/wp-content\/uploads\/2024\/01\/IMG_1672-4.mov\"><\/video><\/figure>\n<\/div>\n","protected":false},"excerpt":{"rendered":"<p>Des de Marina Rubio EN RESiD\u00c8NCiA a l&#8217;Institut Infanta Isabel d&#8217;Arag\u00f3 Per poder fer la nostra pe\u00e7a el primer pas era preparar el fang. Per tant, vam fer el procediment d\u2019amassar en petits blocs perqu\u00e8 qued\u00e9s m\u00e9s compacte i que no qued\u00e9s aire en la massa. Una vegada que estigu\u00e9s amassat el vam posar en &hellip; <\/p>\n<p class=\"link-more\"><a href=\"https:\/\/blocsenresidencia.bcn.cat\/20232024\/2024\/01\/31\/preparacio-del-fang\/\" class=\"more-link\">Continua llegint <span class=\"screen-reader-text\">\u00abPreparaci\u00f3 del fang\u00bb<\/span><\/a><\/p>\n","protected":false},"author":5,"featured_media":0,"comment_status":"closed","ping_status":"closed","sticky":false,"template":"","format":"standard","meta":{"footnotes":""},"categories":[1],"tags":[],"class_list":["post-965","post","type-post","status-publish","format-standard","hentry","category-general"],"_links":{"self":[{"href":"https:\/\/blocsenresidencia.bcn.cat\/20232024\/wp-json\/wp\/v2\/posts\/965","targetHints":{"allow":["GET"]}}],"collection":[{"href":"https:\/\/blocsenresidencia.bcn.cat\/20232024\/wp-json\/wp\/v2\/posts"}],"about":[{"href":"https:\/\/blocsenresidencia.bcn.cat\/20232024\/wp-json\/wp\/v2\/types\/post"}],"author":[{"embeddable":true,"href":"https:\/\/blocsenresidencia.bcn.cat\/20232024\/wp-json\/wp\/v2\/users\/5"}],"replies":[{"embeddable":true,"href":"https:\/\/blocsenresidencia.bcn.cat\/20232024\/wp-json\/wp\/v2\/comments?post=965"}],"version-history":[{"count":0,"href":"https:\/\/blocsenresidencia.bcn.cat\/20232024\/wp-json\/wp\/v2\/posts\/965\/revisions"}],"wp:attachment":[{"href":"https:\/\/blocsenresidencia.bcn.cat\/20232024\/wp-json\/wp\/v2\/media?parent=965"}],"wp:term":[{"taxonomy":"category","embeddable":true,"href":"https:\/\/blocsenresidencia.bcn.cat\/20232024\/wp-json\/wp\/v2\/categories?post=965"},{"taxonomy":"post_tag","embeddable":true,"href":"https:\/\/blocsenresidencia.bcn.cat\/20232024\/wp-json\/wp\/v2\/tags?post=965"}],"curies":[{"name":"wp","href":"https:\/\/api.w.org\/{rel}","templated":true}]}}