{"id":993,"date":"2024-02-28T22:51:56","date_gmt":"2024-02-28T20:51:56","guid":{"rendered":"https:\/\/blocsenresidencia.bcn.cat\/20232024\/2024\/02\/28\/i-ara-que\/"},"modified":"2024-02-28T22:51:56","modified_gmt":"2024-02-28T20:51:56","slug":"i-ara-que","status":"publish","type":"post","link":"https:\/\/blocsenresidencia.bcn.cat\/20232024\/2024\/02\/28\/i-ara-que\/","title":{"rendered":"I ara qu\u00e8?"},"content":{"rendered":"<p>Des de <a href=\"https:\/\/blocsenresidencia.bcn.cat\/sedeta2024\/i-ara-que\/\">Irena Visa EN RESiD\u00c8NCiA a l&#8217;Institut La Sedeta<\/a><\/p>\n<div>\n<p>Una exposici\u00f3 d\u2019objectes trobats que parlen de les expectatives de futur<\/p>\n<p>Aquesta exposici\u00f3 sorgeix d\u2019una manera de pensar que comen\u00e7a de manera individual i que poc a poc veiem que \u00e9s un sentiment col\u00b7lectiu. Tots estem expectants pel nostre futur i aix\u00f2, a estones, es torna en preocupaci\u00f3. Sorgeixen sentiments i emocions que canalitzem de maneres molt diferents i aquesta col\u00b7lecci\u00f3 d\u2019objectes trobats que avui presentem aqu\u00ed la representen molt b\u00e9.<\/p>\n<p>D\u2019una banda veiem la necessitat de preocupar-nos pel nostre futur, tant acad\u00e8mic com laboral. Justament a la classe d\u2019expressi\u00f3 art\u00edstica parlem de com els estudis m\u00e9s relacionats amb les arts s\u00f3n els menys apreciats per la societat. Cal prendre decisions i cal prendre-les ara\u2026 I ara\u2026 qu\u00e8? Qu\u00e8 en fem de la lliberta? De la responsabilitat de triar?<\/p>\n<p>D\u2019altra banda tamb\u00e9 ens trobem amb una futur heretat, fruit del que els altres han deixat abans que nosaltres. Tant des d\u2019un punt de vista ecol\u00f2gic com vital. Qu\u00e8 hem de fer amb el que tenim, amb el que queda? Hi ha espai per alguna cosa nostra? D\u2019alguna manera aquesta exposici\u00f3 tamb\u00e9 parla d\u2019aix\u00f2, d\u2019agafar el que ja hi havia, el que ens han deixat (en aquest cas un conjunt d\u2019objectes existents a la sala de dibuix de l\u2019institut) i apropiar-nos-en per fer el nostre propi discurs.<\/p>\n<p>Finalment aquesta proposta art\u00edstica tamb\u00e9 \u00e9s una manera d\u2019agafar el poder de la narraci\u00f3: poder expressar, a trav\u00e9s de coses que no s\u00f3n nostres, el que nosaltres sentim i ajudar a la resta de la gent a veure les coses des del nostre punt de vista. Si hi penses, un got \u00e9s un got. Nosaltres et podem conv\u00e8ncer de si est\u00e0 mig ple o mig buit.<\/p>\n<figure class=\"wp-block-image size-large\"><img fetchpriority=\"high\" decoding=\"async\" width=\"1024\" height=\"683\" src=\"https:\/\/blocsenresidencia.bcn.cat\/sedeta2024\/wp-content\/uploads\/2024\/02\/240215_sessioProfessorat_51-1024x683.jpg\" alt=\"\" class=\"wp-image-338\" srcset=\"https:\/\/blocsenresidencia.bcn.cat\/sedeta2024\/wp-content\/uploads\/2024\/02\/240215_sessioProfessorat_51-1024x683.jpg 1024w, https:\/\/blocsenresidencia.bcn.cat\/sedeta2024\/wp-content\/uploads\/2024\/02\/240215_sessioProfessorat_51-300x200.jpg 300w, https:\/\/blocsenresidencia.bcn.cat\/sedeta2024\/wp-content\/uploads\/2024\/02\/240215_sessioProfessorat_51-768x512.jpg 768w, https:\/\/blocsenresidencia.bcn.cat\/sedeta2024\/wp-content\/uploads\/2024\/02\/240215_sessioProfessorat_51-1536x1024.jpg 1536w\" sizes=\"(max-width: 767px) 89vw, (max-width: 1000px) 54vw, (max-width: 1071px) 543px, 580px\"><\/figure>\n<figure class=\"wp-block-image size-large\"><img loading=\"lazy\" decoding=\"async\" width=\"1024\" height=\"683\" src=\"https:\/\/blocsenresidencia.bcn.cat\/sedeta2024\/wp-content\/uploads\/2024\/02\/240215_sessioProfessorat_53-1024x683.jpg\" alt=\"\" class=\"wp-image-339\" srcset=\"https:\/\/blocsenresidencia.bcn.cat\/sedeta2024\/wp-content\/uploads\/2024\/02\/240215_sessioProfessorat_53-1024x683.jpg 1024w, https:\/\/blocsenresidencia.bcn.cat\/sedeta2024\/wp-content\/uploads\/2024\/02\/240215_sessioProfessorat_53-300x200.jpg 300w, https:\/\/blocsenresidencia.bcn.cat\/sedeta2024\/wp-content\/uploads\/2024\/02\/240215_sessioProfessorat_53-768x512.jpg 768w, https:\/\/blocsenresidencia.bcn.cat\/sedeta2024\/wp-content\/uploads\/2024\/02\/240215_sessioProfessorat_53-1536x1024.jpg 1536w\" sizes=\"auto, (max-width: 767px) 89vw, (max-width: 1000px) 54vw, (max-width: 1071px) 543px, 580px\"><\/figure>\n<figure class=\"wp-block-gallery has-nested-images columns-default is-cropped wp-block-gallery-1 is-layout-flex wp-block-gallery-is-layout-flex\">\n<figure class=\"wp-block-image size-large\"><img loading=\"lazy\" decoding=\"async\" width=\"1024\" height=\"683\" data-id=\"337\" src=\"https:\/\/blocsenresidencia.bcn.cat\/sedeta2024\/wp-content\/uploads\/2024\/02\/240215_sessioProfessorat_46-1024x683.jpg\" alt=\"\" class=\"wp-image-337\" srcset=\"https:\/\/blocsenresidencia.bcn.cat\/sedeta2024\/wp-content\/uploads\/2024\/02\/240215_sessioProfessorat_46-1024x683.jpg 1024w, https:\/\/blocsenresidencia.bcn.cat\/sedeta2024\/wp-content\/uploads\/2024\/02\/240215_sessioProfessorat_46-300x200.jpg 300w, https:\/\/blocsenresidencia.bcn.cat\/sedeta2024\/wp-content\/uploads\/2024\/02\/240215_sessioProfessorat_46-768x512.jpg 768w, https:\/\/blocsenresidencia.bcn.cat\/sedeta2024\/wp-content\/uploads\/2024\/02\/240215_sessioProfessorat_46-1536x1024.jpg 1536w\" sizes=\"auto, (max-width: 767px) 89vw, (max-width: 1000px) 54vw, (max-width: 1071px) 543px, 580px\"><\/figure>\n<figure class=\"wp-block-image size-large\"><img loading=\"lazy\" decoding=\"async\" width=\"1024\" height=\"683\" data-id=\"336\" src=\"https:\/\/blocsenresidencia.bcn.cat\/sedeta2024\/wp-content\/uploads\/2024\/02\/240215_sessioProfessorat_29-1024x683.jpg\" alt=\"\" class=\"wp-image-336\" srcset=\"https:\/\/blocsenresidencia.bcn.cat\/sedeta2024\/wp-content\/uploads\/2024\/02\/240215_sessioProfessorat_29-1024x683.jpg 1024w, https:\/\/blocsenresidencia.bcn.cat\/sedeta2024\/wp-content\/uploads\/2024\/02\/240215_sessioProfessorat_29-300x200.jpg 300w, https:\/\/blocsenresidencia.bcn.cat\/sedeta2024\/wp-content\/uploads\/2024\/02\/240215_sessioProfessorat_29-768x512.jpg 768w, https:\/\/blocsenresidencia.bcn.cat\/sedeta2024\/wp-content\/uploads\/2024\/02\/240215_sessioProfessorat_29-1536x1024.jpg 1536w\" sizes=\"auto, (max-width: 767px) 89vw, (max-width: 1000px) 54vw, (max-width: 1071px) 543px, 580px\"><\/figure>\n<figure class=\"wp-block-image size-large\"><img loading=\"lazy\" decoding=\"async\" width=\"1024\" height=\"683\" data-id=\"340\" src=\"https:\/\/blocsenresidencia.bcn.cat\/sedeta2024\/wp-content\/uploads\/2024\/02\/240215_sessioProfessorat_53-1-1024x683.jpg\" alt=\"\" class=\"wp-image-340\" srcset=\"https:\/\/blocsenresidencia.bcn.cat\/sedeta2024\/wp-content\/uploads\/2024\/02\/240215_sessioProfessorat_53-1-1024x683.jpg 1024w, https:\/\/blocsenresidencia.bcn.cat\/sedeta2024\/wp-content\/uploads\/2024\/02\/240215_sessioProfessorat_53-1-300x200.jpg 300w, https:\/\/blocsenresidencia.bcn.cat\/sedeta2024\/wp-content\/uploads\/2024\/02\/240215_sessioProfessorat_53-1-768x512.jpg 768w, https:\/\/blocsenresidencia.bcn.cat\/sedeta2024\/wp-content\/uploads\/2024\/02\/240215_sessioProfessorat_53-1-1536x1024.jpg 1536w, https:\/\/blocsenresidencia.bcn.cat\/sedeta2024\/wp-content\/uploads\/2024\/02\/240215_sessioProfessorat_53-1-2048x1365.jpg 2048w\" sizes=\"auto, (max-width: 767px) 89vw, (max-width: 1000px) 54vw, (max-width: 1071px) 543px, 580px\"><\/figure>\n<\/figure>\n<\/div>\n","protected":false},"excerpt":{"rendered":"<p>Des de Irena Visa EN RESiD\u00c8NCiA a l&#8217;Institut La Sedeta Una exposici\u00f3 d\u2019objectes trobats que parlen de les expectatives de futur Aquesta exposici\u00f3 sorgeix d\u2019una manera de pensar que comen\u00e7a de manera individual i que poc a poc veiem que \u00e9s un sentiment col\u00b7lectiu. Tots estem expectants pel nostre futur i aix\u00f2, a estones, es &hellip; <\/p>\n<p class=\"link-more\"><a href=\"https:\/\/blocsenresidencia.bcn.cat\/20232024\/2024\/02\/28\/i-ara-que\/\" class=\"more-link\">Continua llegint <span class=\"screen-reader-text\">\u00abI ara qu\u00e8?\u00bb<\/span><\/a><\/p>\n","protected":false},"author":5,"featured_media":0,"comment_status":"closed","ping_status":"closed","sticky":false,"template":"","format":"standard","meta":{"footnotes":""},"categories":[1],"tags":[],"class_list":["post-993","post","type-post","status-publish","format-standard","hentry","category-general"],"_links":{"self":[{"href":"https:\/\/blocsenresidencia.bcn.cat\/20232024\/wp-json\/wp\/v2\/posts\/993","targetHints":{"allow":["GET"]}}],"collection":[{"href":"https:\/\/blocsenresidencia.bcn.cat\/20232024\/wp-json\/wp\/v2\/posts"}],"about":[{"href":"https:\/\/blocsenresidencia.bcn.cat\/20232024\/wp-json\/wp\/v2\/types\/post"}],"author":[{"embeddable":true,"href":"https:\/\/blocsenresidencia.bcn.cat\/20232024\/wp-json\/wp\/v2\/users\/5"}],"replies":[{"embeddable":true,"href":"https:\/\/blocsenresidencia.bcn.cat\/20232024\/wp-json\/wp\/v2\/comments?post=993"}],"version-history":[{"count":0,"href":"https:\/\/blocsenresidencia.bcn.cat\/20232024\/wp-json\/wp\/v2\/posts\/993\/revisions"}],"wp:attachment":[{"href":"https:\/\/blocsenresidencia.bcn.cat\/20232024\/wp-json\/wp\/v2\/media?parent=993"}],"wp:term":[{"taxonomy":"category","embeddable":true,"href":"https:\/\/blocsenresidencia.bcn.cat\/20232024\/wp-json\/wp\/v2\/categories?post=993"},{"taxonomy":"post_tag","embeddable":true,"href":"https:\/\/blocsenresidencia.bcn.cat\/20232024\/wp-json\/wp\/v2\/tags?post=993"}],"curies":[{"name":"wp","href":"https:\/\/api.w.org\/{rel}","templated":true}]}}