{"id":1,"date":"2022-11-10T12:23:32","date_gmt":"2022-11-10T10:23:32","guid":{"rendered":"https:\/\/blocsenresidencia.bcn.cat\/alzina2023\/?p=1"},"modified":"2022-11-14T17:14:27","modified_gmt":"2022-11-14T15:14:27","slug":"sara-manubens-en-residencia-a-linstitut-lalzina","status":"publish","type":"post","link":"https:\/\/blocsenresidencia.bcn.cat\/alzina2023\/2022\/11\/10\/sara-manubens-en-residencia-a-linstitut-lalzina\/","title":{"rendered":"Sara Manubens EN RESiD\u00c8NCiA a l&#8217;Institut L\u2019Alzina"},"content":{"rendered":"\n<p>Sara Manubens ja ha iniciat el proc\u00e9s de creaci\u00f3 EN RESiD\u00c8NCiA a l&#8217;Institut L&#8217;Alzina, amb un grup d\u2019alumnes de 3r d\u2019ESO, els professors Xavier Calvo i Jes\u00fas Navarro, i amb la mediaci\u00f3 de La Poderosa. En aquest blog podreu anar seguint moments clau d\u2019un proc\u00e9s obert, amb un final no pre-definit. Fins molt aviat!<\/p>\n","protected":false},"excerpt":{"rendered":"<p>Sara Manubens ja ha iniciat el proc\u00e9s de creaci\u00f3 EN RESiD\u00c8NCiA a l&#8217;Institut L&#8217;Alzina, amb un grup d\u2019alumnes de 3r d\u2019ESO, els professors Xavier Calvo i Jes\u00fas Navarro, i amb la mediaci\u00f3 de La Poderosa. En aquest blog podreu anar seguint moments clau d\u2019un proc\u00e9s obert, amb un final no pre-definit. Fins molt aviat!<\/p>\n","protected":false},"author":1,"featured_media":0,"comment_status":"open","ping_status":"open","sticky":false,"template":"","format":"standard","meta":{"footnotes":""},"categories":[1],"tags":[],"class_list":["post-1","post","type-post","status-publish","format-standard","hentry","category-general"],"_links":{"self":[{"href":"https:\/\/blocsenresidencia.bcn.cat\/alzina2023\/wp-json\/wp\/v2\/posts\/1","targetHints":{"allow":["GET"]}}],"collection":[{"href":"https:\/\/blocsenresidencia.bcn.cat\/alzina2023\/wp-json\/wp\/v2\/posts"}],"about":[{"href":"https:\/\/blocsenresidencia.bcn.cat\/alzina2023\/wp-json\/wp\/v2\/types\/post"}],"author":[{"embeddable":true,"href":"https:\/\/blocsenresidencia.bcn.cat\/alzina2023\/wp-json\/wp\/v2\/users\/1"}],"replies":[{"embeddable":true,"href":"https:\/\/blocsenresidencia.bcn.cat\/alzina2023\/wp-json\/wp\/v2\/comments?post=1"}],"version-history":[{"count":1,"href":"https:\/\/blocsenresidencia.bcn.cat\/alzina2023\/wp-json\/wp\/v2\/posts\/1\/revisions"}],"predecessor-version":[{"id":32,"href":"https:\/\/blocsenresidencia.bcn.cat\/alzina2023\/wp-json\/wp\/v2\/posts\/1\/revisions\/32"}],"wp:attachment":[{"href":"https:\/\/blocsenresidencia.bcn.cat\/alzina2023\/wp-json\/wp\/v2\/media?parent=1"}],"wp:term":[{"taxonomy":"category","embeddable":true,"href":"https:\/\/blocsenresidencia.bcn.cat\/alzina2023\/wp-json\/wp\/v2\/categories?post=1"},{"taxonomy":"post_tag","embeddable":true,"href":"https:\/\/blocsenresidencia.bcn.cat\/alzina2023\/wp-json\/wp\/v2\/tags?post=1"}],"curies":[{"name":"wp","href":"https:\/\/api.w.org\/{rel}","templated":true}]}}