{"id":49,"date":"2022-12-19T14:47:28","date_gmt":"2022-12-19T12:47:28","guid":{"rendered":"https:\/\/blocsenresidencia.bcn.cat\/alzina2023\/?p=49"},"modified":"2022-12-19T14:47:28","modified_gmt":"2022-12-19T12:47:28","slug":"mutacions","status":"publish","type":"post","link":"https:\/\/blocsenresidencia.bcn.cat\/alzina2023\/2022\/12\/19\/mutacions\/","title":{"rendered":"MUTACIONS"},"content":{"rendered":"\n<p>Moltes coses han passat aquests dos mesos i mig, i molt r\u00e0pid.\u00a0<\/p>\n\n\n\n<p>Treballem entre tots i vivim els canvis que es generen en el proc\u00e9s amb curiositat.<\/p>\n\n\n\n<figure class=\"wp-block-image size-large\"><img loading=\"lazy\" decoding=\"async\" width=\"1024\" height=\"462\" src=\"https:\/\/blocsenresidencia.bcn.cat\/alzina2023\/wp-content\/uploads\/2022\/12\/1671445824808-1-1024x462.jpg\" alt=\"\" class=\"wp-image-51\" srcset=\"https:\/\/blocsenresidencia.bcn.cat\/alzina2023\/wp-content\/uploads\/2022\/12\/1671445824808-1-1024x462.jpg 1024w, https:\/\/blocsenresidencia.bcn.cat\/alzina2023\/wp-content\/uploads\/2022\/12\/1671445824808-1-300x135.jpg 300w, https:\/\/blocsenresidencia.bcn.cat\/alzina2023\/wp-content\/uploads\/2022\/12\/1671445824808-1-768x346.jpg 768w, https:\/\/blocsenresidencia.bcn.cat\/alzina2023\/wp-content\/uploads\/2022\/12\/1671445824808-1-1536x693.jpg 1536w, https:\/\/blocsenresidencia.bcn.cat\/alzina2023\/wp-content\/uploads\/2022\/12\/1671445824808-1-2048x924.jpg 2048w\" sizes=\"auto, (max-width: 767px) 89vw, (max-width: 1000px) 54vw, (max-width: 1071px) 543px, 580px\" \/><\/figure>\n\n\n\n<p>Ballar, escriure, xerrar, riure, potser cridar&#8230; i mesclar-ho tot per a crear coses\u00a0estranyes, diferents d&#8217;all\u00f2 a que estem acostumats.<\/p>\n\n\n\n<figure class=\"wp-block-image size-large\"><img loading=\"lazy\" decoding=\"async\" width=\"1024\" height=\"462\" src=\"https:\/\/blocsenresidencia.bcn.cat\/alzina2023\/wp-content\/uploads\/2022\/12\/1671445824772-1-1024x462.jpg\" alt=\"\" class=\"wp-image-52\" srcset=\"https:\/\/blocsenresidencia.bcn.cat\/alzina2023\/wp-content\/uploads\/2022\/12\/1671445824772-1-1024x462.jpg 1024w, https:\/\/blocsenresidencia.bcn.cat\/alzina2023\/wp-content\/uploads\/2022\/12\/1671445824772-1-300x135.jpg 300w, https:\/\/blocsenresidencia.bcn.cat\/alzina2023\/wp-content\/uploads\/2022\/12\/1671445824772-1-768x346.jpg 768w, https:\/\/blocsenresidencia.bcn.cat\/alzina2023\/wp-content\/uploads\/2022\/12\/1671445824772-1-1536x693.jpg 1536w, https:\/\/blocsenresidencia.bcn.cat\/alzina2023\/wp-content\/uploads\/2022\/12\/1671445824772-1-2048x924.jpg 2048w\" sizes=\"auto, (max-width: 767px) 89vw, (max-width: 1000px) 54vw, (max-width: 1071px) 543px, 580px\" \/><\/figure>\n\n\n\n<p>Ara la Cami se\u2019ns ha unit amb la c\u00e0mera per enregistrar aquests canvis, aquestes mutacions dels monstres que estem creant.\u00a0<\/p>\n\n\n\n<figure class=\"wp-block-video\"><video controls src=\"https:\/\/blocsenresidencia.bcn.cat\/alzina2023\/wp-content\/uploads\/2022\/12\/VID_20221219_113149.mp4\"><\/video><figcaption class=\"wp-element-caption\">Les passes dels Monstres Col\u00b7lectius. <\/figcaption><\/figure>\n\n\n\n<p><strong>Monstres que mostren<\/strong> coses\u2026 coses que encara no sabem qu\u00e8 s\u00f3n; qu\u00e8 volen, cap a on van o qu\u00e8 busquen?<\/p>\n\n\n\n<figure class=\"wp-block-video\"><video controls src=\"https:\/\/blocsenresidencia.bcn.cat\/alzina2023\/wp-content\/uploads\/2022\/12\/VID_20221219_115429.mp4\"><\/video><figcaption class=\"wp-element-caption\">Preparant coreografies rituals, o eren rituals  coreogr\u00e0fics? . <\/figcaption><\/figure>\n\n\n\n<p>Monstres que no tenen perqu\u00e8 ser de pel\u00b7l\u00edcules de por i terror, el g\u00e8nere cinematogr\u00e0fic tamb\u00e9 pot mutar. Monstres que volem ajudar que surtin a la llum.\u00a0<\/p>\n\n\n\n<p>De moment continuarem treballant aquestes festes amb les coreografies que hem preparat amb la Sara. L\u2019any vinent\u2026 donarem la benvinguda a la Mutaci\u00f3!!<\/p>\n","protected":false},"excerpt":{"rendered":"<p>Moltes coses han passat aquests dos mesos i mig, i molt r\u00e0pid.\u00a0 Treballem entre tots i vivim els canvis que es generen en el proc\u00e9s amb curiositat. Ballar, escriure, xerrar, riure, potser cridar&#8230; i mesclar-ho tot per a crear coses\u00a0estranyes, diferents d&#8217;all\u00f2 a que estem acostumats. Ara la Cami se\u2019ns ha unit amb la c\u00e0mera &hellip; <\/p>\n<p class=\"link-more\"><a href=\"https:\/\/blocsenresidencia.bcn.cat\/alzina2023\/2022\/12\/19\/mutacions\/\" class=\"more-link\">Continua llegint <span class=\"screen-reader-text\">\u00abMUTACIONS\u00bb<\/span><\/a><\/p>\n","protected":false},"author":5,"featured_media":0,"comment_status":"open","ping_status":"open","sticky":false,"template":"","format":"standard","meta":{"footnotes":""},"categories":[1],"tags":[],"class_list":["post-49","post","type-post","status-publish","format-standard","hentry","category-general"],"_links":{"self":[{"href":"https:\/\/blocsenresidencia.bcn.cat\/alzina2023\/wp-json\/wp\/v2\/posts\/49","targetHints":{"allow":["GET"]}}],"collection":[{"href":"https:\/\/blocsenresidencia.bcn.cat\/alzina2023\/wp-json\/wp\/v2\/posts"}],"about":[{"href":"https:\/\/blocsenresidencia.bcn.cat\/alzina2023\/wp-json\/wp\/v2\/types\/post"}],"author":[{"embeddable":true,"href":"https:\/\/blocsenresidencia.bcn.cat\/alzina2023\/wp-json\/wp\/v2\/users\/5"}],"replies":[{"embeddable":true,"href":"https:\/\/blocsenresidencia.bcn.cat\/alzina2023\/wp-json\/wp\/v2\/comments?post=49"}],"version-history":[{"count":2,"href":"https:\/\/blocsenresidencia.bcn.cat\/alzina2023\/wp-json\/wp\/v2\/posts\/49\/revisions"}],"predecessor-version":[{"id":55,"href":"https:\/\/blocsenresidencia.bcn.cat\/alzina2023\/wp-json\/wp\/v2\/posts\/49\/revisions\/55"}],"wp:attachment":[{"href":"https:\/\/blocsenresidencia.bcn.cat\/alzina2023\/wp-json\/wp\/v2\/media?parent=49"}],"wp:term":[{"taxonomy":"category","embeddable":true,"href":"https:\/\/blocsenresidencia.bcn.cat\/alzina2023\/wp-json\/wp\/v2\/categories?post=49"},{"taxonomy":"post_tag","embeddable":true,"href":"https:\/\/blocsenresidencia.bcn.cat\/alzina2023\/wp-json\/wp\/v2\/tags?post=49"}],"curies":[{"name":"wp","href":"https:\/\/api.w.org\/{rel}","templated":true}]}}