{"id":302,"date":"2023-11-30T11:21:07","date_gmt":"2023-11-30T09:21:07","guid":{"rendered":"https:\/\/blocsenresidencia.bcn.cat\/alzina2024\/?p=302"},"modified":"2023-11-30T11:22:25","modified_gmt":"2023-11-30T09:22:25","slug":"que-fem-cap-a-on-anem","status":"publish","type":"post","link":"https:\/\/blocsenresidencia.bcn.cat\/alzina2024\/que-fem-cap-a-on-anem\/","title":{"rendered":"QU\u00c8 FEM? CAP A ON ANEM?"},"content":{"rendered":"\n<p>Som l\u2019alumnat de 3r que participa en aquesta optativa i volem dedicar aquesta primera entrada del blog a fer una petita introducci\u00f3 tractant d&#8217;explicant qu\u00e8 fem i amb qui.\u00a0<\/p>\n\n\n\n<figure class=\"wp-block-image size-large\"><img loading=\"lazy\" decoding=\"async\" width=\"1024\" height=\"768\" src=\"https:\/\/blocsenresidencia.bcn.cat\/alzina2024\/wp-content\/uploads\/2023\/11\/IMG_20231120_131352-1024x768.jpg\" alt=\"\" class=\"wp-image-303\" srcset=\"https:\/\/blocsenresidencia.bcn.cat\/alzina2024\/wp-content\/uploads\/2023\/11\/IMG_20231120_131352-1024x768.jpg 1024w, https:\/\/blocsenresidencia.bcn.cat\/alzina2024\/wp-content\/uploads\/2023\/11\/IMG_20231120_131352-300x225.jpg 300w, https:\/\/blocsenresidencia.bcn.cat\/alzina2024\/wp-content\/uploads\/2023\/11\/IMG_20231120_131352-768x576.jpg 768w, https:\/\/blocsenresidencia.bcn.cat\/alzina2024\/wp-content\/uploads\/2023\/11\/IMG_20231120_131352-1536x1152.jpg 1536w, https:\/\/blocsenresidencia.bcn.cat\/alzina2024\/wp-content\/uploads\/2023\/11\/IMG_20231120_131352-2048x1536.jpg 2048w\" sizes=\"auto, (max-width: 767px) 89vw, (max-width: 1000px) 54vw, (max-width: 1071px) 543px, 580px\" \/><\/figure>\n\n\n\n<p>Aquest curs estem treballant amb la Lucia del Greco, que \u00e9s fil\u00f2loga, escriptora i directora teatral.<\/p>\n\n\n\n<figure class=\"wp-block-image size-large\"><img loading=\"lazy\" decoding=\"async\" width=\"1024\" height=\"462\" src=\"https:\/\/blocsenresidencia.bcn.cat\/alzina2024\/wp-content\/uploads\/2023\/11\/1701334474147-1024x462.jpg\" alt=\"\" class=\"wp-image-305\" srcset=\"https:\/\/blocsenresidencia.bcn.cat\/alzina2024\/wp-content\/uploads\/2023\/11\/1701334474147-1024x462.jpg 1024w, https:\/\/blocsenresidencia.bcn.cat\/alzina2024\/wp-content\/uploads\/2023\/11\/1701334474147-300x135.jpg 300w, https:\/\/blocsenresidencia.bcn.cat\/alzina2024\/wp-content\/uploads\/2023\/11\/1701334474147-768x346.jpg 768w, https:\/\/blocsenresidencia.bcn.cat\/alzina2024\/wp-content\/uploads\/2023\/11\/1701334474147-1536x693.jpg 1536w, https:\/\/blocsenresidencia.bcn.cat\/alzina2024\/wp-content\/uploads\/2023\/11\/1701334474147-2048x924.jpg 2048w\" sizes=\"auto, (max-width: 767px) 89vw, (max-width: 1000px) 54vw, (max-width: 1071px) 543px, 580px\" \/><\/figure>\n\n\n\n<p> De moment estem fent moltes activitats relacionades amb la creaci\u00f3 de confian\u00e7a i din\u00e0miques de relaxaci\u00f3.&nbsp;<\/p>\n\n\n\n<figure class=\"wp-block-image size-large\"><img loading=\"lazy\" decoding=\"async\" width=\"1024\" height=\"768\" src=\"https:\/\/blocsenresidencia.bcn.cat\/alzina2024\/wp-content\/uploads\/2023\/11\/1701333729995-1024x768.jpg\" alt=\"\" class=\"wp-image-304\" srcset=\"https:\/\/blocsenresidencia.bcn.cat\/alzina2024\/wp-content\/uploads\/2023\/11\/1701333729995-1024x768.jpg 1024w, https:\/\/blocsenresidencia.bcn.cat\/alzina2024\/wp-content\/uploads\/2023\/11\/1701333729995-300x225.jpg 300w, https:\/\/blocsenresidencia.bcn.cat\/alzina2024\/wp-content\/uploads\/2023\/11\/1701333729995-768x576.jpg 768w, https:\/\/blocsenresidencia.bcn.cat\/alzina2024\/wp-content\/uploads\/2023\/11\/1701333729995-1536x1152.jpg 1536w, https:\/\/blocsenresidencia.bcn.cat\/alzina2024\/wp-content\/uploads\/2023\/11\/1701333729995-2048x1536.jpg 2048w\" sizes=\"auto, (max-width: 767px) 89vw, (max-width: 1000px) 54vw, (max-width: 1071px) 543px, 580px\" \/><\/figure>\n\n\n\n<p>Encara no sabem quin ser\u00e0 el producte final, tampoc tenim clar qu\u00e8 estem fent, per\u00f2 imaginem que aquestes sessions d&#8217;iniciaci\u00f3 amb la Lucia ens ajudaran  entendreu.<\/p>\n","protected":false},"excerpt":{"rendered":"<p>Som l\u2019alumnat de 3r que participa en aquesta optativa i volem dedicar aquesta primera entrada del blog a fer una petita introducci\u00f3 tractant d&#8217;explicant qu\u00e8 fem i amb qui.\u00a0 Aquest curs estem treballant amb la Lucia del Greco, que \u00e9s fil\u00f2loga, escriptora i directora teatral. De moment estem fent moltes activitats relacionades amb la creaci\u00f3 &hellip; <\/p>\n<p class=\"link-more\"><a href=\"https:\/\/blocsenresidencia.bcn.cat\/alzina2024\/que-fem-cap-a-on-anem\/\" class=\"more-link\">Continua llegint <span class=\"screen-reader-text\">\u00abQU\u00c8 FEM? CAP A ON ANEM?\u00bb<\/span><\/a><\/p>\n","protected":false},"author":11,"featured_media":0,"comment_status":"open","ping_status":"open","sticky":false,"template":"","format":"standard","meta":{"footnotes":""},"categories":[1],"tags":[],"class_list":["post-302","post","type-post","status-publish","format-standard","hentry","category-general"],"_links":{"self":[{"href":"https:\/\/blocsenresidencia.bcn.cat\/alzina2024\/wp-json\/wp\/v2\/posts\/302","targetHints":{"allow":["GET"]}}],"collection":[{"href":"https:\/\/blocsenresidencia.bcn.cat\/alzina2024\/wp-json\/wp\/v2\/posts"}],"about":[{"href":"https:\/\/blocsenresidencia.bcn.cat\/alzina2024\/wp-json\/wp\/v2\/types\/post"}],"author":[{"embeddable":true,"href":"https:\/\/blocsenresidencia.bcn.cat\/alzina2024\/wp-json\/wp\/v2\/users\/11"}],"replies":[{"embeddable":true,"href":"https:\/\/blocsenresidencia.bcn.cat\/alzina2024\/wp-json\/wp\/v2\/comments?post=302"}],"version-history":[{"count":2,"href":"https:\/\/blocsenresidencia.bcn.cat\/alzina2024\/wp-json\/wp\/v2\/posts\/302\/revisions"}],"predecessor-version":[{"id":307,"href":"https:\/\/blocsenresidencia.bcn.cat\/alzina2024\/wp-json\/wp\/v2\/posts\/302\/revisions\/307"}],"wp:attachment":[{"href":"https:\/\/blocsenresidencia.bcn.cat\/alzina2024\/wp-json\/wp\/v2\/media?parent=302"}],"wp:term":[{"taxonomy":"category","embeddable":true,"href":"https:\/\/blocsenresidencia.bcn.cat\/alzina2024\/wp-json\/wp\/v2\/categories?post=302"},{"taxonomy":"post_tag","embeddable":true,"href":"https:\/\/blocsenresidencia.bcn.cat\/alzina2024\/wp-json\/wp\/v2\/tags?post=302"}],"curies":[{"name":"wp","href":"https:\/\/api.w.org\/{rel}","templated":true}]}}