{"id":334,"date":"2024-03-06T12:16:42","date_gmt":"2024-03-06T10:16:42","guid":{"rendered":"https:\/\/blocsenresidencia.bcn.cat\/alzina2024\/?p=334"},"modified":"2024-03-06T12:16:42","modified_gmt":"2024-03-06T10:16:42","slug":"preparant-la-sessio-dobertura","status":"publish","type":"post","link":"https:\/\/blocsenresidencia.bcn.cat\/alzina2024\/preparant-la-sessio-dobertura\/","title":{"rendered":"PREPARANT LA\u00a0SESSI\u00d3\u00a0D&#8217;OBERTURA"},"content":{"rendered":"\n<p>Aquests dies estem preparant la sessi\u00f3 oberta que oferirem al claustre i la resta de la comunitat educativa aquest dimecres. <\/p>\n\n\n\n<figure class=\"wp-block-image size-large\"><img loading=\"lazy\" decoding=\"async\" width=\"1024\" height=\"462\" src=\"https:\/\/blocsenresidencia.bcn.cat\/alzina2024\/wp-content\/uploads\/2024\/03\/1709717970868-1024x462.jpg\" alt=\"\" class=\"wp-image-337\" srcset=\"https:\/\/blocsenresidencia.bcn.cat\/alzina2024\/wp-content\/uploads\/2024\/03\/1709717970868-1024x462.jpg 1024w, https:\/\/blocsenresidencia.bcn.cat\/alzina2024\/wp-content\/uploads\/2024\/03\/1709717970868-300x135.jpg 300w, https:\/\/blocsenresidencia.bcn.cat\/alzina2024\/wp-content\/uploads\/2024\/03\/1709717970868-768x346.jpg 768w, https:\/\/blocsenresidencia.bcn.cat\/alzina2024\/wp-content\/uploads\/2024\/03\/1709717970868-1536x693.jpg 1536w, https:\/\/blocsenresidencia.bcn.cat\/alzina2024\/wp-content\/uploads\/2024\/03\/1709717970868-2048x924.jpg 2048w\" sizes=\"auto, (max-width: 767px) 89vw, (max-width: 1000px) 54vw, (max-width: 1071px) 543px, 580px\" \/><\/figure>\n\n\n\n<p>Hem fet for\u00e7a retocs al text que hav\u00edem anat preparant durant les sessions anteriors i hem afegit noves propostes que hem elaborat entre totes.<\/p>\n\n\n\n<figure class=\"wp-block-image size-large\"><img loading=\"lazy\" decoding=\"async\" width=\"1024\" height=\"462\" src=\"https:\/\/blocsenresidencia.bcn.cat\/alzina2024\/wp-content\/uploads\/2024\/03\/1708030631487-1024x462.jpg\" alt=\"\" class=\"wp-image-338\" srcset=\"https:\/\/blocsenresidencia.bcn.cat\/alzina2024\/wp-content\/uploads\/2024\/03\/1708030631487-1024x462.jpg 1024w, https:\/\/blocsenresidencia.bcn.cat\/alzina2024\/wp-content\/uploads\/2024\/03\/1708030631487-300x135.jpg 300w, https:\/\/blocsenresidencia.bcn.cat\/alzina2024\/wp-content\/uploads\/2024\/03\/1708030631487-768x346.jpg 768w, https:\/\/blocsenresidencia.bcn.cat\/alzina2024\/wp-content\/uploads\/2024\/03\/1708030631487-1536x693.jpg 1536w, https:\/\/blocsenresidencia.bcn.cat\/alzina2024\/wp-content\/uploads\/2024\/03\/1708030631487-2048x924.jpg 2048w\" sizes=\"auto, (max-width: 767px) 89vw, (max-width: 1000px) 54vw, (max-width: 1071px) 543px, 580px\" \/><\/figure>\n\n\n\n<p>La Lucia, incansable, ho coordina tot\u00a0en tot moment. Tenim moltes ganes de mostrar el que estem fent a &#8220;En resid\u00e8ncia&#8221;. <\/p>\n\n\n\n<figure class=\"wp-block-image size-large\"><img loading=\"lazy\" decoding=\"async\" width=\"1024\" height=\"462\" src=\"https:\/\/blocsenresidencia.bcn.cat\/alzina2024\/wp-content\/uploads\/2024\/03\/1708030631374-1024x462.jpg\" alt=\"\" class=\"wp-image-339\" srcset=\"https:\/\/blocsenresidencia.bcn.cat\/alzina2024\/wp-content\/uploads\/2024\/03\/1708030631374-1024x462.jpg 1024w, https:\/\/blocsenresidencia.bcn.cat\/alzina2024\/wp-content\/uploads\/2024\/03\/1708030631374-300x135.jpg 300w, https:\/\/blocsenresidencia.bcn.cat\/alzina2024\/wp-content\/uploads\/2024\/03\/1708030631374-768x346.jpg 768w, https:\/\/blocsenresidencia.bcn.cat\/alzina2024\/wp-content\/uploads\/2024\/03\/1708030631374-1536x693.jpg 1536w, https:\/\/blocsenresidencia.bcn.cat\/alzina2024\/wp-content\/uploads\/2024\/03\/1708030631374-2048x924.jpg 2048w\" sizes=\"auto, (max-width: 767px) 89vw, (max-width: 1000px) 54vw, (max-width: 1071px) 543px, 580px\" \/><\/figure>\n\n\n\n<p>Ara comencem a sentir nervis de deb\u00f2, i aix\u00f2 que encara quedem m\u00e9s de dos mesos per estrenar de veritat!<\/p>\n","protected":false},"excerpt":{"rendered":"<p>Aquests dies estem preparant la sessi\u00f3 oberta que oferirem al claustre i la resta de la comunitat educativa aquest dimecres. Hem fet for\u00e7a retocs al text que hav\u00edem anat preparant durant les sessions anteriors i hem afegit noves propostes que hem elaborat entre totes. La Lucia, incansable, ho coordina tot\u00a0en tot moment. Tenim moltes ganes &hellip; <\/p>\n<p class=\"link-more\"><a href=\"https:\/\/blocsenresidencia.bcn.cat\/alzina2024\/preparant-la-sessio-dobertura\/\" class=\"more-link\">Continua llegint <span class=\"screen-reader-text\">\u00abPREPARANT LA\u00a0SESSI\u00d3\u00a0D&#8217;OBERTURA\u00bb<\/span><\/a><\/p>\n","protected":false},"author":11,"featured_media":0,"comment_status":"open","ping_status":"open","sticky":false,"template":"","format":"standard","meta":{"footnotes":""},"categories":[1],"tags":[],"class_list":["post-334","post","type-post","status-publish","format-standard","hentry","category-general"],"_links":{"self":[{"href":"https:\/\/blocsenresidencia.bcn.cat\/alzina2024\/wp-json\/wp\/v2\/posts\/334","targetHints":{"allow":["GET"]}}],"collection":[{"href":"https:\/\/blocsenresidencia.bcn.cat\/alzina2024\/wp-json\/wp\/v2\/posts"}],"about":[{"href":"https:\/\/blocsenresidencia.bcn.cat\/alzina2024\/wp-json\/wp\/v2\/types\/post"}],"author":[{"embeddable":true,"href":"https:\/\/blocsenresidencia.bcn.cat\/alzina2024\/wp-json\/wp\/v2\/users\/11"}],"replies":[{"embeddable":true,"href":"https:\/\/blocsenresidencia.bcn.cat\/alzina2024\/wp-json\/wp\/v2\/comments?post=334"}],"version-history":[{"count":1,"href":"https:\/\/blocsenresidencia.bcn.cat\/alzina2024\/wp-json\/wp\/v2\/posts\/334\/revisions"}],"predecessor-version":[{"id":340,"href":"https:\/\/blocsenresidencia.bcn.cat\/alzina2024\/wp-json\/wp\/v2\/posts\/334\/revisions\/340"}],"wp:attachment":[{"href":"https:\/\/blocsenresidencia.bcn.cat\/alzina2024\/wp-json\/wp\/v2\/media?parent=334"}],"wp:term":[{"taxonomy":"category","embeddable":true,"href":"https:\/\/blocsenresidencia.bcn.cat\/alzina2024\/wp-json\/wp\/v2\/categories?post=334"},{"taxonomy":"post_tag","embeddable":true,"href":"https:\/\/blocsenresidencia.bcn.cat\/alzina2024\/wp-json\/wp\/v2\/tags?post=334"}],"curies":[{"name":"wp","href":"https:\/\/api.w.org\/{rel}","templated":true}]}}