{"id":123,"date":"2023-03-20T13:55:00","date_gmt":"2023-03-20T11:55:00","guid":{"rendered":"https:\/\/blocsenresidencia.bcn.cat\/antaviana2023\/?p=123"},"modified":"2023-03-30T12:53:45","modified_gmt":"2023-03-30T10:53:45","slug":"va-de-cinema-somnis-i-gravacions-primera-sessio-amb-el-leon","status":"publish","type":"post","link":"https:\/\/blocsenresidencia.bcn.cat\/antaviana2023\/2023\/03\/20\/va-de-cinema-somnis-i-gravacions-primera-sessio-amb-el-leon\/","title":{"rendered":"Va de cinema. Somnis i gravacions (Primera Sessi\u00f3 amb el Le\u00f3n)"},"content":{"rendered":"\n<p>En aquesta sessi\u00f3 va venir un cineasta, es deia Le\u00f3n.<\/p>\n\n\n\n<p>La finalitat d\u2019aquesta sessi\u00f3 era aprendre a fer i a diferenciar diferents plans i&nbsp; angles de gravaci\u00f3.<\/p>\n\n\n\n<p>Primer, ell es va presentar i va presentar una mica a qu\u00e8 es dedicava.<\/p>\n\n\n\n<p>Per comen\u00e7ar vam organitzar la classe en parelles o trios. Quan ja est\u00e0vem distribu\u00efts, ens va posar una presentaci\u00f3 on ensenyava els diferents angles i plans de gravaci\u00f3.<\/p>\n\n\n\n<p>Ens va posar el tros d&#8217;una pel.l\u00edcula i el vam analitzar, comentant tots els angles i plans, l\u2019escenari, els colors, la m\u00fasica\u2026Ens va explicar les parts que t\u00e9 la filmaci\u00f3 d\u2019una pel\u00b7l\u00edcula: preproducci\u00f3, producci\u00f3 i postproducci\u00f3-<\/p>\n\n\n\n<figure class=\"wp-block-image size-large\"><img loading=\"lazy\" decoding=\"async\" width=\"1024\" height=\"768\" src=\"https:\/\/blocsenresidencia.bcn.cat\/antaviana2023\/wp-content\/uploads\/2023\/03\/20230315_153248-1024x768.jpg\" alt=\"\" class=\"wp-image-127\" srcset=\"https:\/\/blocsenresidencia.bcn.cat\/antaviana2023\/wp-content\/uploads\/2023\/03\/20230315_153248-1024x768.jpg 1024w, https:\/\/blocsenresidencia.bcn.cat\/antaviana2023\/wp-content\/uploads\/2023\/03\/20230315_153248-300x225.jpg 300w, https:\/\/blocsenresidencia.bcn.cat\/antaviana2023\/wp-content\/uploads\/2023\/03\/20230315_153248-768x576.jpg 768w, https:\/\/blocsenresidencia.bcn.cat\/antaviana2023\/wp-content\/uploads\/2023\/03\/20230315_153248-1536x1152.jpg 1536w, https:\/\/blocsenresidencia.bcn.cat\/antaviana2023\/wp-content\/uploads\/2023\/03\/20230315_153248-2048x1536.jpg 2048w\" sizes=\"auto, (max-width: 767px) 89vw, (max-width: 1000px) 54vw, (max-width: 1071px) 543px, 580px\" \/><\/figure>\n\n\n\n<p>La preproducci\u00f3 \u00e9s la part m\u00e9s llarga, on es planteja la pel.l\u00edcula, la s\u00e8rie, el curtmetratge\u2026 Es parla de tot el que faran: dels actors i les actrius, del material, de la roba, dels escenaris\u2026<\/p>\n\n\n\n<p>La producci\u00f3 \u00e9s la part on es grava i potser la part m\u00e9s curta.<\/p>\n\n\n\n<p>La postproducci\u00f3 \u00e9s la part on s\u2019edita, on es solucionen els errors que no s\u2019han vist\u2026<\/p>\n\n\n\n<p><strong>PREPRODUCCI\u00d3<\/strong><\/p>\n\n\n\n<p>Despr\u00e9s d\u2019aquesta presentaci\u00f3, amb el meu grup, que era la Paula, vam pensar com interpretar el meu somni, utilitzant els diferents plans, fent un gui\u00f3 parlant de qui actuava, en quin espai ho gravar\u00edem\u2026<\/p>\n\n\n\n<p>Quan ja tots els grups ho hav\u00edem pensat, vam explicar-li al Le\u00f3n la nostra idea, i ens va ajudar a millorar-la.<\/p>\n\n\n\n<p><strong>PRODUCCI\u00d3<\/strong><\/p>\n\n\n\n<p>Despr\u00e9s vam passar a la producci\u00f3 d\u2019aquest v\u00eddeo, vam sortir a l&#8217;amfiteatre i cada grup va gravar el seu v\u00eddeo. A nosaltres se\u2019ns va complicar, perqu\u00e8 no ten\u00edem ben clares les idees, per\u00f2 al final el Le\u00f3n ens va gravar i ens va ajudar a aclarir els dubtes que ten\u00edem.<\/p>\n\n\n\n<p><strong>POSTPRODUCCI\u00d3<\/strong><\/p>\n\n\n\n<p>Quan tots el grups tenien ja totes les gravacions fetes, vam tornar a l\u2019aula on el Le\u00f3n va utilitzar una programa al seu ordinador per posar juntes totes les peces gravades. Ens va explicar el funcionament del programa i va comen\u00e7ar a editar pel nostre video. Ens va muntar el comen\u00e7ament del v\u00eddeo. Aix\u00f2 tamb\u00e9 ho va fer amb els altres grups, va muntar els comen\u00e7aments del v\u00eddeo dels tres grups.<\/p>\n\n\n\n<figure class=\"wp-block-image size-large\"><img loading=\"lazy\" decoding=\"async\" width=\"1024\" height=\"768\" src=\"https:\/\/blocsenresidencia.bcn.cat\/antaviana2023\/wp-content\/uploads\/2023\/03\/20230315_161832-1-1024x768.jpg\" alt=\"\" class=\"wp-image-130\" srcset=\"https:\/\/blocsenresidencia.bcn.cat\/antaviana2023\/wp-content\/uploads\/2023\/03\/20230315_161832-1-1024x768.jpg 1024w, https:\/\/blocsenresidencia.bcn.cat\/antaviana2023\/wp-content\/uploads\/2023\/03\/20230315_161832-1-300x225.jpg 300w, https:\/\/blocsenresidencia.bcn.cat\/antaviana2023\/wp-content\/uploads\/2023\/03\/20230315_161832-1-768x576.jpg 768w, https:\/\/blocsenresidencia.bcn.cat\/antaviana2023\/wp-content\/uploads\/2023\/03\/20230315_161832-1-1536x1152.jpg 1536w, https:\/\/blocsenresidencia.bcn.cat\/antaviana2023\/wp-content\/uploads\/2023\/03\/20230315_161832-1-2048x1536.jpg 2048w\" sizes=\"auto, (max-width: 767px) 89vw, (max-width: 1000px) 54vw, (max-width: 1071px) 543px, 580px\" \/><\/figure>\n","protected":false},"excerpt":{"rendered":"<p>En aquesta sessi\u00f3 va venir un cineasta, es deia Le\u00f3n. La finalitat d\u2019aquesta sessi\u00f3 era aprendre a fer i a diferenciar diferents plans i&nbsp; angles de gravaci\u00f3. Primer, ell es va presentar i va presentar una mica a qu\u00e8 es dedicava. Per comen\u00e7ar vam organitzar la classe en parelles o trios. Quan ja est\u00e0vem distribu\u00efts, &hellip; <\/p>\n<p class=\"link-more\"><a href=\"https:\/\/blocsenresidencia.bcn.cat\/antaviana2023\/2023\/03\/20\/va-de-cinema-somnis-i-gravacions-primera-sessio-amb-el-leon\/\" class=\"more-link\">Continua llegint <span class=\"screen-reader-text\">\u00abVa de cinema. Somnis i gravacions (Primera Sessi\u00f3 amb el Le\u00f3n)\u00bb<\/span><\/a><\/p>\n","protected":false},"author":5,"featured_media":0,"comment_status":"open","ping_status":"open","sticky":false,"template":"","format":"standard","meta":{"footnotes":""},"categories":[1],"tags":[],"class_list":["post-123","post","type-post","status-publish","format-standard","hentry","category-general"],"_links":{"self":[{"href":"https:\/\/blocsenresidencia.bcn.cat\/antaviana2023\/wp-json\/wp\/v2\/posts\/123","targetHints":{"allow":["GET"]}}],"collection":[{"href":"https:\/\/blocsenresidencia.bcn.cat\/antaviana2023\/wp-json\/wp\/v2\/posts"}],"about":[{"href":"https:\/\/blocsenresidencia.bcn.cat\/antaviana2023\/wp-json\/wp\/v2\/types\/post"}],"author":[{"embeddable":true,"href":"https:\/\/blocsenresidencia.bcn.cat\/antaviana2023\/wp-json\/wp\/v2\/users\/5"}],"replies":[{"embeddable":true,"href":"https:\/\/blocsenresidencia.bcn.cat\/antaviana2023\/wp-json\/wp\/v2\/comments?post=123"}],"version-history":[{"count":2,"href":"https:\/\/blocsenresidencia.bcn.cat\/antaviana2023\/wp-json\/wp\/v2\/posts\/123\/revisions"}],"predecessor-version":[{"id":131,"href":"https:\/\/blocsenresidencia.bcn.cat\/antaviana2023\/wp-json\/wp\/v2\/posts\/123\/revisions\/131"}],"wp:attachment":[{"href":"https:\/\/blocsenresidencia.bcn.cat\/antaviana2023\/wp-json\/wp\/v2\/media?parent=123"}],"wp:term":[{"taxonomy":"category","embeddable":true,"href":"https:\/\/blocsenresidencia.bcn.cat\/antaviana2023\/wp-json\/wp\/v2\/categories?post=123"},{"taxonomy":"post_tag","embeddable":true,"href":"https:\/\/blocsenresidencia.bcn.cat\/antaviana2023\/wp-json\/wp\/v2\/tags?post=123"}],"curies":[{"name":"wp","href":"https:\/\/api.w.org\/{rel}","templated":true}]}}